{"id":13768,"date":"2022-10-03T18:54:51","date_gmt":"2022-10-03T16:54:51","guid":{"rendered":"https:\/\/wp.muchomaas.com\/article-premier-tour-de-l-election-presidentielle-au-bresil-lula-a-de-l-avance-et\/"},"modified":"2023-06-24T00:32:04","modified_gmt":"2023-06-23T22:32:04","slug":"article-premier-tour-de-l-election-presidentielle-au-bresil-lula-a-de-l-avance-et","status":"publish","type":"post","link":"https:\/\/archives.regards.fr\/?p=13768","title":{"rendered":"Pr\u00e9sidentielle au Br\u00e9sil : \u00ab Lula a de l&#8217;avance et gagnera probablement \u00bb"},"content":{"rendered":"<p class=\"post_excerpt\">Le candidat du Parti des Travailleurs est arriv\u00e9 en t\u00eate au Br\u00e9sil. Mais Jair Bolsonaro r\u00e9siste et assoit son emprise sur le S\u00e9nat et la Chambre des d\u00e9put\u00e9s. Jean Tible, professeur de sciences politiques \u00e0 l&#8217;universit\u00e9 de Sao Paulo, est l&#8217;invit\u00e9 de #LaMidinale.\n<\/p>\n<p><iframe loading=\"lazy\" width=\"490\" height=\"276\" src=\"https:\/\/www.youtube.com\/embed\/VZD-dre6kXE\" title=\"YouTube video player\" frameborder=\"0\" allow=\"accelerometer; autoplay; clipboard-write; encrypted-media; gyroscope; picture-in-picture\" allowfullscreen><\/iframe><div id='gallery-1' class='gallery galleryid-13768 gallery-columns-3 gallery-size-thumbnail'><figure class='gallery-item'>\n\t\t\t<div class='gallery-icon landscape'>\n\t\t\t\t<a href='https:\/\/archives.regards.fr\/wp-content\/uploads\/2022\/10\/article_midinale-137-523.png'><img loading=\"lazy\" decoding=\"async\" width=\"150\" height=\"150\" src=\"https:\/\/archives.regards.fr\/wp-content\/uploads\/2022\/10\/article_midinale-137-523-150x150.png\" class=\"attachment-thumbnail size-thumbnail\" alt=\"article_midinale-137.png\" \/><\/a>\n\t\t\t<\/div><\/figure>\n\t\t<\/div>\n<\/p>\n","protected":false},"excerpt":{"rendered":"<p>Le candidat du Parti des Travailleurs est arriv\u00e9 en t\u00eate au Br\u00e9sil. Mais Jair Bolsonaro r\u00e9siste et assoit son emprise sur le S\u00e9nat et la Chambre des d\u00e9put\u00e9s. Jean Tible, professeur de sciences politiques \u00e0 l&#8217;universit\u00e9 de Sao Paulo, est l&#8217;invit\u00e9 de #LaMidinale.<\/p>\n","protected":false},"author":1204,"featured_media":32508,"comment_status":"open","ping_status":"open","sticky":false,"template":"","format":"standard","meta":{"_themeisle_gutenberg_block_has_review":false,"footnotes":""},"categories":[238],"tags":[],"class_list":["post-13768","post","type-post","status-publish","format-standard","has-post-thumbnail","hentry","category-la-midinale"],"_links":{"self":[{"href":"https:\/\/archives.regards.fr\/index.php?rest_route=\/wp\/v2\/posts\/13768","targetHints":{"allow":["GET"]}}],"collection":[{"href":"https:\/\/archives.regards.fr\/index.php?rest_route=\/wp\/v2\/posts"}],"about":[{"href":"https:\/\/archives.regards.fr\/index.php?rest_route=\/wp\/v2\/types\/post"}],"author":[{"embeddable":true,"href":"https:\/\/archives.regards.fr\/index.php?rest_route=\/wp\/v2\/users\/1204"}],"replies":[{"embeddable":true,"href":"https:\/\/archives.regards.fr\/index.php?rest_route=%2Fwp%2Fv2%2Fcomments&post=13768"}],"version-history":[{"count":0,"href":"https:\/\/archives.regards.fr\/index.php?rest_route=\/wp\/v2\/posts\/13768\/revisions"}],"wp:featuredmedia":[{"embeddable":true,"href":"https:\/\/archives.regards.fr\/index.php?rest_route=\/wp\/v2\/media\/32508"}],"wp:attachment":[{"href":"https:\/\/archives.regards.fr\/index.php?rest_route=%2Fwp%2Fv2%2Fmedia&parent=13768"}],"wp:term":[{"taxonomy":"category","embeddable":true,"href":"https:\/\/archives.regards.fr\/index.php?rest_route=%2Fwp%2Fv2%2Fcategories&post=13768"},{"taxonomy":"post_tag","embeddable":true,"href":"https:\/\/archives.regards.fr\/index.php?rest_route=%2Fwp%2Fv2%2Ftags&post=13768"}],"curies":[{"name":"wp","href":"https:\/\/api.w.org\/{rel}","templated":true}]}}