{"id":13756,"date":"2022-09-26T19:32:46","date_gmt":"2022-09-26T17:32:46","guid":{"rendered":"https:\/\/wp.muchomaas.com\/article-italie-le-danger-meloni-c-est-l-explosion-des-violences-et-la-liberation-des\/"},"modified":"2023-06-24T00:31:56","modified_gmt":"2023-06-23T22:31:56","slug":"article-italie-le-danger-meloni-c-est-l-explosion-des-violences-et-la-liberation-des","status":"publish","type":"post","link":"https:\/\/archives.regards.fr\/?p=13756","title":{"rendered":"Italie : \u00abLe danger Meloni, c&#8217;est l&#8217;explosion des violences et la lib\u00e9ration des discours racistes\u00bb"},"content":{"rendered":"<p class=\"post_excerpt\">Avec la victoire de l\u2019extr\u00eame droite aux \u00e9lections l\u00e9gislatives en Italie, la postfacsiste Giorgia Meloni devrait devenir la prochaine cheffe du gouvernement.\u00a0On en parle dans #LaMidinale avec l\u2019historien Enzo Traverso.<\/p>\n<p><iframe loading=\"lazy\" width=\"490\" height=\"276\" src=\"https:\/\/www.youtube.com\/embed\/payMFeM4t30\" title=\"YouTube video player\" frameborder=\"0\" allow=\"accelerometer; autoplay; clipboard-write; encrypted-media; gyroscope; picture-in-picture\" allowfullscreen><\/iframe><br \/>\n<div id='gallery-1' class='gallery galleryid-13756 gallery-columns-3 gallery-size-thumbnail'><figure class='gallery-item'>\n\t\t\t<div class='gallery-icon landscape'>\n\t\t\t\t<a href='https:\/\/archives.regards.fr\/wp-content\/uploads\/2022\/09\/article_midinale-133-a7b.png'><img loading=\"lazy\" decoding=\"async\" width=\"150\" height=\"150\" src=\"https:\/\/archives.regards.fr\/wp-content\/uploads\/2022\/09\/article_midinale-133-a7b-150x150.png\" class=\"attachment-thumbnail size-thumbnail\" alt=\"article_midinale-133.png\" \/><\/a>\n\t\t\t<\/div><\/figure>\n\t\t<\/div>\n<\/p>\n","protected":false},"excerpt":{"rendered":"<p>Avec la victoire de l\u2019extr\u00eame droite aux \u00e9lections l\u00e9gislatives en Italie, la postfacsiste Giorgia Meloni devrait devenir la prochaine cheffe du gouvernement.\u00a0On en parle dans #LaMidinale avec l\u2019historien Enzo Traverso.<\/p>\n","protected":false},"author":1204,"featured_media":32485,"comment_status":"open","ping_status":"open","sticky":false,"template":"","format":"standard","meta":{"_themeisle_gutenberg_block_has_review":false,"footnotes":""},"categories":[238],"tags":[],"class_list":["post-13756","post","type-post","status-publish","format-standard","has-post-thumbnail","hentry","category-la-midinale"],"_links":{"self":[{"href":"https:\/\/archives.regards.fr\/index.php?rest_route=\/wp\/v2\/posts\/13756","targetHints":{"allow":["GET"]}}],"collection":[{"href":"https:\/\/archives.regards.fr\/index.php?rest_route=\/wp\/v2\/posts"}],"about":[{"href":"https:\/\/archives.regards.fr\/index.php?rest_route=\/wp\/v2\/types\/post"}],"author":[{"embeddable":true,"href":"https:\/\/archives.regards.fr\/index.php?rest_route=\/wp\/v2\/users\/1204"}],"replies":[{"embeddable":true,"href":"https:\/\/archives.regards.fr\/index.php?rest_route=%2Fwp%2Fv2%2Fcomments&post=13756"}],"version-history":[{"count":0,"href":"https:\/\/archives.regards.fr\/index.php?rest_route=\/wp\/v2\/posts\/13756\/revisions"}],"wp:featuredmedia":[{"embeddable":true,"href":"https:\/\/archives.regards.fr\/index.php?rest_route=\/wp\/v2\/media\/32485"}],"wp:attachment":[{"href":"https:\/\/archives.regards.fr\/index.php?rest_route=%2Fwp%2Fv2%2Fmedia&parent=13756"}],"wp:term":[{"taxonomy":"category","embeddable":true,"href":"https:\/\/archives.regards.fr\/index.php?rest_route=%2Fwp%2Fv2%2Fcategories&post=13756"},{"taxonomy":"post_tag","embeddable":true,"href":"https:\/\/archives.regards.fr\/index.php?rest_route=%2Fwp%2Fv2%2Ftags&post=13756"}],"curies":[{"name":"wp","href":"https:\/\/api.w.org\/{rel}","templated":true}]}}