{"id":13750,"date":"2022-09-23T13:38:12","date_gmt":"2022-09-23T11:38:12","guid":{"rendered":"https:\/\/wp.muchomaas.com\/article-edwy-plenel-la-decomposition-ideologique-vers-l-extreme-droite-part-du\/"},"modified":"2023-06-24T00:31:47","modified_gmt":"2023-06-23T22:31:47","slug":"article-edwy-plenel-la-decomposition-ideologique-vers-l-extreme-droite-part-du","status":"publish","type":"post","link":"https:\/\/archives.regards.fr\/?p=13750","title":{"rendered":"Edwy Plenel : \u00ab La d\u00e9composition id\u00e9ologique vers l&#8217;extr\u00eame droite part du chev\u00e8nementisme \u00bb"},"content":{"rendered":"<p class=\"post_excerpt\">Il vient de sortir \u00ab L&#8217;\u00e9preuve et la contre-\u00e9preuve \u00bb aux \u00e9ditions Stock, r\u00e9flexions parall\u00e8les, \u00e0 plus de 20 ans d&#8217;intervalle, sur la guerre en Yougoslavie et sur la guerre en Ukraine. Edwy Plenel, cofondateur de Mediapart, est l&#8217;invit\u00e9 de #LaMidinale.<\/p>\n<p><iframe loading=\"lazy\" width=\"490\" height=\"276\" src=\"https:\/\/www.youtube.com\/embed\/0o4Iu_HIfV8\" title=\"YouTube video player\" frameborder=\"0\" allow=\"accelerometer; autoplay; clipboard-write; encrypted-media; gyroscope; picture-in-picture\" allowfullscreen><\/iframe><div id='gallery-1' class='gallery galleryid-13750 gallery-columns-3 gallery-size-thumbnail'><figure class='gallery-item'>\n\t\t\t<div class='gallery-icon landscape'>\n\t\t\t\t<a href='https:\/\/archives.regards.fr\/wp-content\/uploads\/2022\/09\/article_midinale-132-9ad.png'><img loading=\"lazy\" decoding=\"async\" width=\"150\" height=\"150\" src=\"https:\/\/archives.regards.fr\/wp-content\/uploads\/2022\/09\/article_midinale-132-9ad-150x150.png\" class=\"attachment-thumbnail size-thumbnail\" alt=\"article_midinale-132.png\" \/><\/a>\n\t\t\t<\/div><\/figure>\n\t\t<\/div>\n<\/p>\n","protected":false},"excerpt":{"rendered":"<p>Il vient de sortir \u00ab L&#8217;\u00e9preuve et la contre-\u00e9preuve \u00bb aux \u00e9ditions Stock, r\u00e9flexions parall\u00e8les, \u00e0 plus de 20 ans d&#8217;intervalle, sur la guerre en Yougoslavie et sur la guerre en Ukraine. Edwy Plenel, cofondateur de Mediapart, est l&#8217;invit\u00e9 de #LaMidinale.<\/p>\n","protected":false},"author":1204,"featured_media":32471,"comment_status":"open","ping_status":"open","sticky":false,"template":"","format":"standard","meta":{"_themeisle_gutenberg_block_has_review":false,"footnotes":""},"categories":[238],"tags":[293],"class_list":["post-13750","post","type-post","status-publish","format-standard","has-post-thumbnail","hentry","category-la-midinale","tag-entretien"],"_links":{"self":[{"href":"https:\/\/archives.regards.fr\/index.php?rest_route=\/wp\/v2\/posts\/13750","targetHints":{"allow":["GET"]}}],"collection":[{"href":"https:\/\/archives.regards.fr\/index.php?rest_route=\/wp\/v2\/posts"}],"about":[{"href":"https:\/\/archives.regards.fr\/index.php?rest_route=\/wp\/v2\/types\/post"}],"author":[{"embeddable":true,"href":"https:\/\/archives.regards.fr\/index.php?rest_route=\/wp\/v2\/users\/1204"}],"replies":[{"embeddable":true,"href":"https:\/\/archives.regards.fr\/index.php?rest_route=%2Fwp%2Fv2%2Fcomments&post=13750"}],"version-history":[{"count":0,"href":"https:\/\/archives.regards.fr\/index.php?rest_route=\/wp\/v2\/posts\/13750\/revisions"}],"wp:featuredmedia":[{"embeddable":true,"href":"https:\/\/archives.regards.fr\/index.php?rest_route=\/wp\/v2\/media\/32471"}],"wp:attachment":[{"href":"https:\/\/archives.regards.fr\/index.php?rest_route=%2Fwp%2Fv2%2Fmedia&parent=13750"}],"wp:term":[{"taxonomy":"category","embeddable":true,"href":"https:\/\/archives.regards.fr\/index.php?rest_route=%2Fwp%2Fv2%2Fcategories&post=13750"},{"taxonomy":"post_tag","embeddable":true,"href":"https:\/\/archives.regards.fr\/index.php?rest_route=%2Fwp%2Fv2%2Ftags&post=13750"}],"curies":[{"name":"wp","href":"https:\/\/api.w.org\/{rel}","templated":true}]}}