{"id":13744,"date":"2022-09-17T15:57:52","date_gmt":"2022-09-17T13:57:52","guid":{"rendered":"https:\/\/wp.muchomaas.com\/article-sandrine-rousseau-fabien-roussel-un-mano-a-mano-d-enfer\/"},"modified":"2023-06-24T00:31:41","modified_gmt":"2023-06-23T22:31:41","slug":"article-sandrine-rousseau-fabien-roussel-un-mano-a-mano-d-enfer","status":"publish","type":"post","link":"https:\/\/archives.regards.fr\/?p=13744","title":{"rendered":"#D\u00c9BRIEF. Sandrine Rousseau-Fabien Roussel : un mano a mano d&#8217;enfer"},"content":{"rendered":"<p class=\"post_excerpt\">Genre, \u00e9cologie, travail : l&#8217;opposition m\u00e9diatique et politique entre le secr\u00e9taire national du PCF et la d\u00e9put\u00e9e \u00e9cologiste tient une place int\u00e9ressante dans le d\u00e9bat \u00e0 gauche. On en parle dans le d\u00e9brief avec Catherine Tricot et Pablo Pillaud-Vivien.<\/p>\n<p><iframe loading=\"lazy\" width=\"490\" height=\"276\" src=\"https:\/\/www.youtube.com\/embed\/OqnSyNEujlA\" title=\"YouTube video player\" frameborder=\"0\" allow=\"accelerometer; autoplay; clipboard-write; encrypted-media; gyroscope; picture-in-picture\" allowfullscreen><\/iframe><\/p>\n<div id='gallery-1' class='gallery galleryid-13744 gallery-columns-3 gallery-size-thumbnail'><figure class='gallery-item'>\n\t\t\t<div class='gallery-icon landscape'>\n\t\t\t\t<a href='https:\/\/archives.regards.fr\/wp-content\/uploads\/2022\/09\/article_debrief-3-3-3da.png'><img loading=\"lazy\" decoding=\"async\" width=\"150\" height=\"150\" src=\"https:\/\/archives.regards.fr\/wp-content\/uploads\/2022\/09\/article_debrief-3-3-3da-150x150.png\" class=\"attachment-thumbnail size-thumbnail\" alt=\"article_debrief-3-3.png\" \/><\/a>\n\t\t\t<\/div><\/figure>\n\t\t<\/div>\n\n","protected":false},"excerpt":{"rendered":"<p>Genre, \u00e9cologie, travail : l&#8217;opposition m\u00e9diatique et politique entre le secr\u00e9taire national du PCF et la d\u00e9put\u00e9e \u00e9cologiste tient une place int\u00e9ressante dans le d\u00e9bat \u00e0 gauche. On en parle dans le d\u00e9brief avec Catherine Tricot et Pablo Pillaud-Vivien.<\/p>\n","protected":false},"author":1204,"featured_media":32452,"comment_status":"open","ping_status":"open","sticky":false,"template":"","format":"standard","meta":{"_themeisle_gutenberg_block_has_review":false,"footnotes":""},"categories":[279],"tags":[295],"class_list":["post-13744","post","type-post","status-publish","format-standard","has-post-thumbnail","hentry","category-videos","tag-nupes"],"_links":{"self":[{"href":"https:\/\/archives.regards.fr\/index.php?rest_route=\/wp\/v2\/posts\/13744","targetHints":{"allow":["GET"]}}],"collection":[{"href":"https:\/\/archives.regards.fr\/index.php?rest_route=\/wp\/v2\/posts"}],"about":[{"href":"https:\/\/archives.regards.fr\/index.php?rest_route=\/wp\/v2\/types\/post"}],"author":[{"embeddable":true,"href":"https:\/\/archives.regards.fr\/index.php?rest_route=\/wp\/v2\/users\/1204"}],"replies":[{"embeddable":true,"href":"https:\/\/archives.regards.fr\/index.php?rest_route=%2Fwp%2Fv2%2Fcomments&post=13744"}],"version-history":[{"count":0,"href":"https:\/\/archives.regards.fr\/index.php?rest_route=\/wp\/v2\/posts\/13744\/revisions"}],"wp:featuredmedia":[{"embeddable":true,"href":"https:\/\/archives.regards.fr\/index.php?rest_route=\/wp\/v2\/media\/32452"}],"wp:attachment":[{"href":"https:\/\/archives.regards.fr\/index.php?rest_route=%2Fwp%2Fv2%2Fmedia&parent=13744"}],"wp:term":[{"taxonomy":"category","embeddable":true,"href":"https:\/\/archives.regards.fr\/index.php?rest_route=%2Fwp%2Fv2%2Fcategories&post=13744"},{"taxonomy":"post_tag","embeddable":true,"href":"https:\/\/archives.regards.fr\/index.php?rest_route=%2Fwp%2Fv2%2Ftags&post=13744"}],"curies":[{"name":"wp","href":"https:\/\/api.w.org\/{rel}","templated":true}]}}