{"id":13742,"date":"2022-09-16T16:07:17","date_gmt":"2022-09-16T14:07:17","guid":{"rendered":"https:\/\/wp.muchomaas.com\/article-la-gauche-se-trompe-quand-elle-parle-du-travail\/"},"modified":"2023-06-24T00:31:41","modified_gmt":"2023-06-23T22:31:41","slug":"article-la-gauche-se-trompe-quand-elle-parle-du-travail","status":"publish","type":"post","link":"https:\/\/archives.regards.fr\/?p=13742","title":{"rendered":"\u00ab La gauche se trompe quand elle parle du travail \u00bb"},"content":{"rendered":"<p class=\"post_excerpt\">Valeur travail versus droit \u00e0 la paresse : pose-t-on vraiment le d\u00e9bat dans les bons termes \u00e0 gauche ? On en parle dans #LaMidinale avec le professeur \u00e9m\u00e9rite du CNAM Yves Clot, sp\u00e9cialiste du travail.<\/p>\n<p><iframe loading=\"lazy\" width=\"490\" height=\"276\" src=\"https:\/\/www.youtube.com\/embed\/IBP5opv72io\" title=\"YouTube video player\" frameborder=\"0\" allow=\"accelerometer; autoplay; clipboard-write; encrypted-media; gyroscope; picture-in-picture\" allowfullscreen><\/iframe><div id='gallery-1' class='gallery galleryid-13742 gallery-columns-3 gallery-size-thumbnail'><figure class='gallery-item'>\n\t\t\t<div class='gallery-icon landscape'>\n\t\t\t\t<a href='https:\/\/archives.regards.fr\/wp-content\/uploads\/2022\/09\/article_midinale-128-1b3.png'><img loading=\"lazy\" decoding=\"async\" width=\"150\" height=\"150\" src=\"https:\/\/archives.regards.fr\/wp-content\/uploads\/2022\/09\/article_midinale-128-1b3-150x150.png\" class=\"attachment-thumbnail size-thumbnail\" alt=\"article_midinale-128.png\" \/><\/a>\n\t\t\t<\/div><\/figure>\n\t\t<\/div>\n<\/p>\n","protected":false},"excerpt":{"rendered":"<p>Valeur travail versus droit \u00e0 la paresse : pose-t-on vraiment le d\u00e9bat dans les bons termes \u00e0 gauche ? On en parle dans #LaMidinale avec le professeur \u00e9m\u00e9rite du CNAM Yves Clot, sp\u00e9cialiste du travail.<\/p>\n","protected":false},"author":1204,"featured_media":32450,"comment_status":"open","ping_status":"open","sticky":false,"template":"","format":"standard","meta":{"_themeisle_gutenberg_block_has_review":false,"footnotes":""},"categories":[238],"tags":[293],"class_list":["post-13742","post","type-post","status-publish","format-standard","has-post-thumbnail","hentry","category-la-midinale","tag-entretien"],"_links":{"self":[{"href":"https:\/\/archives.regards.fr\/index.php?rest_route=\/wp\/v2\/posts\/13742","targetHints":{"allow":["GET"]}}],"collection":[{"href":"https:\/\/archives.regards.fr\/index.php?rest_route=\/wp\/v2\/posts"}],"about":[{"href":"https:\/\/archives.regards.fr\/index.php?rest_route=\/wp\/v2\/types\/post"}],"author":[{"embeddable":true,"href":"https:\/\/archives.regards.fr\/index.php?rest_route=\/wp\/v2\/users\/1204"}],"replies":[{"embeddable":true,"href":"https:\/\/archives.regards.fr\/index.php?rest_route=%2Fwp%2Fv2%2Fcomments&post=13742"}],"version-history":[{"count":0,"href":"https:\/\/archives.regards.fr\/index.php?rest_route=\/wp\/v2\/posts\/13742\/revisions"}],"wp:featuredmedia":[{"embeddable":true,"href":"https:\/\/archives.regards.fr\/index.php?rest_route=\/wp\/v2\/media\/32450"}],"wp:attachment":[{"href":"https:\/\/archives.regards.fr\/index.php?rest_route=%2Fwp%2Fv2%2Fmedia&parent=13742"}],"wp:term":[{"taxonomy":"category","embeddable":true,"href":"https:\/\/archives.regards.fr\/index.php?rest_route=%2Fwp%2Fv2%2Fcategories&post=13742"},{"taxonomy":"post_tag","embeddable":true,"href":"https:\/\/archives.regards.fr\/index.php?rest_route=%2Fwp%2Fv2%2Ftags&post=13742"}],"curies":[{"name":"wp","href":"https:\/\/api.w.org\/{rel}","templated":true}]}}