{"id":13741,"date":"2022-09-16T09:28:49","date_gmt":"2022-09-16T07:28:49","guid":{"rendered":"https:\/\/wp.muchomaas.com\/article-dereglement-climatique-les-ultrariches-qui-pensent-pouvoir-faire-ce-qu-ils\/"},"modified":"2023-06-24T00:31:41","modified_gmt":"2023-06-23T22:31:41","slug":"article-dereglement-climatique-les-ultrariches-qui-pensent-pouvoir-faire-ce-qu-ils","status":"publish","type":"post","link":"https:\/\/archives.regards.fr\/?p=13741","title":{"rendered":"D\u00e9r\u00e8glement climatique: \u00abLes ultrariches qui pensent pouvoir faire ce qu&#8217;ils veulent, c&#8217;est termin\u00e9\u00bb"},"content":{"rendered":"<p class=\"post_excerpt\">Le d\u00e9put\u00e9 LFI-NUPES de Seine-Saint-Denis Thomas Portes est \u00e0 l&#8217;initiative d&#8217;une proposition de loi pour interdire les jets priv\u00e9s. Il est l&#8217;invit\u00e9 de #LaMidinale.<\/p>\n<p><iframe loading=\"lazy\" width=\"490\" height=\"276\" src=\"https:\/\/www.youtube.com\/embed\/xLXRPStpLsM\" title=\"YouTube video player\" frameborder=\"0\" allow=\"accelerometer; autoplay; clipboard-write; encrypted-media; gyroscope; picture-in-picture\" allowfullscreen><\/iframe><\/p>\n<div id='gallery-1' class='gallery galleryid-13741 gallery-columns-3 gallery-size-thumbnail'><figure class='gallery-item'>\n\t\t\t<div class='gallery-icon landscape'>\n\t\t\t\t<a href='https:\/\/archives.regards.fr\/wp-content\/uploads\/2022\/09\/article_midinale-127-996.png'><img loading=\"lazy\" decoding=\"async\" width=\"150\" height=\"150\" src=\"https:\/\/archives.regards.fr\/wp-content\/uploads\/2022\/09\/article_midinale-127-996-150x150.png\" class=\"attachment-thumbnail size-thumbnail\" alt=\"article_midinale-127.png\" \/><\/a>\n\t\t\t<\/div><\/figure>\n\t\t<\/div>\n\n","protected":false},"excerpt":{"rendered":"<p>Le d\u00e9put\u00e9 LFI-NUPES de Seine-Saint-Denis Thomas Portes est \u00e0 l&#8217;initiative d&#8217;une proposition de loi pour interdire les jets priv\u00e9s. Il est l&#8217;invit\u00e9 de #LaMidinale.<\/p>\n","protected":false},"author":1204,"featured_media":32448,"comment_status":"open","ping_status":"open","sticky":false,"template":"","format":"standard","meta":{"_themeisle_gutenberg_block_has_review":false,"footnotes":""},"categories":[238],"tags":[],"class_list":["post-13741","post","type-post","status-publish","format-standard","has-post-thumbnail","hentry","category-la-midinale"],"_links":{"self":[{"href":"https:\/\/archives.regards.fr\/index.php?rest_route=\/wp\/v2\/posts\/13741","targetHints":{"allow":["GET"]}}],"collection":[{"href":"https:\/\/archives.regards.fr\/index.php?rest_route=\/wp\/v2\/posts"}],"about":[{"href":"https:\/\/archives.regards.fr\/index.php?rest_route=\/wp\/v2\/types\/post"}],"author":[{"embeddable":true,"href":"https:\/\/archives.regards.fr\/index.php?rest_route=\/wp\/v2\/users\/1204"}],"replies":[{"embeddable":true,"href":"https:\/\/archives.regards.fr\/index.php?rest_route=%2Fwp%2Fv2%2Fcomments&post=13741"}],"version-history":[{"count":0,"href":"https:\/\/archives.regards.fr\/index.php?rest_route=\/wp\/v2\/posts\/13741\/revisions"}],"wp:featuredmedia":[{"embeddable":true,"href":"https:\/\/archives.regards.fr\/index.php?rest_route=\/wp\/v2\/media\/32448"}],"wp:attachment":[{"href":"https:\/\/archives.regards.fr\/index.php?rest_route=%2Fwp%2Fv2%2Fmedia&parent=13741"}],"wp:term":[{"taxonomy":"category","embeddable":true,"href":"https:\/\/archives.regards.fr\/index.php?rest_route=%2Fwp%2Fv2%2Fcategories&post=13741"},{"taxonomy":"post_tag","embeddable":true,"href":"https:\/\/archives.regards.fr\/index.php?rest_route=%2Fwp%2Fv2%2Ftags&post=13741"}],"curies":[{"name":"wp","href":"https:\/\/api.w.org\/{rel}","templated":true}]}}