{"id":13729,"date":"2022-09-09T16:11:02","date_gmt":"2022-09-09T14:11:02","guid":{"rendered":"https:\/\/wp.muchomaas.com\/article-la-gauche-ne-sera-majoritaire-qu-avec-les-enfants-d-immigres-les-ouvriers\/"},"modified":"2023-06-24T00:31:19","modified_gmt":"2023-06-23T22:31:19","slug":"article-la-gauche-ne-sera-majoritaire-qu-avec-les-enfants-d-immigres-les-ouvriers","status":"publish","type":"post","link":"https:\/\/archives.regards.fr\/?p=13729","title":{"rendered":"\u00abLa gauche ne sera majoritaire qu&#8217;avec les enfants d&#8217;immigr\u00e9s et les ouvriers-employ\u00e9s des campagnes\u00bb"},"content":{"rendered":"<p class=\"post_excerpt\">Y a-t-il eu une contreperformance de la gauche dans la France des bourgs et des ronds-points au profit de l&#8217;extr\u00eame droite ? La question fait d\u00e9j\u00e0 d\u00e9bats. Et les r\u00e9ponses envisag\u00e9es au probl\u00e8me aussi. On en parle avec le d\u00e9put\u00e9 LFI-NUPES Fran\u00e7ois Ruffin, auteur de <em>Je vous \u00e9cris du front de la Somme<\/em>, aux \u00e9ditions Les Liens qui Lib\u00e8rent.<\/p>\n<p><iframe loading=\"lazy\" width=\"490\" height=\"276\" src=\"https:\/\/www.youtube.com\/embed\/DwdS8Bm9Qtk\" title=\"YouTube video player\" frameborder=\"0\" allow=\"accelerometer; autoplay; clipboard-write; encrypted-media; gyroscope; picture-in-picture\" allowfullscreen><div id='gallery-1' class='gallery galleryid-13729 gallery-columns-3 gallery-size-thumbnail'><figure class='gallery-item'>\n\t\t\t<div class='gallery-icon landscape'>\n\t\t\t\t<a href='https:\/\/archives.regards.fr\/wp-content\/uploads\/2022\/09\/article_midinale-124-dec.png'><img loading=\"lazy\" decoding=\"async\" width=\"150\" height=\"150\" src=\"https:\/\/archives.regards.fr\/wp-content\/uploads\/2022\/09\/article_midinale-124-dec-150x150.png\" class=\"attachment-thumbnail size-thumbnail\" alt=\"article_midinale-124.png\" \/><\/a>\n\t\t\t<\/div><\/figure>\n\t\t<\/div>\n<\/p>\n","protected":false},"excerpt":{"rendered":"<p>Y a-t-il eu une contreperformance de la gauche dans la France des bourgs et des ronds-points au profit de l&#8217;extr\u00eame droite ? La question fait d\u00e9j\u00e0 d\u00e9bats. Et les r\u00e9ponses envisag\u00e9es au probl\u00e8me aussi. On en parle avec le d\u00e9put\u00e9 LFI-NUPES Fran\u00e7ois Ruffin, auteur de <em>Je vous \u00e9cris du front de la Somme<\/em>, aux \u00e9ditions Les Liens qui Lib\u00e8rent.<\/p>\n","protected":false},"author":1204,"featured_media":32412,"comment_status":"open","ping_status":"open","sticky":false,"template":"","format":"standard","meta":{"_themeisle_gutenberg_block_has_review":false,"footnotes":""},"categories":[238],"tags":[],"class_list":["post-13729","post","type-post","status-publish","format-standard","has-post-thumbnail","hentry","category-la-midinale"],"_links":{"self":[{"href":"https:\/\/archives.regards.fr\/index.php?rest_route=\/wp\/v2\/posts\/13729","targetHints":{"allow":["GET"]}}],"collection":[{"href":"https:\/\/archives.regards.fr\/index.php?rest_route=\/wp\/v2\/posts"}],"about":[{"href":"https:\/\/archives.regards.fr\/index.php?rest_route=\/wp\/v2\/types\/post"}],"author":[{"embeddable":true,"href":"https:\/\/archives.regards.fr\/index.php?rest_route=\/wp\/v2\/users\/1204"}],"replies":[{"embeddable":true,"href":"https:\/\/archives.regards.fr\/index.php?rest_route=%2Fwp%2Fv2%2Fcomments&post=13729"}],"version-history":[{"count":0,"href":"https:\/\/archives.regards.fr\/index.php?rest_route=\/wp\/v2\/posts\/13729\/revisions"}],"wp:featuredmedia":[{"embeddable":true,"href":"https:\/\/archives.regards.fr\/index.php?rest_route=\/wp\/v2\/media\/32412"}],"wp:attachment":[{"href":"https:\/\/archives.regards.fr\/index.php?rest_route=%2Fwp%2Fv2%2Fmedia&parent=13729"}],"wp:term":[{"taxonomy":"category","embeddable":true,"href":"https:\/\/archives.regards.fr\/index.php?rest_route=%2Fwp%2Fv2%2Fcategories&post=13729"},{"taxonomy":"post_tag","embeddable":true,"href":"https:\/\/archives.regards.fr\/index.php?rest_route=%2Fwp%2Fv2%2Ftags&post=13729"}],"curies":[{"name":"wp","href":"https:\/\/api.w.org\/{rel}","templated":true}]}}