{"id":13726,"date":"2022-09-07T16:48:58","date_gmt":"2022-09-07T14:48:58","guid":{"rendered":"https:\/\/wp.muchomaas.com\/article-un-e-depute-e-ca-sert-a-l-assemblee-nationale-mais-pas-que\/"},"modified":"2023-06-24T00:31:15","modified_gmt":"2023-06-23T22:31:15","slug":"article-un-e-depute-e-ca-sert-a-l-assemblee-nationale-mais-pas-que","status":"publish","type":"post","link":"https:\/\/archives.regards.fr\/?p=13726","title":{"rendered":"\u00ab Un-e d\u00e9put\u00e9-e, \u00e7a sert \u00e0 l&#8217;Assembl\u00e9e nationale mais pas que \u00bb"},"content":{"rendered":"<p class=\"post_excerpt\">Le Parlement ne reprend ses sessions que le 3 octobre prochain. D&#8217;ici-l\u00e0, que font les parlementaires ? Danielle Simonnet, d\u00e9put\u00e9e LFI-NUPES de Paris, est l&#8217;invit\u00e9e de #LaMidinale.<\/p>\n<p><iframe loading=\"lazy\" width=\"490\" height=\"276\" src=\"https:\/\/www.youtube.com\/embed\/0Yu1ah3mGkA\" title=\"YouTube video player\" frameborder=\"0\" allow=\"accelerometer; autoplay; clipboard-write; encrypted-media; gyroscope; picture-in-picture\" allowfullscreen><\/iframe><div id='gallery-1' class='gallery galleryid-13726 gallery-columns-3 gallery-size-thumbnail'><figure class='gallery-item'>\n\t\t\t<div class='gallery-icon landscape'>\n\t\t\t\t<a href='https:\/\/archives.regards.fr\/wp-content\/uploads\/2022\/09\/article_midinale-123-6ce.png'><img loading=\"lazy\" decoding=\"async\" width=\"150\" height=\"150\" src=\"https:\/\/archives.regards.fr\/wp-content\/uploads\/2022\/09\/article_midinale-123-6ce-150x150.png\" class=\"attachment-thumbnail size-thumbnail\" alt=\"article_midinale-123.png\" \/><\/a>\n\t\t\t<\/div><\/figure>\n\t\t<\/div>\n<\/p>\n","protected":false},"excerpt":{"rendered":"<p>Le Parlement ne reprend ses sessions que le 3 octobre prochain. D&#8217;ici-l\u00e0, que font les parlementaires ? Danielle Simonnet, d\u00e9put\u00e9e LFI-NUPES de Paris, est l&#8217;invit\u00e9e de #LaMidinale.<\/p>\n","protected":false},"author":1204,"featured_media":32406,"comment_status":"open","ping_status":"open","sticky":false,"template":"","format":"standard","meta":{"_themeisle_gutenberg_block_has_review":false,"footnotes":""},"categories":[238],"tags":[],"class_list":["post-13726","post","type-post","status-publish","format-standard","has-post-thumbnail","hentry","category-la-midinale"],"_links":{"self":[{"href":"https:\/\/archives.regards.fr\/index.php?rest_route=\/wp\/v2\/posts\/13726","targetHints":{"allow":["GET"]}}],"collection":[{"href":"https:\/\/archives.regards.fr\/index.php?rest_route=\/wp\/v2\/posts"}],"about":[{"href":"https:\/\/archives.regards.fr\/index.php?rest_route=\/wp\/v2\/types\/post"}],"author":[{"embeddable":true,"href":"https:\/\/archives.regards.fr\/index.php?rest_route=\/wp\/v2\/users\/1204"}],"replies":[{"embeddable":true,"href":"https:\/\/archives.regards.fr\/index.php?rest_route=%2Fwp%2Fv2%2Fcomments&post=13726"}],"version-history":[{"count":0,"href":"https:\/\/archives.regards.fr\/index.php?rest_route=\/wp\/v2\/posts\/13726\/revisions"}],"wp:featuredmedia":[{"embeddable":true,"href":"https:\/\/archives.regards.fr\/index.php?rest_route=\/wp\/v2\/media\/32406"}],"wp:attachment":[{"href":"https:\/\/archives.regards.fr\/index.php?rest_route=%2Fwp%2Fv2%2Fmedia&parent=13726"}],"wp:term":[{"taxonomy":"category","embeddable":true,"href":"https:\/\/archives.regards.fr\/index.php?rest_route=%2Fwp%2Fv2%2Fcategories&post=13726"},{"taxonomy":"post_tag","embeddable":true,"href":"https:\/\/archives.regards.fr\/index.php?rest_route=%2Fwp%2Fv2%2Ftags&post=13726"}],"curies":[{"name":"wp","href":"https:\/\/api.w.org\/{rel}","templated":true}]}}