{"id":13725,"date":"2022-09-06T19:22:27","date_gmt":"2022-09-06T17:22:27","guid":{"rendered":"https:\/\/wp.muchomaas.com\/article-je-suis-profs-de-maths-et-j-ai-ete-suspendu-l-education-nationale-sans-savoir-2\/"},"modified":"2023-06-24T00:31:14","modified_gmt":"2023-06-23T22:31:14","slug":"article-je-suis-profs-de-maths-et-j-ai-ete-suspendu-l-education-nationale-sans-savoir-2","status":"publish","type":"post","link":"https:\/\/archives.regards.fr\/?p=13725","title":{"rendered":"\u00ab Je suis prof de maths et j&#8217;ai \u00e9t\u00e9 suspendu par l&#8217;\u00c9ducation nationale sans savoir pourquoi \u00bb"},"content":{"rendered":"<p class=\"post_excerpt\">Kai Terada est enseignant au lyc\u00e9e Joliot-Curie de Nanterre, il est militant chez Sud Education 92 et il a \u00e9t\u00e9 suspendu juste avant la rentr\u00e9e scolaire. Sans savoir pourquoi. Il est l&#8217;invit\u00e9 de #LaMidinale.\n<\/p>\n<h2>UNE MIDINALE \u00c0 VOIR&#8230;<\/h2>\n<p><iframe loading=\"lazy\" width=\"490\" height=\"276\" src=\"https:\/\/www.youtube.com\/embed\/RqP9C6mr33A\" title=\"YouTube video player\" frameborder=\"0\" allow=\"accelerometer; autoplay; clipboard-write; encrypted-media; gyroscope; picture-in-picture\" allowfullscreen><\/iframe><\/p>\n<h2>ET \u00c0 LIRE&#8230;<\/h2>\n<p><strong>Sur la suspension administrative<\/strong><br \/>\n\u00ab L\u2019ann\u00e9e 2021-2022 a \u00e9t\u00e9 assez difficile dans mon lyc\u00e9e, avec pas mal d\u2019incidents et de tensions entre personnels et administration mais aussi entre personnels. \u00bb<br \/>\n\u00ab En f\u00e9vrier, on a eu ce que l\u2019on appelle un audit mais ce que l\u2019administration appelle une inspection \u00e0 360\u00b0, c\u2019est-\u00e0-dire que des inspecteurs de l\u2019Education nationale viennent dans l\u2019\u00e9tablissement pour auditionner des gens. \u00bb<br \/>\n\u00ab Avec plusieurs coll\u00e8gues engag\u00e9s dans l\u2019\u00e9tablissement, on s\u2019\u00e9tait dit que ce serait bien d\u2019aller voir nos dossiers administratifs respectifs pour savoir si l\u2019administration n\u2019avait pas des choses \u00e0 nous reprocher. Je suis donc all\u00e9 voir, accompagn\u00e9, mon dossier administratif le 30 juin dernier : mon dossier administratif \u00e9tait vide, rien notamment dans la partie discipline. \u00bb<br \/>\n\u00ab Le dimanche juste avant que les premiers cours commencent, je re\u00e7ois dans ma boite-aux-lettres, un arr\u00eat\u00e9 de suspension de 4 mois, c\u2019est-\u00e0-dire que le rectorat de Versailles m\u2019annonce que je suis suspendu de mes fonctions et que je ne fais plus partie de l\u2019\u00e9quipe enseignante du lyc\u00e9e Joliot-Curie. \u00bb<br \/>\n\u00ab Je suis suspendu par l\u2019Education nationale mais je ne sais pas pourquoi. \u00bb<\/p>\n<p><strong>Sur la r\u00e9pression administrative des personnels enseignants engag\u00e9s<\/strong><br \/>\n\u00ab Comme dans mon dossier administratif, il n\u2019y avait strictement rien, je suis oblig\u00e9 de faire le lien entre ce qui m\u2019arrive, mon activit\u00e9 syndicale et tous les cas de r\u00e9pression syndicale de ces derni\u00e8res ann\u00e9es : \u00e0 Dole, \u00e0 Bobigny, \u00e0 Saint-Denis\u2026 \u00bb<br \/>\n\u00ab On a l\u2019impression, \u00e0 Sud Education o\u00f9 beaucoup de militants sont vis\u00e9s par ce genre de proc\u00e9dure, que la suspension est une nouvelle strat\u00e9gie utilis\u00e9e par l\u2019administration pour r\u00e9primer les mouvements sociaux. \u00bb<br \/>\n\u00ab Ce qui est particulier dans ma suspension, c\u2019est que ma direction n\u2019\u00e9tait m\u00eame pas au courant que j\u2019\u00e9tais suspendu : ils me cherchaient dans les couloirs du lyc\u00e9e ! \u00bb<br \/>\n\u00ab Quand j\u2019ai alert\u00e9 mes coll\u00e8gues, \u00e7a a cr\u00e9e un \u00e9moi \u00e9norme : ils se sont r\u00e9unis \u00e0 la pause de 10h pour voter la gr\u00e8ve le jour m\u00eame comme geste de soutien et pour faire pression sur le rectorat, \u00e0 la fois pour demander l\u2019annulation de ma suspension mais aussi pour en exiger les motifs. \u00bb<\/p>\n<p><strong>Sur les suites<\/strong><br \/>\n\u00ab Actuellement, l\u2019enjeu principal, c\u2019est de savoir pourquoi j\u2019ai \u00e9t\u00e9 suspendu. \u00bb<br \/>\n\u00ab L&#8217;administration a le droit de penser que je suis nuisible \u00e0 la bonne marche du lyc\u00e9e mais s\u2019ils en sont persuad\u00e9s au point de me suspendre pendant 4 mois, il faut qu\u2019ils donnent des \u00e9l\u00e9ments pr\u00e9cis et circonstanci\u00e9s pour le justifier et pour que je puisse me d\u00e9fendre. \u00bb<br \/>\n\u00ab Il faut mettre de la lumi\u00e8re sur ce genre de pratique pour qu\u2019elles ne puissent plus se perp\u00e9trer. \u00bb<div id='gallery-1' class='gallery galleryid-13725 gallery-columns-3 gallery-size-thumbnail'><figure class='gallery-item'>\n\t\t\t<div class='gallery-icon landscape'>\n\t\t\t\t<a href='https:\/\/archives.regards.fr\/wp-content\/uploads\/2022\/09\/article_midinale-122-518.png'><img loading=\"lazy\" decoding=\"async\" width=\"150\" height=\"150\" src=\"https:\/\/archives.regards.fr\/wp-content\/uploads\/2022\/09\/article_midinale-122-518-150x150.png\" class=\"attachment-thumbnail size-thumbnail\" alt=\"article_midinale-122.png\" \/><\/a>\n\t\t\t<\/div><\/figure>\n\t\t<\/div>\n<\/p>\n","protected":false},"excerpt":{"rendered":"<p>Kai Terada est enseignant au lyc\u00e9e Joliot-Curie de Nanterre, il est militant chez Sud Education 92 et il a \u00e9t\u00e9 suspendu juste avant la rentr\u00e9e scolaire. Sans savoir pourquoi. Il est l&#8217;invit\u00e9 de #LaMidinale.<\/p>\n","protected":false},"author":1204,"featured_media":32404,"comment_status":"open","ping_status":"open","sticky":false,"template":"","format":"standard","meta":{"_themeisle_gutenberg_block_has_review":false,"footnotes":""},"categories":[238],"tags":[293],"class_list":["post-13725","post","type-post","status-publish","format-standard","has-post-thumbnail","hentry","category-la-midinale","tag-entretien"],"_links":{"self":[{"href":"https:\/\/archives.regards.fr\/index.php?rest_route=\/wp\/v2\/posts\/13725","targetHints":{"allow":["GET"]}}],"collection":[{"href":"https:\/\/archives.regards.fr\/index.php?rest_route=\/wp\/v2\/posts"}],"about":[{"href":"https:\/\/archives.regards.fr\/index.php?rest_route=\/wp\/v2\/types\/post"}],"author":[{"embeddable":true,"href":"https:\/\/archives.regards.fr\/index.php?rest_route=\/wp\/v2\/users\/1204"}],"replies":[{"embeddable":true,"href":"https:\/\/archives.regards.fr\/index.php?rest_route=%2Fwp%2Fv2%2Fcomments&post=13725"}],"version-history":[{"count":0,"href":"https:\/\/archives.regards.fr\/index.php?rest_route=\/wp\/v2\/posts\/13725\/revisions"}],"wp:featuredmedia":[{"embeddable":true,"href":"https:\/\/archives.regards.fr\/index.php?rest_route=\/wp\/v2\/media\/32404"}],"wp:attachment":[{"href":"https:\/\/archives.regards.fr\/index.php?rest_route=%2Fwp%2Fv2%2Fmedia&parent=13725"}],"wp:term":[{"taxonomy":"category","embeddable":true,"href":"https:\/\/archives.regards.fr\/index.php?rest_route=%2Fwp%2Fv2%2Fcategories&post=13725"},{"taxonomy":"post_tag","embeddable":true,"href":"https:\/\/archives.regards.fr\/index.php?rest_route=%2Fwp%2Fv2%2Ftags&post=13725"}],"curies":[{"name":"wp","href":"https:\/\/api.w.org\/{rel}","templated":true}]}}