{"id":13717,"date":"2022-09-02T14:28:30","date_gmt":"2022-09-02T12:28:30","guid":{"rendered":"https:\/\/wp.muchomaas.com\/article-en-france-le-monde-de-la-critique-radicale-de-l-ecole-est-encore-tres-petit\/"},"modified":"2023-06-24T00:31:03","modified_gmt":"2023-06-23T22:31:03","slug":"article-en-france-le-monde-de-la-critique-radicale-de-l-ecole-est-encore-tres-petit","status":"publish","type":"post","link":"https:\/\/archives.regards.fr\/?p=13717","title":{"rendered":"\u00ab En France, le monde de la critique radicale de l&#8217;\u00e9cole est encore tr\u00e8s petit bourgeois \u00bb"},"content":{"rendered":"<p class=\"post_excerpt\">\u00c0 l&#8217;occasion de la r\u00e9\u00e9dition de <em>Lettre \u00e0 une enseignante<\/em> par les \u00e9l\u00e8ves de l&#8217;\u00e9cole de Barbiana aux \u00e9ditions Agone, l&#8217;historienne Laurence De Cock, autrice de la pr\u00e9face de l&#8217;ouvrage, est l&#8217;invit\u00e9e de #LaMidinale.<\/p>\n<h2>UNE MIDINALE \u00c0 VOIR&#8230;<\/h2>\n<p><iframe loading=\"lazy\" width=\"490\" height=\"276\" src=\"https:\/\/www.youtube.com\/embed\/R1rAqMHvKp4\" title=\"YouTube video player\" frameborder=\"0\" allow=\"accelerometer; autoplay; clipboard-write; encrypted-media; gyroscope; picture-in-picture\" allowfullscreen><\/iframe><\/p>\n<p>&nbsp;<\/p>\n<p><h2>ET \u00c0 LIRE&#8230;<\/h2>\n<p><strong>Sur l\u2019\u00e9cole de Barbiana du pr\u00eatre Don Lorenzo Milano<\/strong><br \/>\n\u00ab Barbiana est une \u00e9cole fond\u00e9e par Don Lorenzo Milani au coeur de la Toscane rurale et tr\u00e8s montagneuse \u00e0 la fin des ann\u00e9es 60. \u00bb<br \/>\n \u00ab Quand il arrive dans le hameau, Don Milani s\u2019aper\u00e7oit que la plupart des enfants de sa paroisse ont \u00e9t\u00e9 recal\u00e9s par l\u2019\u00e9cole publique. \u00bb<br \/>\n\u00ab Il va travailler avec des m\u00e9thodes qui vont susciter le d\u00e9sir d\u2019apprendre et de connaitre : c\u2019est une r\u00e9conciliation avec le savoir &#8211; et pas uniquement les savoirs traditionnels du monde paysan mais des savoirs plus classiques et livresques. \u00bb<br \/>\n\u00ab Il part des connaissances empiriques des \u00e9l\u00e8ves avec le d\u00e9sir de les g\u00e9n\u00e9raliser. \u00bb<br \/>\n\u00ab Il d\u00e9cide, \u00e0 la fin des ann\u00e9es 60, de lancer un cri \u00e0 la soci\u00e9t\u00e9 italienne en faisant dire \u00e0 ses \u00e9l\u00e8ves qu\u2019ils sont le produit du dysfonctionnement de la soci\u00e9t\u00e9 italienne alors qu\u2019ils ne peuvent compter que sur l\u2019\u00e9cole publique s\u2019ils veulent sortir de leur milieu. \u00bb<\/p>\n<p><strong>Sur l\u2019ouvrage \u00ab Lettre \u00e0 une enseignante \u00bb<\/strong><br \/>\n\u00ab \u201cLettre \u00e0 une enseignante\u201d est une d\u00e9claration de guerre \u00e0 l\u2019\u00e9cole publique, c\u2019est un texte violent, quelque chose est fait pour nous d\u00e9ranger : soit \u00e7a change, soit vous allez morfler. \u00bb<br \/>\n\u00ab L\u2019identit\u00e9 de classe, les \u00e9l\u00e8ves de Barbiana l\u2019ont spontan\u00e9ment. La conscience de classe est le produit de l\u2019\u00e9ducation. Don Lorenzo Milani est celui qui rend possible la conscientisation et la transformation d\u2019une classe d\u2019hyper domin\u00e9s en des puissances d\u2019agir avec des capacit\u00e9s d\u2019action. \u00bb<br \/>\n\u00ab La place de la religion catholique [dans l\u2019enseignement de Don Lorenzo Milani] est nulle. \u00bb<br \/>\n\u00ab L\u2019id\u00e9e que la culture classique aurait spontan\u00e9ment un potentiel \u00e9mancipateur est un point de d\u00e9bat entre Pasolini et les enfants de Barbiana. \u00bb<\/p>\n<p><strong>Sur la mixit\u00e9 sociale \u00e0 l\u2019\u00e9cole<\/strong><br \/>\n\u00ab La mixit\u00e9 sociale \u00e0 l\u2019\u00e9cole est un principe d\u2019incantation : quand on regarde concr\u00e8tement comment fonctionne l\u2019\u00e9cole en g\u00e9n\u00e9ral, la r\u00e9partition selon des logiques de classe est encore extr\u00eamement vivante. \u00bb<br \/>\n\u00ab La mixit\u00e9 sociale doit rester un id\u00e9al : tous les travaux montrent que la mixit\u00e9 sociale est b\u00e9n\u00e9fique dans les classes et pour ceux qui en ont le plus besoin et pour ceux qui en ont le moins besoin. Mais elle ne doit pas \u00eatre une sorte d\u2019incantation vague comme si ce n\u2019\u00e9tait qu\u2019une responsabilit\u00e9 de l\u2019\u00e9cole et que derri\u00e8re, il ne devait pas y avoir une politique plus globale de redistribution des richesses dans la soci\u00e9t\u00e9 toute enti\u00e8re. \u00bb<\/p>\n<p><strong>Sur les critiques de gauche de l\u2019\u00e9cole<\/strong><br \/>\n\u00ab Aujourd\u2019hui, quand on r\u00e9fl\u00e9chit \u00e0 l\u2019histoire de la critique radicale de gauche de l\u2019\u00e9cole, c\u2019est pour faire exploser tout le cadre \u00e9tatique de l\u2019\u00e9ducation et de responsabilit\u00e9 publique de la mission \u00e9ducative. \u00bb<br \/>\n\u00ab A chaque fois, la critique qui est faite et que l\u2019on retrouve notamment dans certains textes de LundiMatin, c\u2019est de dire que l\u2019\u00e9cole d\u2019Etat est p\u00e9nible, autoritaire, militaris\u00e9e et emp\u00eache de penser. Compte tenu des dysfonctionnements de l\u2019\u00e9cole publique, c\u2019est parfois tout \u00e0 fait juste. Mais \u00e0 aucun moment, ce qui m\u2019\u00e9tonne, c\u2019est qu\u2019il n\u2019y eu d\u2019ouvrage comme celui des \u00e9l\u00e8ves de Barbiana, qui ne remette pas en cause le principe de l\u2019\u00e9cole publique mais qui lui dise de faire son boulot ! \u00bb<br \/>\n\u00ab Le monde de la critique radicale de l\u2019\u00e9cole en France est encore tr\u00e8s petit bourgeois. \u00bb<\/p>\n<p><strong>Sur les conditions d\u2019enseignement aujourd\u2019hui<\/strong><br \/>\n\u00ab A la fin de mon introduction, je me pose la question de savoir si c\u2019est le moment de poser cette critique-l\u00e0 : les profs sont lamin\u00e9s, pendant 5 ans, on a \u00e9t\u00e9 pi\u00e9tin\u00e9s vertement par Jean-Michel Blanquer\u2026 Et il y avait une interrogation que de publier aujourd\u2019hui un ouvrage qui met en accusation le corps professoral. \u00bb<br \/>\n\u00ab Si un enfant tr\u00e8s pauvre a confiance dans le corps enseignant, c\u2019est un bon point de d\u00e9part. \u00bb<br \/>\n\u00ab Ce qui nous emp\u00eache de travailler, ce sont des politiques gouvernementales qui transforment notre m\u00e9tier d\u2019enseignant. \u00bb<div id='gallery-1' class='gallery galleryid-13717 gallery-columns-3 gallery-size-thumbnail'><figure class='gallery-item'>\n\t\t\t<div class='gallery-icon landscape'>\n\t\t\t\t<a href='https:\/\/archives.regards.fr\/wp-content\/uploads\/2022\/09\/article_midinale-120-2b4.png'><img loading=\"lazy\" decoding=\"async\" width=\"150\" height=\"150\" src=\"https:\/\/archives.regards.fr\/wp-content\/uploads\/2022\/09\/article_midinale-120-2b4-150x150.png\" class=\"attachment-thumbnail size-thumbnail\" alt=\"article_midinale-120.png\" \/><\/a>\n\t\t\t<\/div><\/figure>\n\t\t<\/div>\n<\/p>\n","protected":false},"excerpt":{"rendered":"<p>\u00c0 l&#8217;occasion de la r\u00e9\u00e9dition de <em>Lettre \u00e0 une enseignante<\/em> par les \u00e9l\u00e8ves de l&#8217;\u00e9cole de Barbiana aux \u00e9ditions Agone, l&#8217;historienne Laurence De Cock, autrice de la pr\u00e9face de l&#8217;ouvrage, est l&#8217;invit\u00e9e de #LaMidinale.<\/p>\n","protected":false},"author":1204,"featured_media":32380,"comment_status":"open","ping_status":"open","sticky":false,"template":"","format":"standard","meta":{"_themeisle_gutenberg_block_has_review":false,"footnotes":""},"categories":[238],"tags":[293],"class_list":["post-13717","post","type-post","status-publish","format-standard","has-post-thumbnail","hentry","category-la-midinale","tag-entretien"],"_links":{"self":[{"href":"https:\/\/archives.regards.fr\/index.php?rest_route=\/wp\/v2\/posts\/13717","targetHints":{"allow":["GET"]}}],"collection":[{"href":"https:\/\/archives.regards.fr\/index.php?rest_route=\/wp\/v2\/posts"}],"about":[{"href":"https:\/\/archives.regards.fr\/index.php?rest_route=\/wp\/v2\/types\/post"}],"author":[{"embeddable":true,"href":"https:\/\/archives.regards.fr\/index.php?rest_route=\/wp\/v2\/users\/1204"}],"replies":[{"embeddable":true,"href":"https:\/\/archives.regards.fr\/index.php?rest_route=%2Fwp%2Fv2%2Fcomments&post=13717"}],"version-history":[{"count":0,"href":"https:\/\/archives.regards.fr\/index.php?rest_route=\/wp\/v2\/posts\/13717\/revisions"}],"wp:featuredmedia":[{"embeddable":true,"href":"https:\/\/archives.regards.fr\/index.php?rest_route=\/wp\/v2\/media\/32380"}],"wp:attachment":[{"href":"https:\/\/archives.regards.fr\/index.php?rest_route=%2Fwp%2Fv2%2Fmedia&parent=13717"}],"wp:term":[{"taxonomy":"category","embeddable":true,"href":"https:\/\/archives.regards.fr\/index.php?rest_route=%2Fwp%2Fv2%2Fcategories&post=13717"},{"taxonomy":"post_tag","embeddable":true,"href":"https:\/\/archives.regards.fr\/index.php?rest_route=%2Fwp%2Fv2%2Ftags&post=13717"}],"curies":[{"name":"wp","href":"https:\/\/api.w.org\/{rel}","templated":true}]}}