{"id":13715,"date":"2022-09-01T18:43:01","date_gmt":"2022-09-01T16:43:01","guid":{"rendered":"https:\/\/wp.muchomaas.com\/article-les-conditions-d-enfermement-en-centre-de-retention-administrative-sont\/"},"modified":"2023-06-24T00:31:03","modified_gmt":"2023-06-23T22:31:03","slug":"article-les-conditions-d-enfermement-en-centre-de-retention-administrative-sont","status":"publish","type":"post","link":"https:\/\/archives.regards.fr\/?p=13715","title":{"rendered":"\u00ab Les conditions d&#8217;enfermement en centre de r\u00e9tention administrative sont absolument indignes \u00bb"},"content":{"rendered":"<p class=\"post_excerpt\">La situation dans les centres de r\u00e9tention administrative (CRA) continue de se d\u00e9grader. Dans #LaMidinale, Louise Lecaudey, intervenante de la Cimade au CRA du Mesnil-Amelot, tire la sonnette d&#8217;alarme.<\/p>\n<h2>UNE MIDINALE \u00c0 VOIR&#8230;<\/h2>\n<p><iframe loading=\"lazy\" width=\"490\" height=\"276\" src=\"https:\/\/www.youtube.com\/embed\/un7FK7rT7jg\" title=\"YouTube video player\" frameborder=\"0\" allow=\"accelerometer; autoplay; clipboard-write; encrypted-media; gyroscope; picture-in-picture\" allowfullscreen><\/iframe><\/p>\n<p>&nbsp;<\/p>\n<p><h2>ET \u00c0 LIRE&#8230;<\/h2>\n<p><strong>Sur ce qu&#8217;est un centre de r\u00e9tention administrative (CRA)<\/strong><br \/>\n\u00ab Les CRA sont des lieux de privation de libert\u00e9 dans lesquels sont enferm\u00e9s des gens qui sont en situation irr\u00e9guli\u00e8re sur le territoire fran\u00e7ais. Cela regroupe plein de personnes : des demandeurs d\u2019asiles, c\u2019est-\u00e0-dire des gens qui craignent d\u2019\u00eatre renvoy\u00e9s dans leur pays pour diff\u00e9rents motifs mais principalement parce qu\u2019ils sont pers\u00e9cut\u00e9s, des parents d\u2019enfants fran\u00e7ais, notamment parce que n\u00e9s sur le territoire fran\u00e7ais, des conjoints et conjointes de Fran\u00e7ais et de Fran\u00e7aises, des enfants (au CRA du Mesnil Camelot, il y a une zone femmes et familles), des gens tr\u00e8s malades, notamment qui ont des pathologies psychiatriques importantes, des gens qui sortent de prison et qui ont purg\u00e9 leur peine\u2026 \u00bb<\/p>\n<p><strong>Sur la situation au centre de r\u00e9tention administrative (CRA) du Mesnil-Amelot<\/strong><br \/>\n\u00ab\u00a0Au CRA du Mesnil-Amelot, il y a une situation explosive : il y a eu plusieurs jours d\u2019\u00e9meutes, des incendies, des gens qui tentent de s\u2019\u00e9vader, des gens qui protestent contre les conditions de r\u00e9tention qu\u2019ils jugent indignes &#8211; parce qu\u2019elles le sont. \u00bb<br \/>\n\u00ab La p\u00e9riode de Covid a boulevers\u00e9 toute la proc\u00e9dure de r\u00e9tention : avec la fermeture des fronti\u00e8res, les gens sont devenus inexpulsables parce que les avions ne partaient plus ou que les pays demandaient un test PCR n\u00e9gatif et que les gens refusaient ces tests. Mais la r\u00e9tention existe quand m\u00eame, malgr\u00e9 le fait que les gens soient inexpulsables. \u00bb<br \/>\n\u00ab\u00a0L\u2019Etat est dans une logique de criminalisation des personnes \u00e9trang\u00e8res et du tout-enfermement (enfermer plus et plus longtemps) parce qu\u2019il ne devrait plus y avoir de CRA dans le cadre d\u2019un monde o\u00f9 les fronti\u00e8res sont ferm\u00e9es. \u00bb<br \/>\n\u00ab On a donc des gens qui sont plac\u00e9s 3 mois, 6 mois, qui partent faire un peu de d\u00e9tention et qui reviennent. \u00bb<br \/>\n\u00ab Depuis deux ans, on voit donc tout le temps les m\u00eames personnes ici, des gens qui, je le rappelle, sont entr\u00e9es en d\u00e9tention \u00e0 la base alors qu\u2019il n\u2019avait pas de condamnation p\u00e9nale, ils avaient juste une situation administrative. \u00bb<br \/>\n\u00ab On a une personne entr\u00e9e en France quand elle avait 2 ans et demi, aujourd\u2019hui, elle en a plus de 40, elle a deux enfants n\u00e9s et scolaris\u00e9s en France. \u00bb<br \/>\n\u00ab On a une personne sous curatelle parce que pathologie psychiatrique tr\u00e8s lourde et qui devrait \u00eatre prise en charge pour des soins. Cela fait trois fois qu\u2019elle est plac\u00e9e au CRA\u2026 On a r\u00e9ussi \u00e0 la faire lib\u00e9rer par le Conseil d\u2019\u00c9tat qui s\u2019est prononc\u00e9 sur son \u00e9tat de sant\u00e9 en disant que c\u2019\u00e9tait incompatible avec une proc\u00e9dure d\u2019expulsion et un placement en r\u00e9tention. Mais trois semaines apr\u00e8s la d\u00e9cision du Conseil d\u2019Etat, elle s\u2019est refait interpeler par la pr\u00e9fecture, elle s\u2019est refait placer en d\u00e9tention\u2026 \u00bb<br \/>\n\u00ab\u00a0Il y a un cocktail de situations toute plus injustes les unes que les autres.\u00a0\u00bb<br \/>\n\u00ab Les conditions de r\u00e9tention s\u2019aggravent : on constate la pr\u00e9sence de souris, de cafards, des probl\u00e8mes d\u2019acc\u00e8s aux sanitaires avec des toilettes et des douches bouch\u00e9es, des probl\u00e8mes d\u2019acc\u00e8s \u00e0 la nourriture\u2026 \u00bb<\/p>\n<p><strong>Sur les leviers pour am\u00e9liorer la situation dans les CRA<\/strong><br \/>\n\u00ab C\u2019est de plus en plus compliqu\u00e9 de lutter contre les conditions indignes de r\u00e9tention notamment parce que l\u2019on est dans un contexte o\u00f9 l\u2019opinion publique n\u2019est pas tr\u00e8s favorable au sort des \u00e9trangers en France. \u00bb<br \/>\n\u00ab A La Cimade, on donne une assistance juridique c\u2019est-\u00e0-dire que l\u2019on est l\u00e0 pour exercer le droit des retenus \u00e0 faire des recours devant les juridictions. Mais m\u00eame les juridictions vont de moins en moins dans notre sens : on a tr\u00e8s peu de lib\u00e9rations. \u00bb<br \/>\n\u00ab On est face \u00e0 un Etat et un gouvernement sourds \u00e0 nos revendications. \u00bb<br \/>\n\u00ab La Cour europ\u00e9enne des droits de l\u2019homme a condamn\u00e9 l\u2019Etat 9 fois sur l\u2019enfermement des enfants et l\u2019Etat n\u2019en fait rien puisqu\u2019il continue d\u2019enfermer des enfants. \u00bb<br \/>\n\u00ab\u00a0On alerte les autorit\u00e9s administratives ind\u00e9pendantes comme la D\u00e9fenseure des droits, la Contr\u00f4leure g\u00e9n\u00e9rale des lieux de privation de libert\u00e9s\u2026 Mais m\u00eame elles ne sont pas entendues par le minist\u00e8re de l\u2019Int\u00e9rieur qui, de toutes les fa\u00e7ons, a bien signifi\u00e9 r\u00e9cemment que la priorit\u00e9 \u00e9tait donn\u00e9e \u00e0 des expulsions massives. \u00bb <\/p>\n<p><strong>Sur l&#8217;interdiction des CRA<\/strong><br \/>\n\u00ab Oui, il faut fermer les centres de r\u00e9tention administrative. \u00bb<br \/>\n\u00ab L\u2019Etat aurait plus \u00e0 gagner de mettre l\u2019argent qu\u2019il d\u00e9pense dans l\u2019expulsion des \u00e9trangers plut\u00f4t \u00e0 l\u2019int\u00e9gration et \u00e0 accueillir les \u00e9trangers dans des conditions dignes qui leur permettent de travailler et de participer \u00e0 la vie collective de la nation. \u00bb<br \/>\n\u00ab On est pour la libert\u00e9 de circulation et d\u2019installation des gens et la fin de l\u2019enfermement des gens qui devraient \u00eatre, au contraire, prot\u00e9g\u00e9s &#8211; et qui le sont pourtant par le Code de s\u00e9jour des \u00e9trangers en France. \u00bb<br \/>\n\u00ab Rien que le respect de la loi, ce serait pas mal. \u00bb<div id='gallery-1' class='gallery galleryid-13715 gallery-columns-3 gallery-size-thumbnail'><figure class='gallery-item'>\n\t\t\t<div class='gallery-icon landscape'>\n\t\t\t\t<a href='https:\/\/archives.regards.fr\/wp-content\/uploads\/2022\/09\/article_midinale-119-a0c.png'><img loading=\"lazy\" decoding=\"async\" width=\"150\" height=\"150\" src=\"https:\/\/archives.regards.fr\/wp-content\/uploads\/2022\/09\/article_midinale-119-a0c-150x150.png\" class=\"attachment-thumbnail size-thumbnail\" alt=\"article_midinale-119.png\" \/><\/a>\n\t\t\t<\/div><\/figure>\n\t\t<\/div>\n<\/p>\n","protected":false},"excerpt":{"rendered":"<p>La situation dans les centres de r\u00e9tention administrative (CRA) continue de se d\u00e9grader. Dans #LaMidinale, Louise Lecaudey, intervenante de la Cimade au CRA du Mesnil-Amelot, tire la sonnette d&#8217;alarme.<\/p>\n","protected":false},"author":1204,"featured_media":32376,"comment_status":"open","ping_status":"open","sticky":false,"template":"","format":"standard","meta":{"_themeisle_gutenberg_block_has_review":false,"footnotes":""},"categories":[238],"tags":[293],"class_list":["post-13715","post","type-post","status-publish","format-standard","has-post-thumbnail","hentry","category-la-midinale","tag-entretien"],"_links":{"self":[{"href":"https:\/\/archives.regards.fr\/index.php?rest_route=\/wp\/v2\/posts\/13715","targetHints":{"allow":["GET"]}}],"collection":[{"href":"https:\/\/archives.regards.fr\/index.php?rest_route=\/wp\/v2\/posts"}],"about":[{"href":"https:\/\/archives.regards.fr\/index.php?rest_route=\/wp\/v2\/types\/post"}],"author":[{"embeddable":true,"href":"https:\/\/archives.regards.fr\/index.php?rest_route=\/wp\/v2\/users\/1204"}],"replies":[{"embeddable":true,"href":"https:\/\/archives.regards.fr\/index.php?rest_route=%2Fwp%2Fv2%2Fcomments&post=13715"}],"version-history":[{"count":0,"href":"https:\/\/archives.regards.fr\/index.php?rest_route=\/wp\/v2\/posts\/13715\/revisions"}],"wp:featuredmedia":[{"embeddable":true,"href":"https:\/\/archives.regards.fr\/index.php?rest_route=\/wp\/v2\/media\/32376"}],"wp:attachment":[{"href":"https:\/\/archives.regards.fr\/index.php?rest_route=%2Fwp%2Fv2%2Fmedia&parent=13715"}],"wp:term":[{"taxonomy":"category","embeddable":true,"href":"https:\/\/archives.regards.fr\/index.php?rest_route=%2Fwp%2Fv2%2Fcategories&post=13715"},{"taxonomy":"post_tag","embeddable":true,"href":"https:\/\/archives.regards.fr\/index.php?rest_route=%2Fwp%2Fv2%2Ftags&post=13715"}],"curies":[{"name":"wp","href":"https:\/\/api.w.org\/{rel}","templated":true}]}}