{"id":13712,"date":"2022-08-31T17:50:40","date_gmt":"2022-08-31T15:50:40","guid":{"rendered":"https:\/\/wp.muchomaas.com\/article-conditions-de-travail-et-salaires-82-5-des-conducteurs-de-bus-de-pau-seront-en\/"},"modified":"2023-06-24T00:30:58","modified_gmt":"2023-06-23T22:30:58","slug":"article-conditions-de-travail-et-salaires-82-5-des-conducteurs-de-bus-de-pau-seront-en","status":"publish","type":"post","link":"https:\/\/archives.regards.fr\/?p=13712","title":{"rendered":"\u00ab Conditions de travail et salaires : 82,5% des conducteurs de bus de Pau seront en gr\u00e8ve demain \u00bb"},"content":{"rendered":"<p class=\"post_excerpt\">Jeudi 1er septembre, jour de rentr\u00e9e scolaire, la grande majorit\u00e9 des transports en commun de Pau seront \u00e0 l&#8217;arr\u00eat. Philippe Castagno, conducteur de bus gr\u00e9viste et secr\u00e9taire g\u00e9n\u00e9ral de la CGT STAP Idelis, est l&#8217;invit\u00e9 de #LaMidinale.<\/p>\n<h2>UNE MIDINALE \u00c0 VOIR&#8230;<\/h2>\n<p><iframe loading=\"lazy\" width=\"490\" height=\"276\" src=\"https:\/\/www.youtube.com\/embed\/7GUjuI8ShLw\" title=\"YouTube video player\" frameborder=\"0\" allow=\"accelerometer; autoplay; clipboard-write; encrypted-media; gyroscope; picture-in-picture\" allowfullscreen><\/iframe><\/p>\n<p>&nbsp;<\/p>\n<p><h2>ET \u00c0 LIRE&#8230;<\/h2>\n<p><strong>Sur la situation des conducteurs de bus \u00e0 Pau<\/strong><br \/>\n\u00ab On a initi\u00e9 un mouvement de gr\u00e8ve en rapport avec nos conditions de travail qui se d\u00e9gradent d\u2019ann\u00e9e en ann\u00e9e ainsi que nos conditions salariales qui sont loin de suivre l\u2019inflation galopante. \u00bb<br \/>\n\u00ab Nos salaires ont \u00e9t\u00e9 revaloris\u00e9s de 1,5% en d\u00e9but d\u2019ann\u00e9e lors de nos n\u00e9gociations annuelles obligatoires (NAO) avec une petite prime de pouvoir d\u2019achat exceptionnelle (mais qui ne participe pas vraiment \u00e0 l\u2019augmentation de notre pouvoir d\u2019achat\u2026). \u00bb<br \/>\n\u00ab Le SMIC a augment\u00e9 de 8% quand nous n\u2019avons \u00e9t\u00e9 augment\u00e9 que de 1,5% ! \u00bb<br \/>\n\u00ab Nous sommes expos\u00e9s \u00e0 des conditions de travail ex\u00e9crables, de la violence, des incivilit\u00e9s et des heures de travail d\u00e9cal\u00e9es. \u00bb<br \/>\n\u00ab On est en sous-effectif donc tous nos jours de cong\u00e9 de r\u00e9cup\u00e9ration sont refus\u00e9s syst\u00e9matiquement. \u00bb<br \/>\n\u00ab Aujourd\u2019hui, on tire donc la sonnette d\u2019alarme et on demande au politique de prendre ses responsabilit\u00e9s en recr\u00e9ant de l\u2019attractivit\u00e9 dans notre m\u00e9tier de conducteurs de transports en commun. \u00bb<\/p>\n<p><strong>Sur la mobilisation<\/strong><br \/>\n\u00ab On commence demain jeudi 1er septembre, jour de la rentr\u00e9e scolaire.\u00bb<br \/>\n\u00ab Demain, nous avons 82,5% des agents de conduite qui se sont port\u00e9s gr\u00e9vistes \u2013 c\u2019est dire le taux de m\u00e9contentement dans l\u2019entreprise. \u00bb<br \/>\n\u00ab Le probl\u00e8me est tellement important au sein de l\u2019entreprise que c\u2019est la CGT qui a initi\u00e9 le mouvement mais FO nous a emboit\u00e9 le pas et la CFDT \u00e9galement. Tous les syndicats parlent donc d\u2019une voix unie. \u00bb<\/p>\n<p><strong>Sur les rapports avec la direction d&#8217;Idelis<\/strong><br \/>\n\u00ab Nous demandons des am\u00e9liorations des conditions de travail et le maintien du pouvoir d\u2019achat \u00e0 travers une r\u00e9ouverture des n\u00e9gociations annuelles obligatoires (NAO) de 2022. \u00bb<br \/>\n\u00ab Nous avons demand\u00e9 5% sur la valeur du point et la mise en place d\u2019une indemnit\u00e9 carburant pour aider face \u00e0 l\u2019augmentation du prix \u00e0 la pompe. \u00bb<br \/>\n\u00ab Le directeur nous a r\u00e9pondu favorablement, sans nous donner pour autant de r\u00e9sultats concrets mais a propos\u00e9 de nous rencontrer demain \u00e0 11 heures pour \u00e9voquer ces deux sujets. On pense que la direction a un plan et m\u00eame si elle ne donnera vraisemblablement pas ce que l\u2019on veut, on va entrer dans la n\u00e9gociation. \u00bb<\/p>\n<p><strong>Sur la p\u00e9nurie de conducteurs de transports en commun en g\u00e9n\u00e9ral<\/strong><br \/>\n\u00ab Il y a un probl\u00e8me avec le m\u00e9tier de conducteur. \u00bb<br \/>\n\u00ab Pendant la crise sanitaire, les gens se sont aper\u00e7us qu\u2019il y avait des m\u00e9tiers o\u00f9 l\u2019on ne travaillait pas en horaires d\u00e9cal\u00e9s, pas le week-end et o\u00f9 l\u2019on avait moins de responsabilit\u00e9s et d\u2019ennuis. Et ils sont all\u00e9s vers ces m\u00e9tiers. \u00bb<br \/>\n\u00ab Le m\u00e9tier de conducteur-receveur est confront\u00e9 \u00e0 une p\u00e9nibilit\u00e9 \u00e9lev\u00e9e : il y a tout ce qu\u2019il se passe \u00e0 l\u2019int\u00e9rieur du bus et tout ce qu\u2019il se passe \u00e0 l\u2019ext\u00e9rieur. Ajoutez \u00e0 cela des horaires d\u00e9cal\u00e9s et du travail le samedi comme le dimanche, vous obtenez le cocktail parfait pour d\u00e9sint\u00e9resser nombre de candidats. \u00bb<br \/>\n\u00ab L\u2019id\u00e9e, c\u2019est d\u2019assurer un  service public de qualit\u00e9 : il y a de plus en plus de personnes qui utilisent des services de mobilit\u00e9. Nous sommes, sur le territoire de Pau, la colonne vert\u00e9brale des mobilit\u00e9s et on consid\u00e8re que les gens ont le droit d\u2019\u00eatre transport\u00e9s dans de bonnes conditions et \u00e0 des tarifs avantageux. \u00bb <div id='gallery-1' class='gallery galleryid-13712 gallery-columns-3 gallery-size-thumbnail'><figure class='gallery-item'>\n\t\t\t<div class='gallery-icon landscape'>\n\t\t\t\t<a href='https:\/\/archives.regards.fr\/wp-content\/uploads\/2022\/08\/article_midinale-118-9da.png'><img loading=\"lazy\" decoding=\"async\" width=\"150\" height=\"150\" src=\"https:\/\/archives.regards.fr\/wp-content\/uploads\/2022\/08\/article_midinale-118-9da-150x150.png\" class=\"attachment-thumbnail size-thumbnail\" alt=\"article_midinale-118.png\" \/><\/a>\n\t\t\t<\/div><\/figure>\n\t\t<\/div>\n<\/p>\n","protected":false},"excerpt":{"rendered":"<p>Jeudi 1er septembre, jour de rentr\u00e9e scolaire, la grande majorit\u00e9 des transports en commun de Pau seront \u00e0 l&#8217;arr\u00eat. Philippe Castagno, conducteur de bus gr\u00e9viste et secr\u00e9taire g\u00e9n\u00e9ral de la CGT STAP Idelis, est l&#8217;invit\u00e9 de #LaMidinale.<\/p>\n","protected":false},"author":1204,"featured_media":32370,"comment_status":"open","ping_status":"open","sticky":false,"template":"","format":"standard","meta":{"_themeisle_gutenberg_block_has_review":false,"footnotes":""},"categories":[238],"tags":[293],"class_list":["post-13712","post","type-post","status-publish","format-standard","has-post-thumbnail","hentry","category-la-midinale","tag-entretien"],"_links":{"self":[{"href":"https:\/\/archives.regards.fr\/index.php?rest_route=\/wp\/v2\/posts\/13712","targetHints":{"allow":["GET"]}}],"collection":[{"href":"https:\/\/archives.regards.fr\/index.php?rest_route=\/wp\/v2\/posts"}],"about":[{"href":"https:\/\/archives.regards.fr\/index.php?rest_route=\/wp\/v2\/types\/post"}],"author":[{"embeddable":true,"href":"https:\/\/archives.regards.fr\/index.php?rest_route=\/wp\/v2\/users\/1204"}],"replies":[{"embeddable":true,"href":"https:\/\/archives.regards.fr\/index.php?rest_route=%2Fwp%2Fv2%2Fcomments&post=13712"}],"version-history":[{"count":0,"href":"https:\/\/archives.regards.fr\/index.php?rest_route=\/wp\/v2\/posts\/13712\/revisions"}],"wp:featuredmedia":[{"embeddable":true,"href":"https:\/\/archives.regards.fr\/index.php?rest_route=\/wp\/v2\/media\/32370"}],"wp:attachment":[{"href":"https:\/\/archives.regards.fr\/index.php?rest_route=%2Fwp%2Fv2%2Fmedia&parent=13712"}],"wp:term":[{"taxonomy":"category","embeddable":true,"href":"https:\/\/archives.regards.fr\/index.php?rest_route=%2Fwp%2Fv2%2Fcategories&post=13712"},{"taxonomy":"post_tag","embeddable":true,"href":"https:\/\/archives.regards.fr\/index.php?rest_route=%2Fwp%2Fv2%2Ftags&post=13712"}],"curies":[{"name":"wp","href":"https:\/\/api.w.org\/{rel}","templated":true}]}}