{"id":13707,"date":"2022-08-30T14:13:05","date_gmt":"2022-08-30T12:13:05","guid":{"rendered":"https:\/\/wp.muchomaas.com\/article-d-un-point-de-vue-de-classe-le-bilan-de-johnson-est-un-succes-les-riches-se\/"},"modified":"2023-06-24T00:30:53","modified_gmt":"2023-06-23T22:30:53","slug":"article-d-un-point-de-vue-de-classe-le-bilan-de-johnson-est-un-succes-les-riches-se","status":"publish","type":"post","link":"https:\/\/archives.regards.fr\/?p=13707","title":{"rendered":"\u00ab D&#8217;un point de vue de classe, le bilan de Johnson est un succ\u00e8s : les riches se sont enrichis \u00bb"},"content":{"rendered":"<p class=\"post_excerpt\">Quel bilan tirer du mandat de Boris Johnson ? Que penser de sa probable h\u00e9riti\u00e8re Liz Truss ? O\u00f9 est la gauche dans le mouvement social in\u00e9dit que conna\u00eet le Royaume-Uni ? Pour en parler, Thierry Labica, ma\u00eetre de conf\u00e9rence en \u00e9tudes britanniques \u00e0 l&#8217;universit\u00e9 Paris-Nanterre, est l&#8217;invit\u00e9 de #LaMidinale.<\/p>\n<h2>UNE MIDINALE \u00c0 VOIR&#8230;<\/h2>\n<p><iframe loading=\"lazy\" width=\"490\" height=\"276\" src=\"https:\/\/www.youtube.com\/embed\/-R81KOhGbEU\" title=\"YouTube video player\" frameborder=\"0\" allow=\"accelerometer; autoplay; clipboard-write; encrypted-media; gyroscope; picture-in-picture\" allowfullscreen><\/iframe><\/p>\n<p>&nbsp;<\/p>\n<p><h2>ET \u00c0 LIRE&#8230;<\/h2>\n<p><em> <strong>Sur le bilan de Boris Johnson<\/strong> <\/em><br \/>\n\u00ab Boris Johnson a rempli la mission pour laquelle il a \u00e9t\u00e9 \u00e9lu. Les riches capitalistes se sont tr\u00e8s largement enrichis. \u00bb<br \/>\n\u00ab Cet homme de l&#8217;\u00e9lite a r\u00e9ussi \u00e0 se faire passer pour un homme du peuple, contre des institutions bureaucratiques et corrompues. Une version anglaise soft de Bolsonaro ou Trump. \u00bb<br \/>\n\u00ab Sa fausse bonhomie a eu un certain succ\u00e8s. \u00bb<br \/>\n\u00ab Ses frasques ont fini par causer un probl\u00e8me de communication pour le pouvoir. \u00bb<br \/>\n\u00ab On ne voit pas dans les candidats qui se pr\u00e9sentent \u00e0 sa succession de modifications profondes par rapport \u00e0 la politique qu&#8217;il a men\u00e9 depuis 2019. \u00bb<br \/>\n\u00ab C&#8217;est un succ\u00e8s d&#8217;un point de vue de classe. Du point de vue de la nation, son bilan est catastrophique. \u00bb<\/p>\n<p><em> <strong>Sur Liz Truss<\/strong> <\/em><br \/>\n\u00ab Elle est le correctif du Boris Johnson un peu rigolo. C&#8217;est une femme qui \u00e0 l&#8217;air aust\u00e8re, s\u00e9v\u00e8re. \u00bb<br \/>\n\u00ab Il y a un h\u00e9ritage quasi revendiqu\u00e9 de la duret\u00e9 du thatch\u00e9risme. \u00bb<br \/>\n\u00ab On est en plein mouvement social et elle propose d&#8217;adopter des lois anti-syndicales encore plus dures que celles qui existent d\u00e9j\u00e0. \u00bb<\/p>\n<p><em> <strong>Sur la crise sociale et \u00e9conomique<\/strong> <\/em><br \/>\n\u00ab Il y a des millions de gens qui ne peuvent plus payer leurs factures d&#8217;\u00e9lectricit\u00e9 ou de gaz. \u00bb<br \/>\n\u00ab L&#8217;inflation gigantesque \u2013 +11% pour les prix \u00e0 la consommation depuis juillet dernier \u2013 s&#8217;explique par l&#8217;Ukraine, le covid\u2026 Mais la cause principale, c&#8217;est que les profits des entreprises, post-covid, sont 73% sup\u00e9rieurs \u00e0 ce qu&#8217;ils \u00e9taient avant le covid. C&#8217;est un accaparement de richesses absolument brutal et cruel. \u00bb<br \/>\n\u00ab Les candidats conservateurs \u00e0 la succession de Johnson sont positionn\u00e9s pour am\u00e9nager et poursuivre cet accaparement. \u00bb<div id='gallery-1' class='gallery galleryid-13707 gallery-columns-3 gallery-size-thumbnail'><figure class='gallery-item'>\n\t\t\t<div class='gallery-icon landscape'>\n\t\t\t\t<a href='https:\/\/archives.regards.fr\/wp-content\/uploads\/2022\/08\/article_midinale-117-1ff.png'><img loading=\"lazy\" decoding=\"async\" width=\"150\" height=\"150\" src=\"https:\/\/archives.regards.fr\/wp-content\/uploads\/2022\/08\/article_midinale-117-1ff-150x150.png\" class=\"attachment-thumbnail size-thumbnail\" alt=\"article_midinale-117.png\" \/><\/a>\n\t\t\t<\/div><\/figure>\n\t\t<\/div>\n<\/p>\n","protected":false},"excerpt":{"rendered":"<p>Quel bilan tirer du mandat de Boris Johnson ? Que penser de sa probable h\u00e9riti\u00e8re Liz Truss ? O\u00f9 est la gauche dans le mouvement social in\u00e9dit que conna\u00eet le Royaume-Uni ? Pour en parler, Thierry Labica, ma\u00eetre de conf\u00e9rence en \u00e9tudes britanniques \u00e0 l&#8217;universit\u00e9 Paris-Nanterre, est l&#8217;invit\u00e9 de #LaMidinale.<\/p>\n","protected":false},"author":1203,"featured_media":32360,"comment_status":"open","ping_status":"open","sticky":false,"template":"","format":"standard","meta":{"_themeisle_gutenberg_block_has_review":false,"footnotes":""},"categories":[238],"tags":[293],"class_list":["post-13707","post","type-post","status-publish","format-standard","has-post-thumbnail","hentry","category-la-midinale","tag-entretien"],"_links":{"self":[{"href":"https:\/\/archives.regards.fr\/index.php?rest_route=\/wp\/v2\/posts\/13707","targetHints":{"allow":["GET"]}}],"collection":[{"href":"https:\/\/archives.regards.fr\/index.php?rest_route=\/wp\/v2\/posts"}],"about":[{"href":"https:\/\/archives.regards.fr\/index.php?rest_route=\/wp\/v2\/types\/post"}],"author":[{"embeddable":true,"href":"https:\/\/archives.regards.fr\/index.php?rest_route=\/wp\/v2\/users\/1203"}],"replies":[{"embeddable":true,"href":"https:\/\/archives.regards.fr\/index.php?rest_route=%2Fwp%2Fv2%2Fcomments&post=13707"}],"version-history":[{"count":0,"href":"https:\/\/archives.regards.fr\/index.php?rest_route=\/wp\/v2\/posts\/13707\/revisions"}],"wp:featuredmedia":[{"embeddable":true,"href":"https:\/\/archives.regards.fr\/index.php?rest_route=\/wp\/v2\/media\/32360"}],"wp:attachment":[{"href":"https:\/\/archives.regards.fr\/index.php?rest_route=%2Fwp%2Fv2%2Fmedia&parent=13707"}],"wp:term":[{"taxonomy":"category","embeddable":true,"href":"https:\/\/archives.regards.fr\/index.php?rest_route=%2Fwp%2Fv2%2Fcategories&post=13707"},{"taxonomy":"post_tag","embeddable":true,"href":"https:\/\/archives.regards.fr\/index.php?rest_route=%2Fwp%2Fv2%2Ftags&post=13707"}],"curies":[{"name":"wp","href":"https:\/\/api.w.org\/{rel}","templated":true}]}}