{"id":13706,"date":"2022-08-29T16:21:56","date_gmt":"2022-08-29T14:21:56","guid":{"rendered":"https:\/\/wp.muchomaas.com\/article-clementine-autain-le-gouvernement-c-est-le-cercle-de-la-deraison\/"},"modified":"2023-06-24T00:30:53","modified_gmt":"2023-06-23T22:30:53","slug":"article-clementine-autain-le-gouvernement-c-est-le-cercle-de-la-deraison","status":"publish","type":"post","link":"https:\/\/archives.regards.fr\/?p=13706","title":{"rendered":"Cl\u00e9mentine Autain : \u00ab Le gouvernement, c\u2019est le cercle de la d\u00e9raison \u00bb"},"content":{"rendered":"<p class=\"post_excerpt\">Tout juste revenue de l&#8217;universit\u00e9 d&#8217;\u00e9t\u00e9 de son mouvement La France Insoumise et apr\u00e8s un passage \u00e0 celle du Parti socialiste, la d\u00e9put\u00e9e Cl\u00e9mentine Autain est l&#8217;invit\u00e9e de #LaMidinale.<\/p>\n<h2>UNE MIDINALE \u00c0 VOIR&#8230;<\/h2>\n<p><iframe loading=\"lazy\" width=\"490\" height=\"276\" src=\"https:\/\/www.youtube.com\/embed\/wf6BlMc5Eyo\" title=\"YouTube video player\" frameborder=\"0\" allow=\"accelerometer; autoplay; clipboard-write; encrypted-media; gyroscope; picture-in-picture\" allowfullscreen><\/iframe><\/p>\n<p>&nbsp;<\/p>\n<p><h2>ET \u00c0 LIRE&#8230;<\/h2>\n<p><em>\u00a0<strong>Sur l\u2019\u00e9t\u00e9 sec, caniculaire et br\u00fblant<\/em>\u00a0<\/strong><br \/>\n\u00ab\u00a0En mati\u00e8re \u00e9cologique, nous avons des irresponsables politiques enferm\u00e9s dans un cadre qui ne nous permet pas de changer notre trajectoire en termes de mod\u00e8le de d\u00e9veloppement pour commencer \u00e0 limiter les d\u00e9g\u00e2ts.\u00a0\u00bb<br \/>\n\u00ab\u00a0Nous devons investir dans la transition \u00e9cologique et commencer \u00e0 planifier dans le temps pour changer tout ce qui doit l\u2019\u00eatre.\u00a0\u00bb<br \/>\n\u00ab\u00a0L\u2019aust\u00e9rit\u00e9 budg\u00e9taire nous a mis dans le mur : ce qui s\u2019est pass\u00e9 en Corse et qui n\u2019a pas \u00e9t\u00e9 vu par M\u00e9t\u00e9o France, c\u2019est parce que M\u00e9t\u00e9o France a vu ses budgets se r\u00e9duire ces derniers temps et donc mesure de fa\u00e7on moins pr\u00e9cise les choses pour pouvoir les anticiper. Pareil pour l\u2019Observatoire national des for\u00eats qui a lui aussi \u00e9t\u00e9 malmen\u00e9 par les choix budg\u00e9taires du gouvernement.\u00a0\u00bb<br \/>\n\u00ab\u00a0Les catastrophes sont l\u00e0 mais les politiques publiques continuer sans sourciller et la France ne respecte m\u00eame pas les accords qu\u2019elle signe elle-m\u00eame.\u00a0\u00bb<\/p>\n<p><em>\u00a0<strong>Sur ce qu\u2019il faudrait faire et comment y parvenir<\/em>\u00a0<\/strong><br \/>\n\u00ab\u00a0Sans \u00e9cologie populaire, on ne va pas pouvoir changer la soci\u00e9t\u00e9.\u00a0\u00bb<br \/>\n\u00ab\u00a0Certaines mesures doivent venir d\u2019en haut : 63 Fran\u00e7ais, \u00e9videmment des gens tr\u00e8s tr\u00e8s riches, \u00e9mettent autant de gaz \u00e0 effet de serre que la moiti\u00e9 de la population.\u00a0\u00bb<br \/>\n\u00ab\u00a0On doit taxer les grands groupes \u00e9conomiques qui sont les premiers responsables des \u00e9missions et les hyper riches qui, par leur surconsommation d\u00e9lirante qui ne correspond \u00e0 aucun besoin v\u00e9ritable chez eux, vont devoir \u00eatre contraints.\u00a0\u00bb<br \/>\n\u00ab\u00a0Il faut aussi changer toute une s\u00e9rie de comportements car le consum\u00e9risme fait partie de notre vie quotidienne.\u00a0\u00bb<br \/>\n\u00ab\u00a0On a besoin que tout le monde s\u2019y mette, pas pour dire qu\u2019un geste plus un geste peut sauver la plan\u00e8te mais pour que notre univers mental sorte de la folie de la marchandise qui est au coeur de nos soci\u00e9t\u00e9s.\u00a0\u00bb<br \/>\n\u00ab\u00a0Jean-Luc M\u00e9lenchon l\u2019a dit pendant la campagne pr\u00e9sidentielle : nous voulons gouverner par les besoins, et pour cela on doit d\u00e9finir, avec les citoyennes et les citoyens, lesquels ils sont. On a besoin de d\u00e9mocratie pour mettre l\u2019appareil productif au service des besoins v\u00e9ritables.\u00a0\u00bb<br \/>\n\u00ab\u00a0Les choses se tiennent : le syst\u00e8me \u00e9conomique capitaliste qui, par sa loi du profit, emp\u00eache l\u2019\u00e9cologie d\u2019advenir, mais aussi la d\u00e9mocratie car, sans elle, on n\u2019y arrive pas.\u00a0\u00bb<\/p>\n<p><em>\u00a0<strong>Sur les Fran\u00e7ais et la politique<\/em>\u00a0<\/strong><br \/>\n \u00ab\u00a0On a trois p\u00f4les : l\u2019extr\u00eame droite, l\u2019extr\u00eame centre et le p\u00f4le social et \u00e9cologique avec la NUPES.\u00a0\u00bb<br \/>\n\u00ab\u00a0Le pouvoir en place a des recettes tr\u00e8s anciennes : il a 40 ans de retard avec ses d\u00e9r\u00e9gulations, son aust\u00e9rit\u00e9 budg\u00e9taire, la concurrence \u00e0 tous les \u00e9tages\u2026\u00a0\u00bb<br \/>\n\u00ab\u00a0Le gouvernement, c\u2019est le cercle de la d\u00e9raison.\u00a0\u00bb<br \/>\n\u00ab\u00a0Comme le jeu est \u00e0 trois p\u00f4les, il est tr\u00e8s difficile de d\u00e9gager des majorit\u00e9s : ma conviction, c\u2019est que le p\u00f4le central va s\u2019\u00e9crouler parce qu\u2019il a essay\u00e9 de ramasser en un les politiques d\u2019alternance telles qu\u2019elles ont exist\u00e9 depuis des d\u00e9cennies mais que c\u2019\u00e9tait essayer de rassembler des politiques qui ne marchaient d\u00e9j\u00e0 pas.\u00a0\u00bb<br \/>\n\u00ab\u00a0A la fin, il va rester l\u2019extr\u00eame droite et nous : et l\u00e0, il y aura une course de vitesse.\u00a0\u00bb<br \/>\n\u00ab\u00a0La casse d\u00e9lirante des services publics nous a amen\u00e9 au chaos dans lequel nous sommes actuellement avec des enseignants recrut\u00e9s en job dating, des cr\u00e8ches autoris\u00e9s par d\u00e9cret en plein mois d\u2019aout \u00e0 pouvoir recruter des personnels non qualifi\u00e9s, l\u2019h\u00f4pital public qui est en burnout maximal ou la SNCF o\u00f9 il manque 1200 agents.\u00a0Il y a un sentiment de soci\u00e9t\u00e9 en chaos.\u00a0\u00bb<br \/>\n\u00ab\u00a0On est dans une soci\u00e9t\u00e9 de malheur et de maltraitance : il faut que l\u2019on soit fer de lance de la bataille sociale et politique.\u00a0\u00bb<\/p>\n<p><em>\u00a0<strong>Sur la gauche et ses nuances<\/em>\u00a0<\/strong><br \/>\n\u00ab\u00a0Le juge de paix entre les forces de gauche a \u00e9t\u00e9 la pr\u00e9sidentielle o\u00f9 les \u00e9quilibres ont \u00e9t\u00e9 mesur\u00e9s.\u00a0\u00bb<br \/>\n\u00ab\u00a0Il y a eu une strat\u00e9gie impuls\u00e9e par la France Insoumise et Jean-Luc M\u00e9lenchon lui-m\u00eame de rassemblement au sein de la NUPES : \u00e7a a march\u00e9 puisque l\u2019on est pass\u00e9 d\u2019une soixantaine de d\u00e9put\u00e9s \u00e0 150.\u00a0\u00bb<br \/>\n\u00ab\u00a0La question, c\u2019est : comment on franchit une nouvelle \u00e9tape pour r\u00e9ussir \u00e0 gagner ?\u00a0\u00bb<br \/>\n\u00ab\u00a0J\u2019\u00e9tais \u00e0 l\u2019universit\u00e9 du Parti socialiste pour un d\u00e9bat sur la NUPES et les plus de 400 personnes pr\u00e9sentes se sont mises debout pour acclamer NUPES, NUPES, NUPES !\u00a0Ce n\u2019est peut-\u00eatre pas tout le Parti socialiste mais la dynamique est de ce c\u00f4t\u00e9-l\u00e0. \u00bb<\/p>\n<p><em>\u00a0<strong>Sur les propositions d\u2019\u00e9volution du mouvement insoumis<\/em>\u00a0<\/strong><br \/>\n\u00ab\u00a0Chez les militants et m\u00eame chez les cadres, j\u2019ai senti qu\u2019il y avait un \u00e9cho.\u00a0\u00bb<br \/>\n\u00ab\u00a0On \u00e9tait 5.000 \u00e0 notre universit\u00e9 d\u2019\u00e9t\u00e9 : c\u2019est \u00e9norme, on est en voie de massification.\u00a0\u00bb<br \/>\n\u00ab\u00a0Il faut des moyens pour que les collectifs locaux puissent se d\u00e9ployer et notamment dans le cadre de la bataille avec l\u2019extr\u00eame droite.\u00a0\u00bb<br \/>\n\u00ab\u00a0Il faut aussi qu\u2019il y ait du pluralisme pour qu\u2019il y ait du d\u00e9bat et que l\u2019on identifie plus clairement o\u00f9 et comment se prennent les d\u00e9cisions.\u00a0\u00bb<br \/>\n\u00ab\u00a0Un mouvement politique a une fonction d\u2019orientation : je suis pour le d\u00e9bat interne sans qu\u2019il y ait n\u00e9cessairement du conflit.\u00a0\u00bb<br \/>\n\u00ab\u00a0Le mouvement politique doit aussi \u00eatre dans les mobilisations : on sera les 22 et 29 septembre avec les syndicats. Et on veut nous m\u00eame enclencher quelque chose pour le mois d\u2019octobre.\u00a0\u00bb<br \/>\n\u00ab\u00a0Il faut \u00eatre dans les mouvements de la soci\u00e9t\u00e9 et y \u00eatre avec un cap.\u00a0\u00bb<\/p>\n<p><em>\u00a0<strong>Sur l\u2019extr\u00eame droite<\/em>\u00a0<\/strong><br \/>\n\u00ab\u00a0Il ne faut pas m\u00e9priser l\u2019\u00e9lectorat d\u2019extr\u00eame droite en lui disant qu\u2019il s\u2019est tromp\u00e9 et qu\u2019il ne sait pas ce qu\u2019il fait : je crois qu\u2019un certain nombre croient au racisme et \u00e0 l\u2019id\u00e9e que l\u2019on va r\u00e9g\u00e9n\u00e9rer la nation et ouvrir un avenir une fois que l\u2019on aura mis dehors les \u00e9trangers qui viennent manger le pain des Fran\u00e7ais et qu\u2019on aura chass\u00e9 tous les musulmans.\u00a0Ce socle id\u00e9ologique rencontre un \u00e9cho et il a \u00e9t\u00e9 matric\u00e9 : si des gens se mettent \u00e0 penser comme cela, c\u2019est que la r\u00e9plique en face n\u2019a pas \u00e9t\u00e9 suffisamment forte pendant tr\u00e8s longtemps. A force de dire que le FN posait les bonnes questions mais apportaient des mauvaises r\u00e9ponses, on a permis \u00e0 l\u2019extr\u00eame droite de gangr\u00e9ner les esprits.\u00a0\u00bb<br \/>\n\u00ab\u00a0Une autre part en veut au pouvoir en place et \u00e0 la macronie et cherche \u00e0 les mettre dehors. Eux ne sont pas forc\u00e9ment racistes mais ils pensent qu\u2019au moins, \u00e7a va permettre de changer.\u00a0\u00bb<br \/>\n\u00ab\u00a0Nous, ce qu\u2019on a \u00e0 faire, c\u2019est remobiliser l\u2019\u00e9lectorat de gauche tr\u00e8s d\u00e9\u00e7u par la gauche au pouvoir.\u00a0\u00bb<br \/>\n\u00ab\u00a0Jean-Luc M\u00e9lenchon a dit hier que s\u2019il y avait eu 2 points de plus de mobilisation des jeunes qui sont tr\u00e8s favorables \u00e0 la France Insoumise, on aurait pu passer le second tour : il y a des cat\u00e9gories de population qu\u2019il faut mobiliser davantage mais qui sont d\u00e9j\u00e0 avec nous.\u00a0\u00bb<br \/>\n\u00ab\u00a0Il y a une part g\u00e9ographique qui n\u2019explique pas tout mais qu\u2019il faut analyser en tant que telle. Il ne s\u2019agit pas de saucissonner la France en parlant un coup aux zones rurales, un coup aux banlieues mais je crois que la question poser par Fran\u00e7ois Ruffin m\u00e9rite d\u2019\u00eatre regard\u00e9e de pr\u00e8s.\u00a0\u00bb<br \/>\n\u00ab\u00a0Il faut que l\u2019on revoit la fa\u00e7on dont nous avons de nous adresser et d\u2019\u00eatre pr\u00e9sents sur les territoires.\u00a0Jean-Luc M\u00e9lenchon l\u2019a dit : on gagne l\u00e0 o\u00f9 il y a des r\u00e9volutionnaires.\u00a0\u00bb<div id='gallery-1' class='gallery galleryid-13706 gallery-columns-3 gallery-size-thumbnail'><figure class='gallery-item'>\n\t\t\t<div class='gallery-icon landscape'>\n\t\t\t\t<a href='https:\/\/archives.regards.fr\/wp-content\/uploads\/2022\/08\/article_midinale-116-229.png'><img loading=\"lazy\" decoding=\"async\" width=\"150\" height=\"150\" src=\"https:\/\/archives.regards.fr\/wp-content\/uploads\/2022\/08\/article_midinale-116-229-150x150.png\" class=\"attachment-thumbnail size-thumbnail\" alt=\"article_midinale-116.png\" \/><\/a>\n\t\t\t<\/div><\/figure>\n\t\t<\/div>\n<\/p>\n","protected":false},"excerpt":{"rendered":"<p>Tout juste revenue de l&#8217;universit\u00e9 d&#8217;\u00e9t\u00e9 de son mouvement La France Insoumise et apr\u00e8s un passage \u00e0 celle du Parti socialiste, la d\u00e9put\u00e9e Cl\u00e9mentine Autain est l&#8217;invit\u00e9e de #LaMidinale.<\/p>\n","protected":false},"author":1204,"featured_media":32358,"comment_status":"open","ping_status":"open","sticky":false,"template":"","format":"standard","meta":{"_themeisle_gutenberg_block_has_review":false,"footnotes":""},"categories":[238],"tags":[293],"class_list":["post-13706","post","type-post","status-publish","format-standard","has-post-thumbnail","hentry","category-la-midinale","tag-entretien"],"_links":{"self":[{"href":"https:\/\/archives.regards.fr\/index.php?rest_route=\/wp\/v2\/posts\/13706","targetHints":{"allow":["GET"]}}],"collection":[{"href":"https:\/\/archives.regards.fr\/index.php?rest_route=\/wp\/v2\/posts"}],"about":[{"href":"https:\/\/archives.regards.fr\/index.php?rest_route=\/wp\/v2\/types\/post"}],"author":[{"embeddable":true,"href":"https:\/\/archives.regards.fr\/index.php?rest_route=\/wp\/v2\/users\/1204"}],"replies":[{"embeddable":true,"href":"https:\/\/archives.regards.fr\/index.php?rest_route=%2Fwp%2Fv2%2Fcomments&post=13706"}],"version-history":[{"count":0,"href":"https:\/\/archives.regards.fr\/index.php?rest_route=\/wp\/v2\/posts\/13706\/revisions"}],"wp:featuredmedia":[{"embeddable":true,"href":"https:\/\/archives.regards.fr\/index.php?rest_route=\/wp\/v2\/media\/32358"}],"wp:attachment":[{"href":"https:\/\/archives.regards.fr\/index.php?rest_route=%2Fwp%2Fv2%2Fmedia&parent=13706"}],"wp:term":[{"taxonomy":"category","embeddable":true,"href":"https:\/\/archives.regards.fr\/index.php?rest_route=%2Fwp%2Fv2%2Fcategories&post=13706"},{"taxonomy":"post_tag","embeddable":true,"href":"https:\/\/archives.regards.fr\/index.php?rest_route=%2Fwp%2Fv2%2Ftags&post=13706"}],"curies":[{"name":"wp","href":"https:\/\/api.w.org\/{rel}","templated":true}]}}