{"id":13701,"date":"2022-07-28T12:23:10","date_gmt":"2022-07-28T10:23:10","guid":{"rendered":"https:\/\/wp.muchomaas.com\/article-l-assemblee-nationale-a-l-epreuve-des-strategies-politiques\/"},"modified":"2023-06-24T00:30:47","modified_gmt":"2023-06-23T22:30:47","slug":"article-l-assemblee-nationale-a-l-epreuve-des-strategies-politiques","status":"publish","type":"post","link":"https:\/\/archives.regards.fr\/?p=13701","title":{"rendered":"#D\u00c9BRIEF. L&#8217;Assembl\u00e9e \u00e0 l&#8217;\u00e9preuve des strat\u00e9gies politiques"},"content":{"rendered":"<p class=\"post_excerpt\">Dernier d\u00e9brief de l&#8217;ann\u00e9e sur le premier mois d&#8217;activit\u00e9 parlementaire de cette nouvelle mandature. Avec Catherine Tricot et Pablo Pillaud-Vivien.<\/p>\n<p><iframe loading=\"lazy\" width=\"490\" height=\"276\" src=\"https:\/\/www.youtube.com\/embed\/_f5AJAgT5Ck\" title=\"YouTube video player\" frameborder=\"0\" allow=\"accelerometer; autoplay; clipboard-write; encrypted-media; gyroscope; picture-in-picture\" allowfullscreen><\/iframe><div id='gallery-1' class='gallery galleryid-13701 gallery-columns-3 gallery-size-thumbnail'><figure class='gallery-item'>\n\t\t\t<div class='gallery-icon landscape'>\n\t\t\t\t<a href='https:\/\/archives.regards.fr\/wp-content\/uploads\/2022\/07\/article_debrief-2-cf0.png'><img loading=\"lazy\" decoding=\"async\" width=\"150\" height=\"150\" src=\"https:\/\/archives.regards.fr\/wp-content\/uploads\/2022\/07\/article_debrief-2-cf0-150x150.png\" class=\"attachment-thumbnail size-thumbnail\" alt=\"article_debrief-2.png\" \/><\/a>\n\t\t\t<\/div><\/figure>\n\t\t<\/div>\n<\/p>\n","protected":false},"excerpt":{"rendered":"<p>Dernier d\u00e9brief de l&#8217;ann\u00e9e sur le premier mois d&#8217;activit\u00e9 parlementaire de cette nouvelle mandature. Avec Catherine Tricot et Pablo Pillaud-Vivien.<\/p>\n","protected":false},"author":1204,"featured_media":32348,"comment_status":"open","ping_status":"open","sticky":false,"template":"","format":"standard","meta":{"_themeisle_gutenberg_block_has_review":false,"footnotes":""},"categories":[279],"tags":[],"class_list":["post-13701","post","type-post","status-publish","format-standard","has-post-thumbnail","hentry","category-videos"],"_links":{"self":[{"href":"https:\/\/archives.regards.fr\/index.php?rest_route=\/wp\/v2\/posts\/13701","targetHints":{"allow":["GET"]}}],"collection":[{"href":"https:\/\/archives.regards.fr\/index.php?rest_route=\/wp\/v2\/posts"}],"about":[{"href":"https:\/\/archives.regards.fr\/index.php?rest_route=\/wp\/v2\/types\/post"}],"author":[{"embeddable":true,"href":"https:\/\/archives.regards.fr\/index.php?rest_route=\/wp\/v2\/users\/1204"}],"replies":[{"embeddable":true,"href":"https:\/\/archives.regards.fr\/index.php?rest_route=%2Fwp%2Fv2%2Fcomments&post=13701"}],"version-history":[{"count":0,"href":"https:\/\/archives.regards.fr\/index.php?rest_route=\/wp\/v2\/posts\/13701\/revisions"}],"wp:featuredmedia":[{"embeddable":true,"href":"https:\/\/archives.regards.fr\/index.php?rest_route=\/wp\/v2\/media\/32348"}],"wp:attachment":[{"href":"https:\/\/archives.regards.fr\/index.php?rest_route=%2Fwp%2Fv2%2Fmedia&parent=13701"}],"wp:term":[{"taxonomy":"category","embeddable":true,"href":"https:\/\/archives.regards.fr\/index.php?rest_route=%2Fwp%2Fv2%2Fcategories&post=13701"},{"taxonomy":"post_tag","embeddable":true,"href":"https:\/\/archives.regards.fr\/index.php?rest_route=%2Fwp%2Fv2%2Ftags&post=13701"}],"curies":[{"name":"wp","href":"https:\/\/api.w.org\/{rel}","templated":true}]}}