{"id":13698,"date":"2022-07-20T15:36:53","date_gmt":"2022-07-20T13:36:53","guid":{"rendered":"https:\/\/wp.muchomaas.com\/article-les-homophobes-au-gouvernement-c-est-un-appel-du-pied-a-l-extreme-droite\/"},"modified":"2023-06-24T00:30:22","modified_gmt":"2023-06-23T22:30:22","slug":"article-les-homophobes-au-gouvernement-c-est-un-appel-du-pied-a-l-extreme-droite","status":"publish","type":"post","link":"https:\/\/archives.regards.fr\/?p=13698","title":{"rendered":"\u00ab Les homophobes au gouvernement, c&#8217;est un appel du pied \u00e0 l&#8217;extr\u00eame droite \u00bb"},"content":{"rendered":"<p class=\"post_excerpt\">Caroline Cayeux, Christophe B\u00e9chu et G\u00e9rald Darmanin : ces trois ministres sont aujourd&#8217;hui point\u00e9s du doigt pour leur position au moment des d\u00e9bats sur l&#8217;ouverture du mariage aux couples de m\u00eame sexe. Et pour des propos qu&#8217;ils ont pu tenir alors&#8230; et par la suite. Pour en parler, la d\u00e9put\u00e9e LFI de Loire-Atlantique S\u00e9gol\u00e8ne Amiot est l&#8217;invit\u00e9e de #LaMidinale.<\/p>\n<p><iframe loading=\"lazy\" width=\"490\" height=\"276\" src=\"https:\/\/www.youtube.com\/embed\/qAAHusXl1XM\" title=\"YouTube video player\" frameborder=\"0\" allow=\"accelerometer; autoplay; clipboard-write; encrypted-media; gyroscope; picture-in-picture\" allowfullscreen><\/iframe><div id='gallery-1' class='gallery galleryid-13698 gallery-columns-3 gallery-size-thumbnail'><figure class='gallery-item'>\n\t\t\t<div class='gallery-icon landscape'>\n\t\t\t\t<a href='https:\/\/archives.regards.fr\/wp-content\/uploads\/2022\/07\/article_midinale-115-653.png'><img loading=\"lazy\" decoding=\"async\" width=\"150\" height=\"150\" src=\"https:\/\/archives.regards.fr\/wp-content\/uploads\/2022\/07\/article_midinale-115-653-150x150.png\" class=\"attachment-thumbnail size-thumbnail\" alt=\"article_midinale-115.png\" \/><\/a>\n\t\t\t<\/div><\/figure>\n\t\t<\/div>\n<\/p>\n","protected":false},"excerpt":{"rendered":"<p>Caroline Cayeux, Christophe B\u00e9chu et G\u00e9rald Darmanin : ces trois ministres sont aujourd&#8217;hui point\u00e9s du doigt pour leur position au moment des d\u00e9bats sur l&#8217;ouverture du mariage aux couples de m\u00eame sexe. Et pour des propos qu&#8217;ils ont pu tenir alors&#8230; et par la suite. Pour en parler, la d\u00e9put\u00e9e LFI de Loire-Atlantique S\u00e9gol\u00e8ne Amiot est l&#8217;invit\u00e9e de #LaMidinale.<\/p>\n","protected":false},"author":1204,"featured_media":32286,"comment_status":"open","ping_status":"open","sticky":false,"template":"","format":"standard","meta":{"_themeisle_gutenberg_block_has_review":false,"footnotes":""},"categories":[238],"tags":[],"class_list":["post-13698","post","type-post","status-publish","format-standard","has-post-thumbnail","hentry","category-la-midinale"],"_links":{"self":[{"href":"https:\/\/archives.regards.fr\/index.php?rest_route=\/wp\/v2\/posts\/13698","targetHints":{"allow":["GET"]}}],"collection":[{"href":"https:\/\/archives.regards.fr\/index.php?rest_route=\/wp\/v2\/posts"}],"about":[{"href":"https:\/\/archives.regards.fr\/index.php?rest_route=\/wp\/v2\/types\/post"}],"author":[{"embeddable":true,"href":"https:\/\/archives.regards.fr\/index.php?rest_route=\/wp\/v2\/users\/1204"}],"replies":[{"embeddable":true,"href":"https:\/\/archives.regards.fr\/index.php?rest_route=%2Fwp%2Fv2%2Fcomments&post=13698"}],"version-history":[{"count":0,"href":"https:\/\/archives.regards.fr\/index.php?rest_route=\/wp\/v2\/posts\/13698\/revisions"}],"wp:featuredmedia":[{"embeddable":true,"href":"https:\/\/archives.regards.fr\/index.php?rest_route=\/wp\/v2\/media\/32286"}],"wp:attachment":[{"href":"https:\/\/archives.regards.fr\/index.php?rest_route=%2Fwp%2Fv2%2Fmedia&parent=13698"}],"wp:term":[{"taxonomy":"category","embeddable":true,"href":"https:\/\/archives.regards.fr\/index.php?rest_route=%2Fwp%2Fv2%2Fcategories&post=13698"},{"taxonomy":"post_tag","embeddable":true,"href":"https:\/\/archives.regards.fr\/index.php?rest_route=%2Fwp%2Fv2%2Ftags&post=13698"}],"curies":[{"name":"wp","href":"https:\/\/api.w.org\/{rel}","templated":true}]}}