{"id":13686,"date":"2022-07-19T16:57:43","date_gmt":"2022-07-19T14:57:43","guid":{"rendered":"https:\/\/wp.muchomaas.com\/article-la-jeunesse-devrait-refaire-un-mai-68-ecologique-antiraciste-feministe-et\/"},"modified":"2023-06-24T00:30:14","modified_gmt":"2023-06-23T22:30:14","slug":"article-la-jeunesse-devrait-refaire-un-mai-68-ecologique-antiraciste-feministe-et","status":"publish","type":"post","link":"https:\/\/archives.regards.fr\/?p=13686","title":{"rendered":"\u00ab La jeunesse devrait refaire un mai 68 \u00e9cologique, antiraciste, f\u00e9ministe et social \u00bb"},"content":{"rendered":"<p class=\"post_excerpt\">Les d\u00e9bats sur le projet de loi &#8220;pour la protection du pouvoir d&#8217;achat&#8221; ont commenc\u00e9. Pour en parler, le d\u00e9put\u00e9 LFI du Val-de-Marne Louis Boyard est l&#8217;invit\u00e9 de #LaMidinale.<\/p>\n<p><iframe loading=\"lazy\" width=\"490\" height=\"276\" src=\"https:\/\/www.youtube.com\/embed\/KyLuMdwRlJg\" title=\"YouTube video player\" frameborder=\"0\" allow=\"accelerometer; autoplay; clipboard-write; encrypted-media; gyroscope; picture-in-picture\" allowfullscreen><\/iframe><\/p>\n<div id='gallery-1' class='gallery galleryid-13686 gallery-columns-3 gallery-size-thumbnail'><figure class='gallery-item'>\n\t\t\t<div class='gallery-icon landscape'>\n\t\t\t\t<a href='https:\/\/archives.regards.fr\/wp-content\/uploads\/2022\/07\/article_midinale-114-585.png'><img loading=\"lazy\" decoding=\"async\" width=\"150\" height=\"150\" src=\"https:\/\/archives.regards.fr\/wp-content\/uploads\/2022\/07\/article_midinale-114-585-150x150.png\" class=\"attachment-thumbnail size-thumbnail\" alt=\"article_midinale-114.png\" \/><\/a>\n\t\t\t<\/div><\/figure>\n\t\t<\/div>\n\n","protected":false},"excerpt":{"rendered":"<p>Les d\u00e9bats sur le projet de loi &#8220;pour la protection du pouvoir d&#8217;achat&#8221; ont commenc\u00e9. Pour en parler, le d\u00e9put\u00e9 LFI du Val-de-Marne Louis Boyard est l&#8217;invit\u00e9 de #LaMidinale.<\/p>\n","protected":false},"author":1204,"featured_media":32264,"comment_status":"open","ping_status":"open","sticky":false,"template":"","format":"standard","meta":{"_themeisle_gutenberg_block_has_review":false,"footnotes":""},"categories":[238],"tags":[],"class_list":["post-13686","post","type-post","status-publish","format-standard","has-post-thumbnail","hentry","category-la-midinale"],"_links":{"self":[{"href":"https:\/\/archives.regards.fr\/index.php?rest_route=\/wp\/v2\/posts\/13686","targetHints":{"allow":["GET"]}}],"collection":[{"href":"https:\/\/archives.regards.fr\/index.php?rest_route=\/wp\/v2\/posts"}],"about":[{"href":"https:\/\/archives.regards.fr\/index.php?rest_route=\/wp\/v2\/types\/post"}],"author":[{"embeddable":true,"href":"https:\/\/archives.regards.fr\/index.php?rest_route=\/wp\/v2\/users\/1204"}],"replies":[{"embeddable":true,"href":"https:\/\/archives.regards.fr\/index.php?rest_route=%2Fwp%2Fv2%2Fcomments&post=13686"}],"version-history":[{"count":0,"href":"https:\/\/archives.regards.fr\/index.php?rest_route=\/wp\/v2\/posts\/13686\/revisions"}],"wp:featuredmedia":[{"embeddable":true,"href":"https:\/\/archives.regards.fr\/index.php?rest_route=\/wp\/v2\/media\/32264"}],"wp:attachment":[{"href":"https:\/\/archives.regards.fr\/index.php?rest_route=%2Fwp%2Fv2%2Fmedia&parent=13686"}],"wp:term":[{"taxonomy":"category","embeddable":true,"href":"https:\/\/archives.regards.fr\/index.php?rest_route=%2Fwp%2Fv2%2Fcategories&post=13686"},{"taxonomy":"post_tag","embeddable":true,"href":"https:\/\/archives.regards.fr\/index.php?rest_route=%2Fwp%2Fv2%2Ftags&post=13686"}],"curies":[{"name":"wp","href":"https:\/\/api.w.org\/{rel}","templated":true}]}}