{"id":13685,"date":"2022-07-18T14:43:51","date_gmt":"2022-07-18T12:43:51","guid":{"rendered":"https:\/\/wp.muchomaas.com\/article-petit-tour-de-l-actualite-politique-pour-le-dernier-debrief-de-l-annee\/"},"modified":"2023-06-24T00:30:14","modified_gmt":"2023-06-23T22:30:14","slug":"article-petit-tour-de-l-actualite-politique-pour-le-dernier-debrief-de-l-annee","status":"publish","type":"post","link":"https:\/\/archives.regards.fr\/?p=13685","title":{"rendered":"Petit tour de l&#8217;actualit\u00e9 politique pour l&#8217;avant-dernier d\u00e9brief de l&#8217;ann\u00e9e"},"content":{"rendered":"<p class=\"post_excerpt\">Avant-dernier d\u00e9brief de l&#8217;ann\u00e9e avec, au programme :<br \/>\n&#8211; Macron le 14 juillet : \u00e0 droite toute<br \/>\n&#8211; Loi Pouvoir d&#8217;achat : l&#8217;aum\u00f4ne de la col\u00e8re<br \/>\n&#8211; Wauquiez et les LR : un loup solitaire pour 2027 ?<br \/>\n&#8211; Incendies et d\u00e9r\u00e8glement climatique<br \/>\n&#8211; Nos recommandations pour l&#8217;\u00e9t\u00e9<\/p>\n<p><iframe loading=\"lazy\" width=\"490\" height=\"276\" src=\"https:\/\/www.youtube.com\/embed\/Wxk4T-7rfts\" title=\"YouTube video player\" frameborder=\"0\" allow=\"accelerometer; autoplay; clipboard-write; encrypted-media; gyroscope; picture-in-picture\" allowfullscreen><\/iframe><\/p>\n<p>&nbsp;<\/p>\n<div id='gallery-1' class='gallery galleryid-13685 gallery-columns-3 gallery-size-thumbnail'><figure class='gallery-item'>\n\t\t\t<div class='gallery-icon landscape'>\n\t\t\t\t<a href='https:\/\/archives.regards.fr\/wp-content\/uploads\/2022\/07\/fdbe2fde4392824b5b59fb94f052a6-2-74e.png'><img loading=\"lazy\" decoding=\"async\" width=\"150\" height=\"150\" src=\"https:\/\/archives.regards.fr\/wp-content\/uploads\/2022\/07\/fdbe2fde4392824b5b59fb94f052a6-2-74e-150x150.png\" class=\"attachment-thumbnail size-thumbnail\" alt=\"fdbe2fde4392824b5b59fb94f052a6-2.png\" \/><\/a>\n\t\t\t<\/div><\/figure>\n\t\t<\/div>\n\n","protected":false},"excerpt":{"rendered":"<p>Avant-dernier d\u00e9brief de l&#8217;ann\u00e9e avec, au programme :<br \/>\n&#8211; Macron le 14 juillet : \u00e0 droite toute<br \/>\n&#8211; Loi Pouvoir d&#8217;achat : l&#8217;aum\u00f4ne de la col\u00e8re<br \/>\n&#8211; Wauquiez et les LR : un loup solitaire pour 2027 ?<br \/>\n&#8211; Incendies et d\u00e9r\u00e8glement climatique<br \/>\n&#8211; Nos recommandations pour l&#8217;\u00e9t\u00e9<\/p>\n","protected":false},"author":1204,"featured_media":32223,"comment_status":"open","ping_status":"open","sticky":false,"template":"","format":"standard","meta":{"_themeisle_gutenberg_block_has_review":false,"footnotes":""},"categories":[279],"tags":[],"class_list":["post-13685","post","type-post","status-publish","format-standard","has-post-thumbnail","hentry","category-videos"],"_links":{"self":[{"href":"https:\/\/archives.regards.fr\/index.php?rest_route=\/wp\/v2\/posts\/13685","targetHints":{"allow":["GET"]}}],"collection":[{"href":"https:\/\/archives.regards.fr\/index.php?rest_route=\/wp\/v2\/posts"}],"about":[{"href":"https:\/\/archives.regards.fr\/index.php?rest_route=\/wp\/v2\/types\/post"}],"author":[{"embeddable":true,"href":"https:\/\/archives.regards.fr\/index.php?rest_route=\/wp\/v2\/users\/1204"}],"replies":[{"embeddable":true,"href":"https:\/\/archives.regards.fr\/index.php?rest_route=%2Fwp%2Fv2%2Fcomments&post=13685"}],"version-history":[{"count":0,"href":"https:\/\/archives.regards.fr\/index.php?rest_route=\/wp\/v2\/posts\/13685\/revisions"}],"wp:featuredmedia":[{"embeddable":true,"href":"https:\/\/archives.regards.fr\/index.php?rest_route=\/wp\/v2\/media\/32223"}],"wp:attachment":[{"href":"https:\/\/archives.regards.fr\/index.php?rest_route=%2Fwp%2Fv2%2Fmedia&parent=13685"}],"wp:term":[{"taxonomy":"category","embeddable":true,"href":"https:\/\/archives.regards.fr\/index.php?rest_route=%2Fwp%2Fv2%2Fcategories&post=13685"},{"taxonomy":"post_tag","embeddable":true,"href":"https:\/\/archives.regards.fr\/index.php?rest_route=%2Fwp%2Fv2%2Ftags&post=13685"}],"curies":[{"name":"wp","href":"https:\/\/api.w.org\/{rel}","templated":true}]}}