{"id":13677,"date":"2022-07-08T19:22:35","date_gmt":"2022-07-08T17:22:35","guid":{"rendered":"https:\/\/wp.muchomaas.com\/article-variole-du-singe-les-autorites-sanitaires-ont-ete-tres-lentes-a-reagir\/"},"modified":"2023-06-24T00:30:06","modified_gmt":"2023-06-23T22:30:06","slug":"article-variole-du-singe-les-autorites-sanitaires-ont-ete-tres-lentes-a-reagir","status":"publish","type":"post","link":"https:\/\/archives.regards.fr\/?p=13677","title":{"rendered":"Variole du singe: \u00ab Les autorit\u00e9s sanitaires ont \u00e9t\u00e9 tr\u00e8s lentes \u00e0 r\u00e9agir, notamment sur le vaccin \u00bb"},"content":{"rendered":"<p class=\"post_excerpt\">O\u00f9 en est-on de la prise en charge du monkeypox (variole du singe en anglais) ? Et pourquoi les autorit\u00e9s sanitaires ont-elles et sont-elle toujours aussi lentes \u00e0 r\u00e9agir ? S\u00e9bastien T\u00fcller, responsable LGBTI+ d&#8217;Amnesty International France, est l&#8217;invit\u00e9 de #LaMidinale.<\/p>\n<p><iframe loading=\"lazy\" width=\"490\" height=\"276\" src=\"https:\/\/www.youtube.com\/embed\/J7XLaROoVcs\" title=\"YouTube video player\" frameborder=\"0\" allow=\"accelerometer; autoplay; clipboard-write; encrypted-media; gyroscope; picture-in-picture\" allowfullscreen><\/iframe><\/p>\n<div id='gallery-1' class='gallery galleryid-13677 gallery-columns-3 gallery-size-thumbnail'><figure class='gallery-item'>\n\t\t\t<div class='gallery-icon landscape'>\n\t\t\t\t<a href='https:\/\/archives.regards.fr\/wp-content\/uploads\/2022\/07\/article_midinale-111-90b.png'><img loading=\"lazy\" decoding=\"async\" width=\"150\" height=\"150\" src=\"https:\/\/archives.regards.fr\/wp-content\/uploads\/2022\/07\/article_midinale-111-90b-150x150.png\" class=\"attachment-thumbnail size-thumbnail\" alt=\"article_midinale-111.png\" \/><\/a>\n\t\t\t<\/div><\/figure>\n\t\t<\/div>\n\n","protected":false},"excerpt":{"rendered":"<p>O\u00f9 en est-on de la prise en charge du monkeypox (variole du singe en anglais) ? Et pourquoi les autorit\u00e9s sanitaires ont-elles et sont-elle toujours aussi lentes \u00e0 r\u00e9agir ? S\u00e9bastien T\u00fcller, responsable LGBTI+ d&#8217;Amnesty International France, est l&#8217;invit\u00e9 de #LaMidinale.<\/p>\n","protected":false},"author":1204,"featured_media":32229,"comment_status":"open","ping_status":"open","sticky":false,"template":"","format":"standard","meta":{"_themeisle_gutenberg_block_has_review":false,"footnotes":""},"categories":[238],"tags":[],"class_list":["post-13677","post","type-post","status-publish","format-standard","has-post-thumbnail","hentry","category-la-midinale"],"_links":{"self":[{"href":"https:\/\/archives.regards.fr\/index.php?rest_route=\/wp\/v2\/posts\/13677","targetHints":{"allow":["GET"]}}],"collection":[{"href":"https:\/\/archives.regards.fr\/index.php?rest_route=\/wp\/v2\/posts"}],"about":[{"href":"https:\/\/archives.regards.fr\/index.php?rest_route=\/wp\/v2\/types\/post"}],"author":[{"embeddable":true,"href":"https:\/\/archives.regards.fr\/index.php?rest_route=\/wp\/v2\/users\/1204"}],"replies":[{"embeddable":true,"href":"https:\/\/archives.regards.fr\/index.php?rest_route=%2Fwp%2Fv2%2Fcomments&post=13677"}],"version-history":[{"count":0,"href":"https:\/\/archives.regards.fr\/index.php?rest_route=\/wp\/v2\/posts\/13677\/revisions"}],"wp:featuredmedia":[{"embeddable":true,"href":"https:\/\/archives.regards.fr\/index.php?rest_route=\/wp\/v2\/media\/32229"}],"wp:attachment":[{"href":"https:\/\/archives.regards.fr\/index.php?rest_route=%2Fwp%2Fv2%2Fmedia&parent=13677"}],"wp:term":[{"taxonomy":"category","embeddable":true,"href":"https:\/\/archives.regards.fr\/index.php?rest_route=%2Fwp%2Fv2%2Fcategories&post=13677"},{"taxonomy":"post_tag","embeddable":true,"href":"https:\/\/archives.regards.fr\/index.php?rest_route=%2Fwp%2Fv2%2Ftags&post=13677"}],"curies":[{"name":"wp","href":"https:\/\/api.w.org\/{rel}","templated":true}]}}