{"id":13671,"date":"2022-07-05T13:06:40","date_gmt":"2022-07-05T11:06:40","guid":{"rendered":"https:\/\/wp.muchomaas.com\/article-immigration-vers-une-entente-cordiale-des-lr-du-rn-et-du-camp-presidentiel\/"},"modified":"2023-06-24T00:29:57","modified_gmt":"2023-06-23T22:29:57","slug":"article-immigration-vers-une-entente-cordiale-des-lr-du-rn-et-du-camp-presidentiel","status":"publish","type":"post","link":"https:\/\/archives.regards.fr\/?p=13671","title":{"rendered":"Immigration : vers une entente cordiale des LR, du RN et du camp pr\u00e9sidentiel ?"},"content":{"rendered":"<p class=\"post_excerpt\">Chaque jour, retrouvez #LaMinutePolitique de Pierre Jacquemain.<\/p>\n<p><iframe loading=\"lazy\" width=\"490\" height=\"276\" src=\"https:\/\/www.youtube.com\/embed\/-kUV3C7-TgE\" title=\"YouTube video player\" frameborder=\"0\" allow=\"accelerometer; autoplay; clipboard-write; encrypted-media; gyroscope; picture-in-picture\" allowfullscreen><\/iframe><\/p>\n<p>&nbsp;<\/p>\n<p>Si le gouvernement n\u2019a pas de majorit\u00e9 pour faire adopter ses r\u00e9formes, il lui reste deux options : recourir au 49.3 sur les grands chantiers du quinquennat. Et sans doute que dans l\u2019imm\u00e9diat il pourrait y avoir recours dans le cadre du projet de loi de finance rectificative. Et il pourrait aussi se saisir de cette opportunit\u00e9 lors de la rentr\u00e9e 2023 lorsqu\u2019il s\u2019agira de clore les d\u00e9bats sur la tr\u00e8s controvers\u00e9e r\u00e9forme des retraites. Le seul probl\u00e8me : c\u2019est que le 49.3 ne peut \u00eatre utilis\u00e9 qu\u2019une seule fois par session parlementaire. Alors c\u2019est l\u00e0 que la deuxi\u00e8me option intervient. Chercher \u00e0 obtenir des majorit\u00e9s sur des textes pr\u00e9cis. Et en la mati\u00e8re, G\u00e9rald Darmanin a de la suite dans les id\u00e9es. <em>\u00ab Sur la s\u00e9curit\u00e9 et l\u2019immigration, nous trouverons une majorit\u00e9 absolue \u00e0 l\u2019Assembl\u00e9e nationale. Pour voter des moyens suppl\u00e9mentaires pour nos forces de l\u2019ordre, pour expulser les \u00e9trangers qui troublent l\u2019ordre public, pour lutter contre les casseurs \u00bb<\/em>, a pr\u00e9venu le ministre de l\u2019Int\u00e9rieur le 28 juin dernier sur RTL. Comprendre que si les R\u00e9publicains et le Rassemblement national sont coh\u00e9rents, ils voteront les textes.<\/p>\n<p>&nbsp;<\/p>\n<p>\n<strong>LIRE AUSSI SUR REGARDS.FR<br \/>\n>><\/strong> <em><a href=\"https:\/\/wp.muchomaas.com\/actu\/article\/borne-ii-la-regression-en-marche\">Borne II : la r\u00e9gression en marche<\/a><\/em><\/p>\n<p>&nbsp;<\/p>\n<p>Sur l\u2019immigration, Emmanuel Macron et G\u00e9rald Darmanin se sont entendus pour profiter du projet de loi d\u2019orientation et de programmation du minist\u00e8re de l\u2019Int\u00e9rieur \u2013 qu\u2019ils esp\u00e8rent pouvoir voter d\u2019ici la fin de l\u2019ann\u00e9e \u2013 pour r\u00e9former \u00e0 nouveaux le droit d\u2019asile et mettre en place de nouvelles mesures, plus restrictives encore, sur l\u2019immigration. On se souvient d\u00e9j\u00e0 de la loi dites \u201cCollomb\u201c, loi Asile et Immigration vot\u00e9e d\u00e8s le d\u00e9but du quinquennat pr\u00e9c\u00e9dent et qui avait suscit\u00e9 l\u2019indignation \u2013 jusque dans les rangs de la macronie. Depuis le vote de ce texte, les enfants peuvent rester enferm\u00e9s dans un centre de r\u00e9tention jusqu\u2019\u00e0 90 jours. Avec une Assembl\u00e9e nationale franchement et radicalement de droite, c\u2019est un coup d\u2019acc\u00e9l\u00e9rateur liberticide et s\u00e9curitaire que pourraient activer le couple Macron\/Darmanin. Leur obsession : expulser plus encore qu\u2019on ne le fait d\u00e9j\u00e0 les d\u00e9bout\u00e9s du droit d\u2019asile. Et pour cela, ils pourraient acc\u00e9l\u00e9rer les OQTF (Obligation de Quitter le Territoire Fran\u00e7ais) d\u00e8s le refus d\u2019une demande d\u2019asile et envisageraient dans le m\u00eame temps de supprimer l\u2019exception qui prot\u00e8ge les \u00e9trangers qui r\u00e9sident en France depuis au moins dix ans.<\/p>\n<p>C\u2019est donc sur le tr\u00e8s glissant terrain de l\u2019immigration et de la s\u00e9curit\u00e9 que Macron pourrait retrouver sa majorit\u00e9 perdue. Macron s\u2019est dit \u00e0 l\u2019\u00e9coute de ses oppositions. Et pr\u00eat aux compromis. De leur c\u00f4t\u00e9, les LR et le RN assument vouloir incarner une opposition constructive. De quoi entretenir une entente cordiale entre la droite, l\u2019extr\u00eame droite et le camp pr\u00e9sidentiel. Pour le pire. Et le pire.<\/p>\n<p>&nbsp;<\/p>\n<p>\n<a href=\"https:\/\/wp.muchomaas.com\/auteur\/pierre-jacquemain\"><strong>Pierre Jacquemain<\/strong><\/a><div id='gallery-1' class='gallery galleryid-13671 gallery-columns-3 gallery-size-thumbnail'><figure class='gallery-item'>\n\t\t\t<div class='gallery-icon landscape'>\n\t\t\t\t<a href='https:\/\/archives.regards.fr\/wp-content\/uploads\/2022\/07\/article_politique-2-eab.png'><img loading=\"lazy\" decoding=\"async\" width=\"150\" height=\"150\" src=\"https:\/\/archives.regards.fr\/wp-content\/uploads\/2022\/07\/article_politique-2-eab-150x150.png\" class=\"attachment-thumbnail size-thumbnail\" alt=\"article_politique-2.png\" \/><\/a>\n\t\t\t<\/div><\/figure>\n\t\t<\/div>\n<\/p>\n","protected":false},"excerpt":{"rendered":"<p>Chaque jour, retrouvez #LaMinutePolitique de Pierre Jacquemain.<\/p>\n","protected":false},"author":1039,"featured_media":32217,"comment_status":"open","ping_status":"open","sticky":false,"template":"","format":"standard","meta":{"_themeisle_gutenberg_block_has_review":false,"footnotes":""},"categories":[6],"tags":[],"class_list":["post-13671","post","type-post","status-publish","format-standard","has-post-thumbnail","hentry","category-actu"],"_links":{"self":[{"href":"https:\/\/archives.regards.fr\/index.php?rest_route=\/wp\/v2\/posts\/13671","targetHints":{"allow":["GET"]}}],"collection":[{"href":"https:\/\/archives.regards.fr\/index.php?rest_route=\/wp\/v2\/posts"}],"about":[{"href":"https:\/\/archives.regards.fr\/index.php?rest_route=\/wp\/v2\/types\/post"}],"author":[{"embeddable":true,"href":"https:\/\/archives.regards.fr\/index.php?rest_route=\/wp\/v2\/users\/1039"}],"replies":[{"embeddable":true,"href":"https:\/\/archives.regards.fr\/index.php?rest_route=%2Fwp%2Fv2%2Fcomments&post=13671"}],"version-history":[{"count":0,"href":"https:\/\/archives.regards.fr\/index.php?rest_route=\/wp\/v2\/posts\/13671\/revisions"}],"wp:featuredmedia":[{"embeddable":true,"href":"https:\/\/archives.regards.fr\/index.php?rest_route=\/wp\/v2\/media\/32217"}],"wp:attachment":[{"href":"https:\/\/archives.regards.fr\/index.php?rest_route=%2Fwp%2Fv2%2Fmedia&parent=13671"}],"wp:term":[{"taxonomy":"category","embeddable":true,"href":"https:\/\/archives.regards.fr\/index.php?rest_route=%2Fwp%2Fv2%2Fcategories&post=13671"},{"taxonomy":"post_tag","embeddable":true,"href":"https:\/\/archives.regards.fr\/index.php?rest_route=%2Fwp%2Fv2%2Ftags&post=13671"}],"curies":[{"name":"wp","href":"https:\/\/api.w.org\/{rel}","templated":true}]}}