{"id":13670,"date":"2022-07-04T18:08:11","date_gmt":"2022-07-04T16:08:11","guid":{"rendered":"https:\/\/wp.muchomaas.com\/article-borne-ii-la-regression-en-marche\/"},"modified":"2023-06-24T00:29:57","modified_gmt":"2023-06-23T22:29:57","slug":"article-borne-ii-la-regression-en-marche","status":"publish","type":"post","link":"https:\/\/archives.regards.fr\/?p=13670","title":{"rendered":"Borne II\u00a0: la r\u00e9gression en marche"},"content":{"rendered":"<p class=\"post_excerpt\">Chaque jour, retrouvez #LaMinutePolitique de Pierre Jacquemain.<\/p>\n<p><iframe loading=\"lazy\" width=\"490\" height=\"276\" src=\"https:\/\/www.youtube.com\/embed\/LBc3InrwxOQ\" title=\"YouTube video player\" frameborder=\"0\" allow=\"accelerometer; autoplay; clipboard-write; encrypted-media; gyroscope; picture-in-picture\" allowfullscreen><\/iframe><\/p>\n<p>&nbsp;<\/p>\n<p>S\u2019il y a bien un exercice dans lequel Emmanuel Macron n\u2019excelle pas, c\u2019est celui des ressources humaines. \u00c0 chaque remaniement, depuis 2017, le pr\u00e9sident de la R\u00e9publique peine \u00e0 trouver les bonnes personnes au bon endroit. Et quand la fum\u00e9e blanche s\u2019\u00e9chappe enfin de l\u2019Elys\u00e9e, c\u2019est toujours une d\u00e9ception. \u00c7a vaut pour le choix de ses premiers ministres. Il faut dire que quand on ne connait pas soi-m\u00eame la feuille de route, \u00e7a n\u2019aide pas\u00a0: on a quand m\u00eame un pr\u00e9sident de la R\u00e9publique qui a h\u00e9sit\u00e9 de longues semaines entre une premi\u00e8re ministre de gauche ou une premi\u00e8re ministre de droite. Comment composer un gouvernement quand on ne sait pas bien o\u00f9 on habite. Et \u00e7a vaut aussi, \u00e9videmment, pour ses ministres. Le souvenir le plus frappant c\u2019est quand m\u00eame celui de la gestion de la d\u00e9mission de G\u00e9rard Collomb au minist\u00e8re de l\u2019Int\u00e9rieur. Il aura fallu attendre 13 jours pour qu\u2019il prenne la d\u00e9cision de nommer Christophe Castaner.<\/p>\n<p>&nbsp;<\/p>\n<p>\n<strong>LIRE AUSSI SUR REGARDS.FR<br \/>\n>><\/strong> <em><a href=\"https:\/\/wp.muchomaas.com\/actu\/article\/union-europeenne-le-libre-echange-tue\">Union europ\u00e9enne : le libre-\u00e9change tue <\/a><\/em><\/p>\n<p>&nbsp;<\/p>\n<p>Donc\u00a0\u00e7a y est. Nous avons enfin un nouveau gouvernement. Borne II est n\u00e9 ce matin par un simple et sobre communiqu\u00e9 de l\u2019Elys\u00e9e, court-circuitant le secr\u00e9taire g\u00e9n\u00e9ral de l\u2019Elys\u00e9e et sa traditionnelle annonce depuis le perron du Palais pr\u00e9sidentiel. D\u2019abord, pour \u00eatre honn\u00eate, j\u2019ai souri en observant le retour de Marl\u00e8ne Schiappa. Cette macroniste de la premi\u00e8re heure, esp\u00e9rait sans doute une promotion. Il n\u2019en sera rien. C\u2019est m\u00eame une forme d\u2019humiliation machiste, misogyne que le pr\u00e9sident lui inflige sous nos yeux. Apr\u00e8s avoir \u00e9t\u00e9 ministre d\u00e9l\u00e9gu\u00e9e, la voil\u00e0 rel\u00e9gu\u00e9e au rang de Secr\u00e9taire d\u2019Etat \u00e0 l\u2019\u00e9conomie sociale et solidaire. Tout ce que Macron n\u2019int\u00e9resse pas. J\u2019ai souris, disais-je mais en r\u00e9alit\u00e9, \u00e7a ne pr\u00eate pas tant \u00e0 sourire. 90% des secr\u00e9taires d\u2019Etat sont des femmes. Sur 16 ministres, cinq seulement sont des femmes. Sur les 10 premiers minist\u00e8res dans l\u2019ordre protocolaire, huit sont des hommes contre deux femmes seulement. Preuve qu\u2019avoir une femme \u00e0 la t\u00eate du gouvernement ne pr\u00e9munit de rien. Ou alors, c\u2019est que Borne n\u2019a pas la main. <\/p>\n<p>Les autres enseignements que l\u2019on retient \u00e0 la lecture du nouveau gouvernement ne sont pas plus glorieux. Le minist\u00e8re de la transition \u00e9cologique passe du cinqui\u00e8me rang protocolaire au dixi\u00e8me. Et c\u2019est le proche d\u2019Edouard Philippe, Christophe B\u00e9chu, qui prend la place d\u2019Am\u00e9lie de Montchalin au minist\u00e8re. Un grand progressiste, peu connu des \u00e9cologistes et qui avait par exemple vot\u00e9 contre l\u2019interdiction des n\u00e9onicotino\u00efdes. \u00c7a promet. Un grand progressiste, disais-je, bien connu pour ses positions anti mariage pour tous. Tout comme sa nouvelle coll\u00e8gue, Caroline Cayeux, ministre d\u00e9l\u00e9gu\u00e9e aux collectivit\u00e9s territoriales, proche de la Manif pour tous. Le casting est donc parfait. A droite toute. Et vive les r\u00e9acs. Mais \u00e7a n\u2019est pas tout. Il y a plus subtile. Peut-\u00eatre plus inqui\u00e9tant. La ministre d\u00e9l\u00e9gu\u00e9e \u00e0 l\u2019enseignement professionnel, Carole Grandjean, est d\u00e9sormais plac\u00e9e sous double tutelle du minist\u00e8re de l\u2019Education nationale mais aussi et du minist\u00e8re du travail. In\u00e9dit\u00a0! Pareil pour Sarah El Ha\u00efri, secr\u00e9taire d\u2019Etat charg\u00e9e de la Jeunesse et du SNU (Service national universel). La voil\u00e0 plac\u00e9e sous la double tutelle du ministre de l\u2019Education nationale et, tenez-vous bien, du ministre des Arm\u00e9es. La jeunesse et le SNU plac\u00e9s sous les arm\u00e9es\u2026 <\/p>\n<p>Manquerait plus que G\u00e9rald Darmanin soit maintenu \u00e0 Beauvau. Ah ben si, il est toujours l\u00e0. Et il voit m\u00eame son portefeuille agrandit aux Outremers. Seul lot de consolation\u00a0: Damien Abad n\u2019est plus membre du gouvernement. Mais rassurez-vous\u00a0: Dupont-Moretti et Zacharopoulou sont toujours l\u00e0. Elisabeth Borne a d\u2019ores et d\u00e9j\u00e0 annonc\u00e9 qu\u2019elle ne solliciterait pas un vote de confiance ce mercredi lors de son discours de politique g\u00e9n\u00e9rale. Sans confiance, que reste-t-il\u00a0? La d\u00e9fiance. Et on voit mal comment tout \u00e7a pourra tenir durablement\u2026<\/p>\n<p>&nbsp;<\/p>\n<p>\n<a href=\"https:\/\/wp.muchomaas.com\/auteur\/pierre-jacquemain\"><strong>Pierre Jacquemain<\/strong><\/a><div id='gallery-1' class='gallery galleryid-13670 gallery-columns-3 gallery-size-thumbnail'><figure class='gallery-item'>\n\t\t\t<div class='gallery-icon landscape'>\n\t\t\t\t<a href='https:\/\/archives.regards.fr\/wp-content\/uploads\/2022\/07\/startup_screen_pol-3-2f7.png'><img loading=\"lazy\" decoding=\"async\" width=\"150\" height=\"150\" src=\"https:\/\/archives.regards.fr\/wp-content\/uploads\/2022\/07\/startup_screen_pol-3-2f7-150x150.png\" class=\"attachment-thumbnail size-thumbnail\" alt=\"startup_screen_pol-3.png\" \/><\/a>\n\t\t\t<\/div><\/figure><figure class='gallery-item'>\n\t\t\t<div class='gallery-icon landscape'>\n\t\t\t\t<a href='https:\/\/archives.regards.fr\/wp-content\/uploads\/2022\/07\/noisette_minute_politique-32-ee1.png'><img loading=\"lazy\" decoding=\"async\" width=\"150\" height=\"150\" src=\"https:\/\/archives.regards.fr\/wp-content\/uploads\/2022\/07\/noisette_minute_politique-32-ee1-150x150.png\" class=\"attachment-thumbnail size-thumbnail\" alt=\"noisette_minute_politique-32.png\" \/><\/a>\n\t\t\t<\/div><\/figure>\n\t\t<\/div>\n<\/p>\n","protected":false},"excerpt":{"rendered":"<p>Chaque jour, retrouvez #LaMinutePolitique de Pierre Jacquemain.<\/p>\n","protected":false},"author":1039,"featured_media":32214,"comment_status":"open","ping_status":"open","sticky":false,"template":"","format":"standard","meta":{"_themeisle_gutenberg_block_has_review":false,"footnotes":""},"categories":[6],"tags":[],"class_list":["post-13670","post","type-post","status-publish","format-standard","has-post-thumbnail","hentry","category-actu"],"_links":{"self":[{"href":"https:\/\/archives.regards.fr\/index.php?rest_route=\/wp\/v2\/posts\/13670","targetHints":{"allow":["GET"]}}],"collection":[{"href":"https:\/\/archives.regards.fr\/index.php?rest_route=\/wp\/v2\/posts"}],"about":[{"href":"https:\/\/archives.regards.fr\/index.php?rest_route=\/wp\/v2\/types\/post"}],"author":[{"embeddable":true,"href":"https:\/\/archives.regards.fr\/index.php?rest_route=\/wp\/v2\/users\/1039"}],"replies":[{"embeddable":true,"href":"https:\/\/archives.regards.fr\/index.php?rest_route=%2Fwp%2Fv2%2Fcomments&post=13670"}],"version-history":[{"count":0,"href":"https:\/\/archives.regards.fr\/index.php?rest_route=\/wp\/v2\/posts\/13670\/revisions"}],"wp:featuredmedia":[{"embeddable":true,"href":"https:\/\/archives.regards.fr\/index.php?rest_route=\/wp\/v2\/media\/32214"}],"wp:attachment":[{"href":"https:\/\/archives.regards.fr\/index.php?rest_route=%2Fwp%2Fv2%2Fmedia&parent=13670"}],"wp:term":[{"taxonomy":"category","embeddable":true,"href":"https:\/\/archives.regards.fr\/index.php?rest_route=%2Fwp%2Fv2%2Fcategories&post=13670"},{"taxonomy":"post_tag","embeddable":true,"href":"https:\/\/archives.regards.fr\/index.php?rest_route=%2Fwp%2Fv2%2Ftags&post=13670"}],"curies":[{"name":"wp","href":"https:\/\/api.w.org\/{rel}","templated":true}]}}