{"id":13666,"date":"2022-07-01T12:39:08","date_gmt":"2022-07-01T10:39:08","guid":{"rendered":"https:\/\/wp.muchomaas.com\/article-union-europeenne-le-libre-echange-tue\/"},"modified":"2023-06-24T00:29:56","modified_gmt":"2023-06-23T22:29:56","slug":"article-union-europeenne-le-libre-echange-tue","status":"publish","type":"post","link":"https:\/\/archives.regards.fr\/?p=13666","title":{"rendered":"Union europ\u00e9enne\u00a0: le libre-\u00e9change tue\u00a0"},"content":{"rendered":"<p class=\"post_excerpt\">Chaque jour, retrouvez #LaMinutePolitique de Pierre Jacquemain.<\/p>\n<p><iframe loading=\"lazy\" width=\"490\" height=\"276\" src=\"https:\/\/www.youtube.com\/embed\/P8_5XsG7VGc\" title=\"YouTube video player\" frameborder=\"0\" allow=\"accelerometer; autoplay; clipboard-write; encrypted-media; gyroscope; picture-in-picture\" allowfullscreen><\/iframe><\/p>\n<p>&nbsp;<\/p>\n<p>La pr\u00e9sidence fran\u00e7aise de l\u2019Union europ\u00e9enne s\u2019ach\u00e8ve. Et pour f\u00eater\u00a0\u00e7a, quoi de mieux qu\u2019un accord de libre \u00e9change\u00a0? C\u2019est ce que l\u2019Europe sait faire de mieux. Pour le meilleur\u2026 et pour le pire\u00a0! Apr\u00e8s quatre ans de n\u00e9gociations, l\u2019Union europ\u00e9enne vient de signer un accord de libre-\u00e9change avec la Nouvelle Z\u00e9lande. 18.000 kilom\u00e8tres nous s\u00e9parent des N\u00e9o-Z\u00e9landais mais on sera ravis d\u2019apprendre que l\u2019on pourra bient\u00f4t consommer de la viande n\u00e9o-z\u00e9landaise. Et peu importe si les normes de production agricole diff\u00e8rent de nous. Peu importe si les pesticides ou herbicides utilis\u00e9s en Nouvelle-Z\u00e9lande sont interdits en Europe. Peu importe la plan\u00e8te. Peu importe les transports de marchandises. Peu importe le climat et l\u2019environnement. Peu importe tout \u00e7a puisqu\u2019il est question de plusieurs milliards d\u2019euros par an.<\/p>\n<p>&nbsp;<\/p>\n<p>\n<strong>LIRE AUSSI SUR REGARDS.FR<br \/>\n>><\/strong> <em><a href=\"https:\/\/wp.muchomaas.com\/actu\/article\/le-maitre-des-horloges-a-perdu-sa-rolex\">Le ma\u00eetre des horloges a perdu sa Rolex !<\/a><\/em><\/p>\n<p>&nbsp;<\/p>\n<p>Depuis plusieurs ann\u00e9es, l\u2019Union europ\u00e9enne ne m\u00e9nage pas ses efforts pour faire la part belle au march\u00e9 mondial. L\u2019objectif\u00a0: r\u00e9duire les droits de douane entre les Etats pour favoriser les \u00e9changes commerciaux. Lever les blocages, ce qu\u2019on appelle notamment les \u00ab\u00a0obstacles non-tarifaires\u00a0\u00bb. Des accords qui concernent le commerce, les services, les march\u00e9s publics \u2013 souvent pour en faciliter la libre concurrence \u2013 ou encore la propri\u00e9t\u00e9 intellectuelle. Canada, Japon, Singapour, Mercosur\u2026 L\u2019Union europ\u00e9enne signe \u00e0 tout va. Seules les n\u00e9gociations avec les Etats-Unis, l\u2019Inde et le Maroc sont suspendues. Des accords aux cons\u00e9quences catastrophiques sur le plan climatique et environnemental. Mais tout aussi catastrophique sur le plan social\u00a0avec des secteurs d\u2019activit\u00e9 gravement affect\u00e9s. Et des emplois menac\u00e9s. <\/p>\n<p>Le monde vit une crise alimentaire in\u00e9dite. Pr\u00e8s d\u2019un milliard d\u2019\u00eatres humains luttent pour la faim. 20% de la production alimentaire est jet\u00e9e \u00e0 la poubelle. 30% de cette production est destin\u00e9e \u00e0 l\u2019alimentation animale et \u00e0 la production de biocarburant. Mais l\u2019urgence pour l\u2019Union europ\u00e9enne, c\u2019est que les europ\u00e9ens puissent manger du b\u0153uf N\u00e9o-Z\u00e9landais bourr\u00e9 aux hormones. L\u2019urgence pour l\u2019Union europ\u00e9enne, c\u2019est de produire plus pour consommer plus. Et peu importe si les terres sont surexploit\u00e9es. Peu importe si nous cr\u00e9ons les conditions de la mort \u00e0 petit feu de notre biodiversit\u00e9. Nous n\u2019avons pas voix au chapitre\u00a0: 70% des terres agricoles appartiennent \u00e0 1% des exploitants. La financiarisation de nos terres s\u2019acc\u00e9l\u00e8re et en Europe la taille des exploitations a doubl\u00e9 en un demi-si\u00e8cle.<\/p>\n<p>Alors on va nous dire\u00a0: <em>\u00ab\u00a0Oui mais avec la guerre en Ukraine, il y a p\u00e9nurie des produits alimentaires\u00a0\u00bb<\/em>. La p\u00e9nurie a bon dos. De p\u00e9nurie il n\u2019y a pas. La crise alimentaire ne date pas d\u2019hier. La guerre en Ukraine ne fait qu\u2019acc\u00e9l\u00e9rer la crise alimentaire. Et dont les premi\u00e8res victimes sont les pays du Sud qui luttent pour la faim. L\u2019enjeu n\u2019est pas la production. L\u2019enjeu est dans la ma\u00eetrise des prix. Et dans l\u2019acc\u00e8s de tous \u00e0 une alimentation. \u00c7a devrait \u00eatre notre obsession. Une obsession europ\u00e9enne. Une obsession mondiale. H\u00e9las, comme dirait Macron paraphrasant Macron\u00a0: nos vies valent plus que leurs profits. <\/p>\n<p>&nbsp;<\/p>\n<p>\n<a href=\"https:\/\/wp.muchomaas.com\/auteur\/pierre-jacquemain\"><strong>Pierre Jacquemain<\/strong><\/a><div id='gallery-1' class='gallery galleryid-13666 gallery-columns-3 gallery-size-thumbnail'><figure class='gallery-item'>\n\t\t\t<div class='gallery-icon landscape'>\n\t\t\t\t<a href='https:\/\/archives.regards.fr\/wp-content\/uploads\/2022\/07\/article-2-90d.png'><img loading=\"lazy\" decoding=\"async\" width=\"150\" height=\"150\" src=\"https:\/\/archives.regards.fr\/wp-content\/uploads\/2022\/07\/article-2-90d-150x150.png\" class=\"attachment-thumbnail size-thumbnail\" alt=\"article-2.png\" \/><\/a>\n\t\t\t<\/div><\/figure>\n\t\t<\/div>\n<\/p>\n","protected":false},"excerpt":{"rendered":"<p>Chaque jour, retrouvez #LaMinutePolitique de Pierre Jacquemain.<\/p>\n","protected":false},"author":1039,"featured_media":32208,"comment_status":"open","ping_status":"open","sticky":false,"template":"","format":"standard","meta":{"_themeisle_gutenberg_block_has_review":false,"footnotes":""},"categories":[6],"tags":[],"class_list":["post-13666","post","type-post","status-publish","format-standard","has-post-thumbnail","hentry","category-actu"],"_links":{"self":[{"href":"https:\/\/archives.regards.fr\/index.php?rest_route=\/wp\/v2\/posts\/13666","targetHints":{"allow":["GET"]}}],"collection":[{"href":"https:\/\/archives.regards.fr\/index.php?rest_route=\/wp\/v2\/posts"}],"about":[{"href":"https:\/\/archives.regards.fr\/index.php?rest_route=\/wp\/v2\/types\/post"}],"author":[{"embeddable":true,"href":"https:\/\/archives.regards.fr\/index.php?rest_route=\/wp\/v2\/users\/1039"}],"replies":[{"embeddable":true,"href":"https:\/\/archives.regards.fr\/index.php?rest_route=%2Fwp%2Fv2%2Fcomments&post=13666"}],"version-history":[{"count":0,"href":"https:\/\/archives.regards.fr\/index.php?rest_route=\/wp\/v2\/posts\/13666\/revisions"}],"wp:featuredmedia":[{"embeddable":true,"href":"https:\/\/archives.regards.fr\/index.php?rest_route=\/wp\/v2\/media\/32208"}],"wp:attachment":[{"href":"https:\/\/archives.regards.fr\/index.php?rest_route=%2Fwp%2Fv2%2Fmedia&parent=13666"}],"wp:term":[{"taxonomy":"category","embeddable":true,"href":"https:\/\/archives.regards.fr\/index.php?rest_route=%2Fwp%2Fv2%2Fcategories&post=13666"},{"taxonomy":"post_tag","embeddable":true,"href":"https:\/\/archives.regards.fr\/index.php?rest_route=%2Fwp%2Fv2%2Ftags&post=13666"}],"curies":[{"name":"wp","href":"https:\/\/api.w.org\/{rel}","templated":true}]}}