{"id":13665,"date":"2022-06-30T18:21:55","date_gmt":"2022-06-30T16:21:55","guid":{"rendered":"https:\/\/wp.muchomaas.com\/article-le-maitre-des-horloges-a-perdu-sa-rolex\/"},"modified":"2023-06-24T00:29:56","modified_gmt":"2023-06-23T22:29:56","slug":"article-le-maitre-des-horloges-a-perdu-sa-rolex","status":"publish","type":"post","link":"https:\/\/archives.regards.fr\/?p=13665","title":{"rendered":"Le ma\u00eetre des horloges a perdu sa Rolex !"},"content":{"rendered":"<p class=\"post_excerpt\">Chaque jour, retrouvez #LaMinutePolitique de Pierre Jacquemain.<\/p>\n<p><iframe loading=\"lazy\" width=\"490\" height=\"276\" src=\"https:\/\/www.youtube.com\/embed\/HBcmyFMySrs\" title=\"YouTube video player\" frameborder=\"0\" allow=\"accelerometer; autoplay; clipboard-write; encrypted-media; gyroscope; picture-in-picture\" allowfullscreen><\/iframe><\/p>\n<p>&nbsp;<\/p>\n<p>Voil\u00e0 pr\u00e8s de deux mois qu\u2019Emmanuel Macron a \u00e9t\u00e9 r\u00e9\u00e9lu pr\u00e9sident de la R\u00e9publique. 67 jours tr\u00e8s exactement. Un peu plus d\u2019un mois et demi qu\u2019\u00c9lisabeth Borne a \u00e9t\u00e9 nomm\u00e9e Premi\u00e8re ministre. 45 jours tr\u00e8s exactement. 22 jours : c\u2019est la dur\u00e9e que nous aurons attendus pour que le pr\u00e9sident nomme la successeure de Jean Castex \u00e0 Matignon. Qu\u2019a fait Emmanuel Macron de tout ce temps ? O\u00f9 sont pass\u00e9s les fameux 100 premiers jours du Pr\u00e9sident \u00e9lu \u2013 que l\u2019on dit d\u00e9cisifs ? Qu\u2019a fait \u00c9lisabeth Borne de toutes ces heures ? Rien. Le pays est \u00e0 l\u2019arr\u00eat. Les administrations sont \u00e0 l\u2019arr\u00eat. Le temps semble s\u2019\u00eatre arr\u00eat\u00e9. Un comble pour celui que l\u2019on a pr\u00e9sent\u00e9, longtemps, comme le ma\u00eetre des horloges.<\/p>\n<p>&nbsp;<\/p>\n<p>\n<strong>LIRE AUSSI SUR REGARDS.FR<br \/>\n>><\/strong> <em><a href=\"https:\/\/wp.muchomaas.com\/actu\/article\/assemblee-nationale-le-%CC%B6r%CC%B6n%CC%B6-fn-fait-son-retour\">Assembl\u00e9e nationale : le FN fait son retour<\/a><\/em><\/p>\n<p>&nbsp;<\/p>\n<p>Emmanuel Macron ne ma\u00eetrise rien. Il voulait Vautrin \u00e0 Matignon. \u00c7a sera Borne. Il voulait Lescure au perchoir. \u00c7a sera Braun-Pivet. Il esp\u00e9rait garder Castaner \u00e0 la t\u00eate du groupe de la majorit\u00e9 pr\u00e9sidentielle. \u00c7a sera Berg\u00e9. Macron imaginait sans doute qu\u2019obtenir une majorit\u00e9 absolue \u00e0 l\u2019Assembl\u00e9e nationale serait une simple formalit\u00e9. Erreur. Grosse erreur. Une erreur que ne lui pardonnent pas ses amis. Macron n\u2019aime pas la critique. Dans les couloirs de l\u2019\u00c9lys\u00e9e, il est en mode : \u00ab Tu m\u2019aimes ou tu me quittes \u00bb. Pas de place pour la critique. Pas de place non plus pour l\u2019analyse : pourquoi cet \u00e9chec ? Pourquoi ce revers \u00e9lectoral ? L\u2019\u00e9chec en Macronie n\u2019existe pas. Il n\u2019y a pas d\u2019\u00e9chec. Il n\u2019y a que des victoires : et il r\u00e9p\u00e8te \u00e0 l\u2019envi qu\u2019il est le premier groupe parlementaire. <\/p>\n<p>La belle affaire. Un premier groupe qui ne peut rien. Rien imposer. Et il croit encore pouvoir man\u0153uvrer. Jusque dans son allocution t\u00e9l\u00e9vis\u00e9e de la semaine derni\u00e8re lorsqu\u2019il assurait qu\u2019il ne lui manquait qu\u2019une petite trentaine de d\u00e9put\u00e9s pour obtenir une majorit\u00e9 quand on en compte 44. Pas de majorit\u00e9, a priori, pour la loi de finances rectificatives. Pas de majorit\u00e9 pour la loi sur le pouvoir d\u2019achat \u2013 encore faudrait-il en conna\u00eetre pr\u00e9cis\u00e9ment le contenu. Pas de majorit\u00e9, non plus, pour la r\u00e9forme des retraites, celle qu\u2019il avait promis pour le quinquennat pr\u00e9c\u00e9dent et qu\u2019il entend faire voter pour la rentr\u00e9e 2023. Pas de majorit\u00e9 non plus pour assurer un vote de confiance \u00e0 la Premi\u00e8re ministre qui prononcera son discours de politique g\u00e9n\u00e9rale mercredi 6 juillet.<\/p>\n<p>Pas de majorit\u00e9. Il lui reste le 49.3 qu\u2019il ne peut utiliser qu\u2019une fois par session parlementaire. Et en attendant la majorit\u00e9, Macron bricole. Quitte \u00e0 jouer avec le feu. Et \u00e0 faire exploser les verrous du front r\u00e9publicain. Macron a perdu sa Rolex. Mais il a aussi perdu sa boussole\u2026 <\/p>\n<p>&nbsp;<\/p>\n<p>\n<a href=\"https:\/\/wp.muchomaas.com\/auteur\/pierre-jacquemain\"><strong>Pierre Jacquemain<\/strong><\/a><div id='gallery-1' class='gallery galleryid-13665 gallery-columns-3 gallery-size-thumbnail'><figure class='gallery-item'>\n\t\t\t<div class='gallery-icon landscape'>\n\t\t\t\t<a href='https:\/\/archives.regards.fr\/wp-content\/uploads\/2022\/06\/article_pol-7-465.png'><img loading=\"lazy\" decoding=\"async\" width=\"150\" height=\"150\" src=\"https:\/\/archives.regards.fr\/wp-content\/uploads\/2022\/06\/article_pol-7-465-150x150.png\" class=\"attachment-thumbnail size-thumbnail\" alt=\"article_pol-7.png\" \/><\/a>\n\t\t\t<\/div><\/figure>\n\t\t<\/div>\n<\/p>\n","protected":false},"excerpt":{"rendered":"<p>Chaque jour, retrouvez #LaMinutePolitique de Pierre Jacquemain.<\/p>\n","protected":false},"author":1039,"featured_media":32206,"comment_status":"open","ping_status":"open","sticky":false,"template":"","format":"standard","meta":{"_themeisle_gutenberg_block_has_review":false,"footnotes":""},"categories":[6],"tags":[],"class_list":["post-13665","post","type-post","status-publish","format-standard","has-post-thumbnail","hentry","category-actu"],"_links":{"self":[{"href":"https:\/\/archives.regards.fr\/index.php?rest_route=\/wp\/v2\/posts\/13665","targetHints":{"allow":["GET"]}}],"collection":[{"href":"https:\/\/archives.regards.fr\/index.php?rest_route=\/wp\/v2\/posts"}],"about":[{"href":"https:\/\/archives.regards.fr\/index.php?rest_route=\/wp\/v2\/types\/post"}],"author":[{"embeddable":true,"href":"https:\/\/archives.regards.fr\/index.php?rest_route=\/wp\/v2\/users\/1039"}],"replies":[{"embeddable":true,"href":"https:\/\/archives.regards.fr\/index.php?rest_route=%2Fwp%2Fv2%2Fcomments&post=13665"}],"version-history":[{"count":0,"href":"https:\/\/archives.regards.fr\/index.php?rest_route=\/wp\/v2\/posts\/13665\/revisions"}],"wp:featuredmedia":[{"embeddable":true,"href":"https:\/\/archives.regards.fr\/index.php?rest_route=\/wp\/v2\/media\/32206"}],"wp:attachment":[{"href":"https:\/\/archives.regards.fr\/index.php?rest_route=%2Fwp%2Fv2%2Fmedia&parent=13665"}],"wp:term":[{"taxonomy":"category","embeddable":true,"href":"https:\/\/archives.regards.fr\/index.php?rest_route=%2Fwp%2Fv2%2Fcategories&post=13665"},{"taxonomy":"post_tag","embeddable":true,"href":"https:\/\/archives.regards.fr\/index.php?rest_route=%2Fwp%2Fv2%2Ftags&post=13665"}],"curies":[{"name":"wp","href":"https:\/\/api.w.org\/{rel}","templated":true}]}}