{"id":13660,"date":"2022-06-29T14:43:35","date_gmt":"2022-06-29T12:43:35","guid":{"rendered":"https:\/\/wp.muchomaas.com\/article-la-revalorisation-du-point-d-indice-des-fonctionnaires-de-3-5-est-loin-d-etre-a-13660\/"},"modified":"2023-06-24T00:29:51","modified_gmt":"2023-06-23T22:29:51","slug":"article-la-revalorisation-du-point-d-indice-des-fonctionnaires-de-3-5-est-loin-d-etre-a-13660","status":"publish","type":"post","link":"https:\/\/archives.regards.fr\/?p=13660","title":{"rendered":"\u00ab La revalorisation du point d\u2019indice des fonctionnaires de 3,5% est loin d&#8217;\u00eatre \u00e0 la hauteur \u00bb"},"content":{"rendered":"<p class=\"post_excerpt\">La CGT demandait une hausse d&#8217;au moins 10% des traitements des fonctionnaires. Un \u00ab juste d\u00fb \u00bb selon elle pour pallier la baisse chronique de leur pouvoir d&#8217;achat depuis plus de 10 ans. Jesus De Carlos, secr\u00e9taire g\u00e9n\u00e9ral de l\u2019Union f\u00e9d\u00e9rale des ing\u00e9nieurs, cadres, techniciens au sein de la F\u00e9d\u00e9ration CGT des Services publics, est l&#8217;invit\u00e9 de #LaMidinale.<\/p>\n<p><iframe loading=\"lazy\" width=\"490\" height=\"276\" src=\"https:\/\/www.youtube.com\/embed\/BbicOMy-hFE\" title=\"YouTube video player\" frameborder=\"0\" allow=\"accelerometer; autoplay; clipboard-write; encrypted-media; gyroscope; picture-in-picture\" allowfullscreen><\/iframe><\/p>\n<div id='gallery-1' class='gallery galleryid-13660 gallery-columns-3 gallery-size-thumbnail'><figure class='gallery-item'>\n\t\t\t<div class='gallery-icon landscape'>\n\t\t\t\t<a href='https:\/\/archives.regards.fr\/wp-content\/uploads\/2022\/06\/article_midinale-107-d4a.png'><img loading=\"lazy\" decoding=\"async\" width=\"150\" height=\"150\" src=\"https:\/\/archives.regards.fr\/wp-content\/uploads\/2022\/06\/article_midinale-107-d4a-150x150.png\" class=\"attachment-thumbnail size-thumbnail\" alt=\"article_midinale-107.png\" \/><\/a>\n\t\t\t<\/div><\/figure>\n\t\t<\/div>\n\n","protected":false},"excerpt":{"rendered":"<p>La CGT demandait une hausse d&#8217;au moins 10% des traitements des fonctionnaires. Un \u00ab juste d\u00fb \u00bb selon elle pour pallier la baisse chronique de leur pouvoir d&#8217;achat depuis plus de 10 ans. Jesus De Carlos, secr\u00e9taire g\u00e9n\u00e9ral de l\u2019Union f\u00e9d\u00e9rale des ing\u00e9nieurs, cadres, techniciens au sein de la F\u00e9d\u00e9ration CGT des Services publics, est l&#8217;invit\u00e9 de #LaMidinale.<\/p>\n","protected":false},"author":1204,"featured_media":32193,"comment_status":"open","ping_status":"open","sticky":false,"template":"","format":"standard","meta":{"_themeisle_gutenberg_block_has_review":false,"footnotes":""},"categories":[238],"tags":[293],"class_list":["post-13660","post","type-post","status-publish","format-standard","has-post-thumbnail","hentry","category-la-midinale","tag-entretien"],"_links":{"self":[{"href":"https:\/\/archives.regards.fr\/index.php?rest_route=\/wp\/v2\/posts\/13660","targetHints":{"allow":["GET"]}}],"collection":[{"href":"https:\/\/archives.regards.fr\/index.php?rest_route=\/wp\/v2\/posts"}],"about":[{"href":"https:\/\/archives.regards.fr\/index.php?rest_route=\/wp\/v2\/types\/post"}],"author":[{"embeddable":true,"href":"https:\/\/archives.regards.fr\/index.php?rest_route=\/wp\/v2\/users\/1204"}],"replies":[{"embeddable":true,"href":"https:\/\/archives.regards.fr\/index.php?rest_route=%2Fwp%2Fv2%2Fcomments&post=13660"}],"version-history":[{"count":0,"href":"https:\/\/archives.regards.fr\/index.php?rest_route=\/wp\/v2\/posts\/13660\/revisions"}],"wp:featuredmedia":[{"embeddable":true,"href":"https:\/\/archives.regards.fr\/index.php?rest_route=\/wp\/v2\/media\/32193"}],"wp:attachment":[{"href":"https:\/\/archives.regards.fr\/index.php?rest_route=%2Fwp%2Fv2%2Fmedia&parent=13660"}],"wp:term":[{"taxonomy":"category","embeddable":true,"href":"https:\/\/archives.regards.fr\/index.php?rest_route=%2Fwp%2Fv2%2Fcategories&post=13660"},{"taxonomy":"post_tag","embeddable":true,"href":"https:\/\/archives.regards.fr\/index.php?rest_route=%2Fwp%2Fv2%2Ftags&post=13660"}],"curies":[{"name":"wp","href":"https:\/\/api.w.org\/{rel}","templated":true}]}}