{"id":13653,"date":"2022-06-27T15:25:56","date_gmt":"2022-06-27T13:25:56","guid":{"rendered":"https:\/\/wp.muchomaas.com\/article-ivg-les-reacs-decomplexes\/"},"modified":"2023-06-24T00:29:42","modified_gmt":"2023-06-23T22:29:42","slug":"article-ivg-les-reacs-decomplexes","status":"publish","type":"post","link":"https:\/\/archives.regards.fr\/?p=13653","title":{"rendered":"IVG : les r\u00e9acs d\u00e9complex\u00e9s"},"content":{"rendered":"<p class=\"post_excerpt\">Chaque jour, retrouvez #LaMinutePolitique de Pierre Jacquemain.<\/p>\n<p><iframe loading=\"lazy\" width=\"490\" height=\"276\" src=\"https:\/\/www.youtube.com\/embed\/Xfvn6FUMvRg\" title=\"YouTube video player\" frameborder=\"0\" allow=\"accelerometer; autoplay; clipboard-write; encrypted-media; gyroscope; picture-in-picture\" allowfullscreen><\/iframe><\/p>\n<p>&nbsp;<\/p>\n<p>L\u2019abrogation du droit \u00e0 l\u2019IVG aux \u00c9tats-Unis suscite de tr\u00e8s nombreuses r\u00e9actions en France pour d\u00e9noncer le recul des droits des femmes. La Nupes et Ensemble ont d\u2019ailleurs d\u00e9cid\u00e9 de pr\u00e9senter un projet de loi pour inscrire le droit \u00e0 l\u2019IVG dans la Constitution fran\u00e7aise. Alors qu\u2019on imaginait cette proposition faire l\u2019objet d\u2019un large consensus \u2013 et m\u00eame si l\u2019on peut s\u2019\u00e9tonner du revirement soudain de la majorit\u00e9 pr\u00e9sidentielle qui avait refus\u00e9 une proposition de loi similaire venue de la gauche lors du quinquennat pr\u00e9c\u00e9dent \u2013 en r\u00e9alit\u00e9, l\u2019inscription du droit \u00e0 l\u2019avortement dans la Constitution est loin de faire l\u2019unanimit\u00e9.<\/p>\n<p>&nbsp;<\/p>\n<p>\n<strong>LIRE AUSSI SUR REGARDS.FR<br \/>\n>><\/strong> <em><a href=\"https:\/\/wp.muchomaas.com\/actu\/article\/le-bon-sens-et-la-raison-la-fable-de-la-macronie\">Le bon sens et la raison : la fable de la Macronie<\/a><\/em><\/p>\n<p>&nbsp;<\/p>\n<p>D\u2019abord, interrogeons-nous : qu\u2019est-ce qu\u2019une inscription dans la Constitution changerait ? En r\u00e9alit\u00e9 pas grand-chose. Le geste est surtout symbolique. L\u2019inscription de l\u2019IVG dans la Constitution enverrait un signal fort au monde entier et s\u00e9curiserait un petit peu plus ce droit. Je dis un petit peu plus parce que ce que l\u2019on inscrit dans la Constitution \u2013 soit par r\u00e9f\u00e9rendum soit par vote des 3\/5\u00e8me du Congr\u00e8s, c\u2019est-\u00e0-dire la r\u00e9union de l\u2019Assembl\u00e9e nationale et du S\u00e9nat \u2013 peut aussi \u00eatre d\u00e9sinscrit et retir\u00e9 par d\u2019autres. Par ailleurs, si notre Constitution est \u00e9videmment un texte majeur est-il pour autant contraignant ? Regardez\u2026 La Charte de l\u2019Environnement est un texte de valeur Constitutionnelle depuis que Jacques Chirac l\u2019a int\u00e9gr\u00e9e dans le bloc de constitutionnalit\u00e9 du droit fran\u00e7ais en 2005. Les droits et devoirs consacr\u00e9s dans cette Charte sont-ils pour autant respect\u00e9s ? H\u00e9las, non.<\/p>\n<p>Alors l\u2019inscription du droit \u00e0 l\u2019IVG est-elle une fausse bonne id\u00e9e ? Non. C\u2019est une arme symbolique. Un signal fort qui va dans le bon sens. On aimerait toutefois que le gouvernement accompagne cette d\u00e9cision de mesures concr\u00e8tes et compl\u00e9mentaires, comme un soutien financier plus massif au planning familial par exemple. On aimerait aussi que le signal \u2013 aussi symbolique soit-il \u2013 ne soit pas contrari\u00e9 par des d\u00e9cisions contradictoires : \u00e0 cet \u00e9gard, l\u2019\u00e9lection \u00e0 la pr\u00e9sidence du Parlement europ\u00e9en de la maltaise Roberta Metsola, connue pour ses positions anti-avortement, fait particuli\u00e8rement t\u00e2che. D\u2019autant plus t\u00e2che qu\u2019elle a \u00e9t\u00e9 soutenue par le groupe europ\u00e9en de la majorit\u00e9 pr\u00e9sidentielle. De m\u00eame, l\u2019inaction de l\u2019Union europ\u00e9enne face \u00e0 l\u2019un de ses Etats membres, la Pologne, qui restreint le droit \u00e0 l\u2019IVG, apparait de ce point de vue parfaitement incoh\u00e9rente. <\/p>\n<p>Un d\u00e9bat va donc avoir lieu en France et Emmanuel Macron pourrait bien trouver sa toute premi\u00e8re majorit\u00e9. Celle qu\u2019il peine \u00e0 r\u00e9unir depuis le r\u00e9sultat des l\u00e9gislatives. Et si ses amis manquent d\u2019enthousiasme sur ce texte, Fran\u00e7ois Bayrou a d\u2019ores et d\u00e9j\u00e0 fait savoir son d\u00e9saccord, c\u2019est la gauche qui pourrait redonner le sourire au pr\u00e9sident. Marine Le Pen, un peu embarrass\u00e9e s\u2019est content\u00e9e d\u2019un : \u00ab Pourquoi pas \u00bb. Si elle votait pour, pas s\u00fbr qu\u2019elle soit suivie par ses d\u00e9put\u00e9s dont plusieurs sont proches des mouvements anti-IVG, \u00e0 commencer par le d\u00e9put\u00e9 Christophe Bentz qui avait compar\u00e9 l\u2019avortement \u00e0 un &#8220;g\u00e9nocide de masse&#8221;. Gla\u00e7ant !<\/p>\n<p>Parce que c\u2019est sans doute l\u2019effet pervers de cette juste d\u00e9cision. Le retour des r\u00e9acs. La loi sur le mariage pour tous avait fait \u00e9merger le mouvement de la Manif pour tous qui avait largement g\u00e2ch\u00e9 la f\u00eate qu\u2019avait pourtant suscit\u00e9e la grande r\u00e9forme port\u00e9e par Christiane Taubira et ses nouveaux droits consacr\u00e9s. \u00ab C\u2019est la plus grande victoire du si\u00e8cle pour la vie \u00bb, a tweet\u00e9 l\u2019ancienne ministre de la famille Christine Boutin apr\u00e8s la d\u00e9cision am\u00e9ricaine. Pas de doute, les r\u00e9acs sont de sortie. Et pas les moins cintr\u00e9s.<\/p>\n<p>&nbsp;<\/p>\n<p>\n<a href=\"https:\/\/wp.muchomaas.com\/auteur\/pierre-jacquemain\"><strong>Pierre Jacquemain<\/strong><\/a><div id='gallery-1' class='gallery galleryid-13653 gallery-columns-3 gallery-size-thumbnail'><figure class='gallery-item'>\n\t\t\t<div class='gallery-icon landscape'>\n\t\t\t\t<a href='https:\/\/archives.regards.fr\/wp-content\/uploads\/2022\/06\/article_pol-6-7b3.png'><img loading=\"lazy\" decoding=\"async\" width=\"150\" height=\"150\" src=\"https:\/\/archives.regards.fr\/wp-content\/uploads\/2022\/06\/article_pol-6-7b3-150x150.png\" class=\"attachment-thumbnail size-thumbnail\" alt=\"article_pol-6.png\" \/><\/a>\n\t\t\t<\/div><\/figure>\n\t\t<\/div>\n<\/p>\n","protected":false},"excerpt":{"rendered":"<p>Chaque jour, retrouvez #LaMinutePolitique de Pierre Jacquemain.<\/p>\n","protected":false},"author":1039,"featured_media":32179,"comment_status":"open","ping_status":"open","sticky":false,"template":"","format":"standard","meta":{"_themeisle_gutenberg_block_has_review":false,"footnotes":""},"categories":[6],"tags":[306],"class_list":["post-13653","post","type-post","status-publish","format-standard","has-post-thumbnail","hentry","category-actu","tag-feminisme"],"_links":{"self":[{"href":"https:\/\/archives.regards.fr\/index.php?rest_route=\/wp\/v2\/posts\/13653","targetHints":{"allow":["GET"]}}],"collection":[{"href":"https:\/\/archives.regards.fr\/index.php?rest_route=\/wp\/v2\/posts"}],"about":[{"href":"https:\/\/archives.regards.fr\/index.php?rest_route=\/wp\/v2\/types\/post"}],"author":[{"embeddable":true,"href":"https:\/\/archives.regards.fr\/index.php?rest_route=\/wp\/v2\/users\/1039"}],"replies":[{"embeddable":true,"href":"https:\/\/archives.regards.fr\/index.php?rest_route=%2Fwp%2Fv2%2Fcomments&post=13653"}],"version-history":[{"count":0,"href":"https:\/\/archives.regards.fr\/index.php?rest_route=\/wp\/v2\/posts\/13653\/revisions"}],"wp:featuredmedia":[{"embeddable":true,"href":"https:\/\/archives.regards.fr\/index.php?rest_route=\/wp\/v2\/media\/32179"}],"wp:attachment":[{"href":"https:\/\/archives.regards.fr\/index.php?rest_route=%2Fwp%2Fv2%2Fmedia&parent=13653"}],"wp:term":[{"taxonomy":"category","embeddable":true,"href":"https:\/\/archives.regards.fr\/index.php?rest_route=%2Fwp%2Fv2%2Fcategories&post=13653"},{"taxonomy":"post_tag","embeddable":true,"href":"https:\/\/archives.regards.fr\/index.php?rest_route=%2Fwp%2Fv2%2Ftags&post=13653"}],"curies":[{"name":"wp","href":"https:\/\/api.w.org\/{rel}","templated":true}]}}