{"id":13651,"date":"2022-06-26T15:24:01","date_gmt":"2022-06-26T13:24:01","guid":{"rendered":"https:\/\/wp.muchomaas.com\/article-comment-le-rn-s-incruste\/"},"modified":"2023-06-24T00:29:39","modified_gmt":"2023-06-23T22:29:39","slug":"article-comment-le-rn-s-incruste","status":"publish","type":"post","link":"https:\/\/archives.regards.fr\/?p=13651","title":{"rendered":"#D\u00c9BRIEF. Comment le RN s&#8217;incruste"},"content":{"rendered":"<p class=\"post_excerpt\">\u00c7a a \u00e9t\u00e9 le coup de tonnerre de dimanche dernier : l&#8217;\u00e9lection de pr\u00e8s de 90 d\u00e9put\u00e9s d&#8217;extr\u00eame droite \u00e0 l&#8217;Assembl\u00e9e nationale. De quoi cette nouvelle \u2013 ou pas vraiment \u2013 donne politique est-elle le nom ? Et pour aller vers o\u00f9 ? Le d\u00e9brief de la r\u00e9daction de Regards avec Catherine Tricot, Pierre Jacquemain et Pablo Pillaud-Vivien.<\/p>\n<p><iframe loading=\"lazy\" width=\"490\" height=\"276\" src=\"https:\/\/www.youtube.com\/embed\/1H_oCxzCY_w\" title=\"YouTube video player\" frameborder=\"0\" allow=\"accelerometer; autoplay; clipboard-write; encrypted-media; gyroscope; picture-in-picture\" allowfullscreen><\/iframe><\/p>\n<div id='gallery-1' class='gallery galleryid-13651 gallery-columns-3 gallery-size-thumbnail'><figure class='gallery-item'>\n\t\t\t<div class='gallery-icon landscape'>\n\t\t\t\t<a href='https:\/\/archives.regards.fr\/wp-content\/uploads\/2022\/06\/16a214d09bf7d23ce2d8976aa49760_1_-2-658.png'><img loading=\"lazy\" decoding=\"async\" width=\"150\" height=\"150\" src=\"https:\/\/archives.regards.fr\/wp-content\/uploads\/2022\/06\/16a214d09bf7d23ce2d8976aa49760_1_-2-658-150x150.png\" class=\"attachment-thumbnail size-thumbnail\" alt=\"16a214d09bf7d23ce2d8976aa49760_1_-2.png\" \/><\/a>\n\t\t\t<\/div><\/figure>\n\t\t<\/div>\n\n","protected":false},"excerpt":{"rendered":"<p>\u00c7a a \u00e9t\u00e9 le coup de tonnerre de dimanche dernier : l&#8217;\u00e9lection de pr\u00e8s de 90 d\u00e9put\u00e9s d&#8217;extr\u00eame droite \u00e0 l&#8217;Assembl\u00e9e nationale. De quoi cette nouvelle \u2013 ou pas vraiment \u2013 donne politique est-elle le nom ? Et pour aller vers o\u00f9 ? Le d\u00e9brief de la r\u00e9daction de Regards avec Catherine Tricot, Pierre Jacquemain et Pablo Pillaud-Vivien.<\/p>\n","protected":false},"author":1039,"featured_media":32174,"comment_status":"open","ping_status":"open","sticky":false,"template":"","format":"standard","meta":{"_themeisle_gutenberg_block_has_review":false,"footnotes":""},"categories":[279],"tags":[],"class_list":["post-13651","post","type-post","status-publish","format-standard","has-post-thumbnail","hentry","category-videos"],"_links":{"self":[{"href":"https:\/\/archives.regards.fr\/index.php?rest_route=\/wp\/v2\/posts\/13651","targetHints":{"allow":["GET"]}}],"collection":[{"href":"https:\/\/archives.regards.fr\/index.php?rest_route=\/wp\/v2\/posts"}],"about":[{"href":"https:\/\/archives.regards.fr\/index.php?rest_route=\/wp\/v2\/types\/post"}],"author":[{"embeddable":true,"href":"https:\/\/archives.regards.fr\/index.php?rest_route=\/wp\/v2\/users\/1039"}],"replies":[{"embeddable":true,"href":"https:\/\/archives.regards.fr\/index.php?rest_route=%2Fwp%2Fv2%2Fcomments&post=13651"}],"version-history":[{"count":0,"href":"https:\/\/archives.regards.fr\/index.php?rest_route=\/wp\/v2\/posts\/13651\/revisions"}],"wp:featuredmedia":[{"embeddable":true,"href":"https:\/\/archives.regards.fr\/index.php?rest_route=\/wp\/v2\/media\/32174"}],"wp:attachment":[{"href":"https:\/\/archives.regards.fr\/index.php?rest_route=%2Fwp%2Fv2%2Fmedia&parent=13651"}],"wp:term":[{"taxonomy":"category","embeddable":true,"href":"https:\/\/archives.regards.fr\/index.php?rest_route=%2Fwp%2Fv2%2Fcategories&post=13651"},{"taxonomy":"post_tag","embeddable":true,"href":"https:\/\/archives.regards.fr\/index.php?rest_route=%2Fwp%2Fv2%2Ftags&post=13651"}],"curies":[{"name":"wp","href":"https:\/\/api.w.org\/{rel}","templated":true}]}}