{"id":13650,"date":"2022-06-24T15:19:41","date_gmt":"2022-06-24T13:19:41","guid":{"rendered":"https:\/\/wp.muchomaas.com\/article-greve-a-chronodrive-7-de-revalorisation-salariale-c-est-une-question-de-dignite\/"},"modified":"2023-06-24T00:29:38","modified_gmt":"2023-06-23T22:29:38","slug":"article-greve-a-chronodrive-7-de-revalorisation-salariale-c-est-une-question-de-dignite","status":"publish","type":"post","link":"https:\/\/archives.regards.fr\/?p=13650","title":{"rendered":"Gr\u00e8ve \u00e0 Chronodrive : \u00ab 7% de revalorisation salariale, c&#8217;est une question de dignit\u00e9 \u00bb"},"content":{"rendered":"<p class=\"post_excerpt\">Samedi 25 juin \u00e0 11h d\u00e9bute une gr\u00e8ve au Chronodrive de Basso Cambo \u00e0 Toulouse. Rafael Cherfy, responsable CGT de l&#8217;entreprise, est l&#8217;invit\u00e9 de #LaMidinale.\n<\/p>\n<p><iframe loading=\"lazy\" width=\"490\" height=\"276\" src=\"https:\/\/www.youtube.com\/embed\/lKU2pxMoC6Q\" title=\"YouTube video player\" frameborder=\"0\" allow=\"accelerometer; autoplay; clipboard-write; encrypted-media; gyroscope; picture-in-picture\" allowfullscreen><\/iframe><div id='gallery-1' class='gallery galleryid-13650 gallery-columns-3 gallery-size-thumbnail'><figure class='gallery-item'>\n\t\t\t<div class='gallery-icon landscape'>\n\t\t\t\t<a href='https:\/\/archives.regards.fr\/wp-content\/uploads\/2022\/06\/article_midinale-104-930.png'><img loading=\"lazy\" decoding=\"async\" width=\"150\" height=\"150\" src=\"https:\/\/archives.regards.fr\/wp-content\/uploads\/2022\/06\/article_midinale-104-930-150x150.png\" class=\"attachment-thumbnail size-thumbnail\" alt=\"article_midinale-104.png\" \/><\/a>\n\t\t\t<\/div><\/figure>\n\t\t<\/div>\n<\/p>\n","protected":false},"excerpt":{"rendered":"<p>Samedi 25 juin \u00e0 11h d\u00e9bute une gr\u00e8ve au Chronodrive de Basso Cambo \u00e0 Toulouse. Rafael Cherfy, responsable CGT de l&#8217;entreprise, est l&#8217;invit\u00e9 de #LaMidinale.<\/p>\n","protected":false},"author":1204,"featured_media":32172,"comment_status":"open","ping_status":"open","sticky":false,"template":"","format":"standard","meta":{"_themeisle_gutenberg_block_has_review":false,"footnotes":""},"categories":[238],"tags":[293],"class_list":["post-13650","post","type-post","status-publish","format-standard","has-post-thumbnail","hentry","category-la-midinale","tag-entretien"],"_links":{"self":[{"href":"https:\/\/archives.regards.fr\/index.php?rest_route=\/wp\/v2\/posts\/13650","targetHints":{"allow":["GET"]}}],"collection":[{"href":"https:\/\/archives.regards.fr\/index.php?rest_route=\/wp\/v2\/posts"}],"about":[{"href":"https:\/\/archives.regards.fr\/index.php?rest_route=\/wp\/v2\/types\/post"}],"author":[{"embeddable":true,"href":"https:\/\/archives.regards.fr\/index.php?rest_route=\/wp\/v2\/users\/1204"}],"replies":[{"embeddable":true,"href":"https:\/\/archives.regards.fr\/index.php?rest_route=%2Fwp%2Fv2%2Fcomments&post=13650"}],"version-history":[{"count":0,"href":"https:\/\/archives.regards.fr\/index.php?rest_route=\/wp\/v2\/posts\/13650\/revisions"}],"wp:featuredmedia":[{"embeddable":true,"href":"https:\/\/archives.regards.fr\/index.php?rest_route=\/wp\/v2\/media\/32172"}],"wp:attachment":[{"href":"https:\/\/archives.regards.fr\/index.php?rest_route=%2Fwp%2Fv2%2Fmedia&parent=13650"}],"wp:term":[{"taxonomy":"category","embeddable":true,"href":"https:\/\/archives.regards.fr\/index.php?rest_route=%2Fwp%2Fv2%2Fcategories&post=13650"},{"taxonomy":"post_tag","embeddable":true,"href":"https:\/\/archives.regards.fr\/index.php?rest_route=%2Fwp%2Fv2%2Ftags&post=13650"}],"curies":[{"name":"wp","href":"https:\/\/api.w.org\/{rel}","templated":true}]}}