{"id":13649,"date":"2022-06-24T12:31:55","date_gmt":"2022-06-24T10:31:55","guid":{"rendered":"https:\/\/wp.muchomaas.com\/article-le-bon-sens-et-la-raison-la-fable-de-la-macronie\/"},"modified":"2023-06-24T00:29:38","modified_gmt":"2023-06-23T22:29:38","slug":"article-le-bon-sens-et-la-raison-la-fable-de-la-macronie","status":"publish","type":"post","link":"https:\/\/archives.regards.fr\/?p=13649","title":{"rendered":"Le bon sens et la raison\u00a0: la fable de la Macronie"},"content":{"rendered":"<p class=\"post_excerpt\">Chaque jour, retrouvez #LaMinutePolitique de Pierre Jacquemain.<\/p>\n<p><iframe loading=\"lazy\" width=\"490\" height=\"276\" src=\"https:\/\/www.youtube.com\/embed\/NjuZheX3PWo\" title=\"YouTube video player\" frameborder=\"0\" allow=\"accelerometer; autoplay; clipboard-write; encrypted-media; gyroscope; picture-in-picture\" allowfullscreen><\/iframe><\/p>\n<p>&nbsp;<\/p>\n<p><em>Maitre Macron sur un arbre perch\u00e9,<br \/>\nTenait en son bec un fromage\u2026<\/em><\/p>\n<p>Vous connaissez sans doute la fable de Jean de La Fontaine. Celle du Corbeau et du Renard. Celle d\u2019une noblesse narguant le peuple. D\u2019un Corbeau en position de force. D\u2019un Corbeau dominant. Et celle d\u2019un Renard n\u2019ayant plus que ruse et s\u00e9duction pour contourner l\u2019arrogance du Corbeau. Pourtant \u2013 attention spoiler \u2013 \u00e0 la fin des fins, c\u2019est le Renard qui repart avec le fromage. Le Corbeau dup\u00e9 assurant qu\u2019on ne l\u2019y reprendra plus. Cette histoire s\u2019\u00e9crit, en ce moment, sous nos yeux. Macron se croyait fort et beau. Presque invincible. Il devait avoir sa majorit\u00e9 absolue. Il devait poursuivre sa politique en frappant plus fort encore. Sauf que patatras\u2026 c\u2019est une opposition majoritaire qui s\u2019est impos\u00e9e \u00e0 l\u2019Assembl\u00e9e nationale. C\u2019est elle qui d\u00e9tient le tr\u00e8s all\u00e9chant fromage. Macron dup\u00e9, ce sont ses opposants qui d\u00e9tiennent la clef de la sortie de crise. Macron f\u00e2ch\u00e9 n\u2019a pas dit son dernier mot. On ne l\u2019y reprendra plus croit-il. Alors Macron inventa une fable. Celle du bon sens et de la raison. Une arme bien connue en politique et qui vise \u00e0 cet instant \u00e0 prendre les Fran\u00e7ais \u00e0 t\u00e9moin. Macron cherche incontestablement \u00e0 gagner du temps. Il veut faire croire aux Fran\u00e7ais qu\u2019il n\u2019est responsable de rien et que tout repose sur ses oppositions. Et que si les bases d\u2019un accord ou d\u2019un compromis n\u2019\u00e9mergent pas pour assurer une forme de stabilit\u00e9 institutionnelle, c\u2019est que les oppositions ne sont pas raisonnables, ni-m\u00eame anim\u00e9es par ledit bon sens.<\/p>\n<p>&nbsp;<\/p>\n<p>\n<strong>LIRE AUSSI SUR REGARDS.FR<br \/>\n>><\/strong> <em><a href=\"https:\/\/wp.muchomaas.com\/actu\/article\/macron-et-la-methode-duss-sur-un-malentendu-ca-peut-marcher\">Macron et la m\u00e9thode Duss : sur un malentendu, \u00e7a peut marcher !<\/a><\/em><\/p>\n<p>&nbsp;<\/p>\n<p>Invoquer le bon sens en politique est sans doute l\u2019une des choses les plus faciles qui soit. Une entourloupe. Une facilit\u00e9 de langage comme pour balayer d\u2019un revers de main une d\u00e9cision politique, voire une promesse politique. Si vous n\u2019\u00eates pas de mon c\u00f4t\u00e9, c\u2019est que vous n\u2019\u00eates pas de bon sens\u2026 comprendre que vous ne seriez pas du c\u00f4t\u00e9 de l\u2019int\u00e9r\u00eat collectif. L\u2019int\u00e9r\u00eat du plus grand nombre. En vous renvoyant du c\u00f4t\u00e9 de l\u2019opposition st\u00e9rile. Sauf que \u00e7a n\u2019est pas \u00e7a la politique. Parce que la politique, c\u2019est avant tout des id\u00e9es, des convictions, un r\u00eave, une utopie. Pas plus la gauche que la droite ou m\u00eame l\u2019extr\u00eame droite ne peuvent s\u2019inventer du jour au lendemain des proximit\u00e9s d\u2019id\u00e9es avec le camp pr\u00e9sidentiel. Surtout en l\u2019absence de cap. Parce que la politique, c\u2019est aussi un cap. \u00c7a n\u2019est pas un coup \u00e0 gauche, un coup \u00e0 droite. \u00c7a ne marche pas. Le bon sens n\u2019a rien \u00e0 faire en politique. Il y a \u00e0 peu pr\u00e8s autant de bon sens qu\u2019il y a d\u2019individus sur cette terre. Autant de bon sens que d\u2019habitants en France. Bref, le bon sens, \u00e7a n\u2019a pas de sens\u2026<\/p>\n<p>\u00c0 peu pr\u00e8s autant que la raison. La raison n\u2019a rien \u00e0 faire en politique. Pourtant, cet \u00e9l\u00e9ment de langage revient en force\u00a0: \u00ab\u00a0Je suis s\u00fbr qu\u2019il y a des gens raisonnables sur les bancs de la gauche et de la droite\u00a0\u00bb, peut-on entendre parmi les d\u00e9put\u00e9s macronistes, les ministres, jusqu\u2019\u00e0 la Premi\u00e8re ministre. Comprendre des parlementaires qui, comme par enchantement, trouveraient des vertus aux r\u00e9formes de Macron qu\u2019ils ont pourtant combattues tout au long de la campagne pr\u00e9sidentielle et des l\u00e9gislatives. Pour en arriver l\u00e0\u2026 pour en arriver au bon sens et \u00e0 la raison c\u2019est que Macron ne comprend d\u00e9cid\u00e9ment rien \u00e0 la politique. Et m\u00e9connait parfaitement la vie parlementaire \u2013 qu\u2019il m\u00e9prise par ailleurs.<\/p>\n<p>Dans la fable de Jean de La Fontaine, le Corbeau assure qu\u2019on ne l\u2019y reprendrait plus. Quelques fables plus tard, c\u2019est pourtant bien Le Corbeau que l\u2019on retrouve voulant imiter l\u2019Aigle. Et o\u00f9 le Corbeau finit par perdre sa libert\u00e9. Macron pourrait bien subir le m\u00eame sort. Il est peut-\u00eatre enfin venu le temps pour\u00a0le <em>\u00ab\u00a0Ph\u00e9nix des h\u00f4tes de ces bois\u00a0\u00bb<\/em> d\u2019apprendre que <em>\u00ab\u00a0tout flatteur vit aux d\u00e9pens de celui qui l\u2019\u00e9coute \u00bb<\/em>.<\/p>\n<p>&nbsp;<\/p>\n<p>\n<a href=\"https:\/\/wp.muchomaas.com\/auteur\/pierre-jacquemain\"><strong>Pierre Jacquemain<\/strong><\/a><div id='gallery-1' class='gallery galleryid-13649 gallery-columns-3 gallery-size-thumbnail'><figure class='gallery-item'>\n\t\t\t<div class='gallery-icon landscape'>\n\t\t\t\t<a href='https:\/\/archives.regards.fr\/wp-content\/uploads\/2022\/06\/article_pol-5-3c9.png'><img loading=\"lazy\" decoding=\"async\" width=\"150\" height=\"150\" src=\"https:\/\/archives.regards.fr\/wp-content\/uploads\/2022\/06\/article_pol-5-3c9-150x150.png\" class=\"attachment-thumbnail size-thumbnail\" alt=\"article_pol-5.png\" \/><\/a>\n\t\t\t<\/div><\/figure>\n\t\t<\/div>\n<\/p>\n","protected":false},"excerpt":{"rendered":"<p>Chaque jour, retrouvez #LaMinutePolitique de Pierre Jacquemain.<\/p>\n","protected":false},"author":1039,"featured_media":32170,"comment_status":"open","ping_status":"open","sticky":false,"template":"","format":"standard","meta":{"_themeisle_gutenberg_block_has_review":false,"footnotes":""},"categories":[6],"tags":[487],"class_list":["post-13649","post","type-post","status-publish","format-standard","has-post-thumbnail","hentry","category-actu","tag-emmanuel-macron"],"_links":{"self":[{"href":"https:\/\/archives.regards.fr\/index.php?rest_route=\/wp\/v2\/posts\/13649","targetHints":{"allow":["GET"]}}],"collection":[{"href":"https:\/\/archives.regards.fr\/index.php?rest_route=\/wp\/v2\/posts"}],"about":[{"href":"https:\/\/archives.regards.fr\/index.php?rest_route=\/wp\/v2\/types\/post"}],"author":[{"embeddable":true,"href":"https:\/\/archives.regards.fr\/index.php?rest_route=\/wp\/v2\/users\/1039"}],"replies":[{"embeddable":true,"href":"https:\/\/archives.regards.fr\/index.php?rest_route=%2Fwp%2Fv2%2Fcomments&post=13649"}],"version-history":[{"count":0,"href":"https:\/\/archives.regards.fr\/index.php?rest_route=\/wp\/v2\/posts\/13649\/revisions"}],"wp:featuredmedia":[{"embeddable":true,"href":"https:\/\/archives.regards.fr\/index.php?rest_route=\/wp\/v2\/media\/32170"}],"wp:attachment":[{"href":"https:\/\/archives.regards.fr\/index.php?rest_route=%2Fwp%2Fv2%2Fmedia&parent=13649"}],"wp:term":[{"taxonomy":"category","embeddable":true,"href":"https:\/\/archives.regards.fr\/index.php?rest_route=%2Fwp%2Fv2%2Fcategories&post=13649"},{"taxonomy":"post_tag","embeddable":true,"href":"https:\/\/archives.regards.fr\/index.php?rest_route=%2Fwp%2Fv2%2Ftags&post=13649"}],"curies":[{"name":"wp","href":"https:\/\/api.w.org\/{rel}","templated":true}]}}