{"id":13638,"date":"2022-06-20T16:45:20","date_gmt":"2022-06-20T14:45:20","guid":{"rendered":"https:\/\/wp.muchomaas.com\/article-victoire-historique-de-la-gauche-en-colombie\/"},"modified":"2023-06-24T00:29:27","modified_gmt":"2023-06-23T22:29:27","slug":"article-victoire-historique-de-la-gauche-en-colombie","status":"publish","type":"post","link":"https:\/\/archives.regards.fr\/?p=13638","title":{"rendered":"Colombie : victoire historique de la gauche"},"content":{"rendered":"<p class=\"post_excerpt\">Ce dimanche 19 juin les Colombiens ont \u00e9lu Gustavo Petro et Francia Marquez, respectivement \u00e0 la pr\u00e9sidence et \u00e0 la vice-pr\u00e9sidence du pays. Un s\u00e9isme d\u00e9mocratique que nous analyse Sergio Coronado.<\/p>\n<p>Deux si\u00e8cles d\u2019histoire r\u00e9publicaine pendant lesquelles la gauche avait \u00e9t\u00e9 tenue \u00e0 l\u2019\u00e9cart de la pr\u00e9sidence de la R\u00e9publique colombienne, parfois au prix des armes et de la violence, viennent de prendre fin. Ce 19 juin, Gustavo Petro obtient 50,44% des suffrages et 11.281.002 voix, contre 47,31% et 10.580.399 voix pour son adversaire Rodolfo Hernandez.<\/p>\n<p>&nbsp;<\/p>\n<p>\n<strong>LIRE AUSSI SUR REGARDS.FR<br \/>\n>><\/strong> <em><a href=\"https:\/\/wp.muchomaas.com\/actu\/article\/colombie-un-resultat-historique-pour-la-gauche-un-second-tour-incertain\">Colombie : un r\u00e9sultat historique pour la gauche, un second tour incertain<\/a><\/em><\/p>\n<p>&nbsp;<\/p>\n<p>Favori des enqu\u00eates d\u2019opinion depuis des mois, Gustavo Petro avait survol\u00e9 le premier tour hissant la gauche \u00e0 plus de 40%, laissant loin derri\u00e8re le candidat de la coalition gouvernementale d\u2019extr\u00eame droite, Federico Gutierrez \u2013 dit Fico \u2013 qui \u00e9tait son adversaire d\u00e9sign\u00e9.<\/p>\n<p>La qualification au second tour du millionnaire Rodolfo Hernandez, ancien maire de Bucaramanga, avait cependant cr\u00e9e la surprise. La pr\u00e9sence inattendue d\u2019un personnage atypique, hors normes, faisant l\u2019objet de poursuites judiciaires pour des affaires financi\u00e8res, avait rendu le second tour des plus incertains.<\/p>\n<p>Au soir du premier tour, la joie de r\u00e9sultats avait laiss\u00e9 place \u00e0 une grande crainte. Rodolfo Hernandez avait de grandes r\u00e9serves de voix, notamment chez les \u00e9lecteurs uribistes furieusement anti-p\u00e9tristes, et m\u00eame si son comportement erratique et ses d\u00e9clarations \u00e0 l\u2019emporte-pi\u00e8ce jouaient en sa d\u00e9faveur, il n\u2019\u00e9tait pas le candidat d\u2019extr\u00eame droite que la gauche attendait, ni m\u00eame n\u2019avait souhaitait. Il repr\u00e9sentait dans la campagne une forme d\u2019aspiration au changement aux accents populistes et parfois r\u00e9actionnaires. Son refus de d\u00e9battre, sa campagne modeste sans r\u00e9unions publiques, ses prises de positions contradictoires, avaient rendu le second tour incertain.<\/p>\n<p>Gustavo Petro avait finalement d\u00fb ajuster sa strat\u00e9gie de campagne. Celui dont l\u2019engagement militant commen\u00e7a dans le choix des armes s\u2019est transform\u00e9 en meilleur d\u00e9fenseur des institutions et de la stabilit\u00e9 du pays. L\u2019ancien maire de Bogota, le brillant s\u00e9nateur s\u2019est montr\u00e9 rassurant, pris des engagements fermes de ne pas toucher \u00e0 la constitution, \u00e0 la propri\u00e9t\u00e9 priv\u00e9e et de ne pas chercher la r\u00e9\u00e9lection.<\/p>\n<p>Apr\u00e8s une semaine de flottement, Petro a invit\u00e9 le pays \u00e0 un accord national bas\u00e9 sur un changement profond mais tranquille, tournant le dos aux haines qui expliquent que la politique colombienne demeure une activit\u00e9 \u00e0 hauts risques.<\/p>\n<p>Le soutien d\u2019une partie des \u00e9lites universitaires et intellectuelles du pays, m\u00eame conservatrices, a donn\u00e9 \u00e0 ce discours non seulement une grande consistance mais une r\u00e9alit\u00e9 palpable.<\/p>\n<p>L\u2019incapacit\u00e9 d\u2019Hernandez \u00e0 faire campagne, \u00e0 expliquer comment il entendait gouverner, et avec quelles forces politiques, avec l\u2019annonce du recours \u00e0 un \u00e9tat d\u2019exception (<em>\u00ab estado de conmoci\u00f3n interior \u00bb<\/em>) ont fini de fragiliser sa candidature qui b\u00e9n\u00e9ficiait de la bienveillance des medias dans un pays au l\u00e9galisme affich\u00e9.<\/p>\n<p>La victoire de Petro est nette. Il est en effet le pr\u00e9sident le mieux \u00e9lu de l\u2019histoire du pays. Son adversaire reconnut sa d\u00e9faite sans aucune r\u00e9serve d\u00e8s l\u2019annonce des r\u00e9sultats. Il n\u2019est pas certain que celui \u00e0 qui la constitution offre le r\u00f4le de premier opposant d\u00e9cide faire faux bond et se d\u00e9clarer finalement ind\u00e9pendant, montrant ainsi qu\u2019il n\u2019\u00e9tait pas le candidat d\u2019extr\u00eame-droite tant de fois d\u00e9peint. La construction de la coalition \u00ab Pacte historique \u00bb \u00e9tait un avant-go\u00fbt de ce qui attend le premier pr\u00e9sident de gauche du pays dans la recherche d\u2019une majorit\u00e9 gouvernementale. <\/p>\n<p>Apr\u00e8s le rejet des accords de paix par voie r\u00e9f\u00e9rendaire en 2016, ce vote marque un soutien clair au processus de paix, que le gouvernement pr\u00e9c\u00e9dent a mis en miettes. En \u00e9lisant un ancien gu\u00e9rillero, le pays a exprim\u00e9 sa volont\u00e9 de tourner la page de la guerre.<\/p>\n<h2>Gouverner ne sera pas simple<\/h2>\n<p>Il n\u2019en reste pas moins que l\u2019uribisme qui a tenu le pays pendant des d\u00e9cennies, souvent par la terreur et la violence, sort tr\u00e8s affaibli de cette \u00e9lection. Petro b\u00e9n\u00e9ficie d\u2019un socle solide. La pr\u00e9sence de Francia Marquez \u00e0 ses c\u00f4t\u00e9s a \u00e9t\u00e9 un atout de poids. Elle a r\u00e9concili\u00e9 le candidat parfois chahut\u00e9 avec les mouvements f\u00e9ministes, indig\u00e8nes, afro-descendants, minoritaires, les jeunes. Francia est une militante d\u2019une \u00e9cologie populaire, aux engagements connus et salu\u00e9s contre l\u2019extractivisme et pour la d\u00e9fense de l\u2019environnement. Elle avait cr\u00e9\u00e9 la surprise lors des primaires ouvertes en mars dernier, recueillant plus de 800.000 voix. <\/p>\n<p>Dans un continent o\u00f9 les exp\u00e9riences de gauche ont parfois construit leur mod\u00e8le \u00e9conomique sur la destruction du vivant et l\u2019extrativisme, elle est un gage d\u2019une autre politique.<\/p>\n<p>La victoire de la gauche \u00e0 la pr\u00e9sidentielle colombienne marque une forme de normalisation de la vie politique dans le pays : celle d\u2019une d\u00e9mocratie, certes tr\u00e8s imparfaite avec des insuffisances tragiques parfois, mais o\u00f9 l\u2019alternance est possible.<\/p>\n<p>Elle ouvre aussi une p\u00e9riode de red\u00e9finition des relations avec les \u00c9tats-Unis, dont le pays est le principal alli\u00e9 sur le continent et une base arri\u00e8re militaire. Elle marque enfin le retour des gauches au pouvoir sur le continent, apr\u00e8s l\u2019Argentine, le Mexique, le P\u00e9rou, le Honduras, le Chili.<\/p>\n<p>&nbsp;<\/p>\n<p>\n<a href=\"https:\/\/wp.muchomaas.com\/auteur\/sergio-coronado\"><strong>Sergio Coronado<\/strong><\/a><div id='gallery-1' class='gallery galleryid-13638 gallery-columns-3 gallery-size-thumbnail'><figure class='gallery-item'>\n\t\t\t<div class='gallery-icon landscape'>\n\t\t\t\t<a href='https:\/\/archives.regards.fr\/wp-content\/uploads\/2022\/06\/preto-cf6.png'><img loading=\"lazy\" decoding=\"async\" width=\"150\" height=\"150\" src=\"https:\/\/archives.regards.fr\/wp-content\/uploads\/2022\/06\/preto-cf6-150x150.png\" class=\"attachment-thumbnail size-thumbnail\" alt=\"preto.png\" \/><\/a>\n\t\t\t<\/div><\/figure>\n\t\t<\/div>\n<\/p>\n","protected":false},"excerpt":{"rendered":"<p>Ce dimanche 19 juin les Colombiens ont \u00e9lu Gustavo Petro et Francia Marquez, respectivement \u00e0 la pr\u00e9sidence et \u00e0 la vice-pr\u00e9sidence du pays. Un s\u00e9isme d\u00e9mocratique que nous analyse Sergio Coronado.<\/p>\n","protected":false},"author":1,"featured_media":32126,"comment_status":"open","ping_status":"open","sticky":false,"template":"","format":"standard","meta":{"_themeisle_gutenberg_block_has_review":false,"footnotes":""},"categories":[6],"tags":[320],"class_list":["post-13638","post","type-post","status-publish","format-standard","has-post-thumbnail","hentry","category-actu","tag-amerique-latine"],"_links":{"self":[{"href":"https:\/\/archives.regards.fr\/index.php?rest_route=\/wp\/v2\/posts\/13638","targetHints":{"allow":["GET"]}}],"collection":[{"href":"https:\/\/archives.regards.fr\/index.php?rest_route=\/wp\/v2\/posts"}],"about":[{"href":"https:\/\/archives.regards.fr\/index.php?rest_route=\/wp\/v2\/types\/post"}],"author":[{"embeddable":true,"href":"https:\/\/archives.regards.fr\/index.php?rest_route=\/wp\/v2\/users\/1"}],"replies":[{"embeddable":true,"href":"https:\/\/archives.regards.fr\/index.php?rest_route=%2Fwp%2Fv2%2Fcomments&post=13638"}],"version-history":[{"count":0,"href":"https:\/\/archives.regards.fr\/index.php?rest_route=\/wp\/v2\/posts\/13638\/revisions"}],"wp:featuredmedia":[{"embeddable":true,"href":"https:\/\/archives.regards.fr\/index.php?rest_route=\/wp\/v2\/media\/32126"}],"wp:attachment":[{"href":"https:\/\/archives.regards.fr\/index.php?rest_route=%2Fwp%2Fv2%2Fmedia&parent=13638"}],"wp:term":[{"taxonomy":"category","embeddable":true,"href":"https:\/\/archives.regards.fr\/index.php?rest_route=%2Fwp%2Fv2%2Fcategories&post=13638"},{"taxonomy":"post_tag","embeddable":true,"href":"https:\/\/archives.regards.fr\/index.php?rest_route=%2Fwp%2Fv2%2Ftags&post=13638"}],"curies":[{"name":"wp","href":"https:\/\/api.w.org\/{rel}","templated":true}]}}