{"id":13618,"date":"2022-06-10T13:04:58","date_gmt":"2022-06-10T11:04:58","guid":{"rendered":"https:\/\/wp.muchomaas.com\/article-melenchon-nupes-pourquoi-la-victoire-est-possible\/"},"modified":"2023-06-24T00:29:10","modified_gmt":"2023-06-23T22:29:10","slug":"article-melenchon-nupes-pourquoi-la-victoire-est-possible","status":"publish","type":"post","link":"https:\/\/archives.regards.fr\/?p=13618","title":{"rendered":"M\u00e9lenchon\/NUPES : pourquoi la victoire est possible"},"content":{"rendered":"<p class=\"post_excerpt\">Chaque jour, retrouvez #LaMinutePolitique de Pierre Jacquemain.<\/p>\n<p><iframe loading=\"lazy\" width=\"490\" height=\"276\" src=\"https:\/\/www.youtube.com\/embed\/uLIR0Ck2yJ8\" title=\"YouTube video player\" frameborder=\"0\" allow=\"accelerometer; autoplay; clipboard-write; encrypted-media; gyroscope; picture-in-picture\" allowfullscreen><\/iframe><\/p>\n<p>&nbsp;<\/p>\n<p>Un pr\u00e9sident ne devrait pas dire \u00e7a. Si vous votez pour la NUPES, <em>\u00ab on va vous interdire de couper les arbres chez vous \u00bb<\/em>, a d\u00e9clar\u00e9 Emmanuel Macron. La s\u00e9quence est surr\u00e9aliste. On s\u2019interroge. De quoi parle-t-il ? Ce monsieur est Pr\u00e9sident ? Il parle de qui ? De quoi ? C\u2019est insens\u00e9. Et pourtant\u2026 c\u2019est ainsi que le locataire de l\u2019Elys\u00e9e est sorti du bois ou plut\u00f4t est rentr\u00e9 en campagne \u00e0 cinq jours seulement du premier tour des l\u00e9gislatives. Faut-il s\u2019en \u00e9tonner ? Non. Il avait d\u00e9j\u00e0 men\u00e9 une non campagne, avec un non programme, lors de la pr\u00e9sidentielle. Et il r\u00e9cidive aux l\u00e9gislatives. Mais l\u00e0, \u00e0 \u00e9couter les fid\u00e8les parmi les fid\u00e8les du gouvernement, il y avait urgence \u00e0 r\u00e9agir. \u00c0 agir tout court m\u00eame. Quitte \u00e0 dire n\u2019importe quoi \u2013 jusqu\u2019\u00e0 s\u2019immiscer dans les foyers qui ont du bois \u00e0 couper chez eux, et les inqui\u00e9ter. Alors du coup, dans la pr\u00e9cipitation, ils n\u2019ont pas \u00e9t\u00e9 avares en approximations. Au point que <em>Lib\u00e9<\/em> s\u2019interroge aujourd\u2019hui, en Une : <em>\u00ab M\u00e9lenchon mange-t-il les enfants ? \u00bb<\/em><\/p>\n<p>&nbsp;<\/p>\n<p>\n<strong>LIRE AUSSI SUR REGARDS.FR<br \/>\n>><\/strong> <em><a href=\"https:\/\/wp.muchomaas.com\/actu\/article\/faure-a-gauche-toute\">Faure \u00e0 gauche toute !<\/a><\/em><\/p>\n<p>&nbsp;<\/p>\n<p>C\u2019est le premier signe qu\u2019une victoire est possible. La f\u00e9brilit\u00e9 de ses adversaires. Et ils ne sont pas isol\u00e9s. Comme c\u2019est le seul \u00e0 faire campagne, Jean-Luc M\u00e9lenchon est l\u2019objet de toutes les attentions. M\u00eame Marine Le Pen, invit\u00e9e ce matin de BFM, semblait l\u00e9g\u00e8rement paniqu\u00e9e. <em>\u00ab Jean-Luc M\u00e9lenchon a moins de chance d&#8217;\u00eatre Premier ministre que moi de gagner au Loto sans jouer \u00bb<\/em>, a-t-elle ironis\u00e9. C\u2019est marrant mais quand elle dit \u00e7a, on entendrait presque sa petite voix en d\u00e9tresse dire \u00ab Mais c\u2019est qu\u2019il va gagner ce con \u00bb. <\/p>\n<p>Et oui, c\u2019est possible. Et ils sont nombreux \u00e0 paniquer. Au point que le monsieur comptes publics du gouvernement, Gabriel Attal, parle de <em>\u00ab guillotine fiscale \u00bb<\/em> \u2013 rien que \u00e7a \u2013 pour d\u00e9noncer le programme \u00e9conomique de la NUPES. Pas de bol, celui qui a \u00e9t\u00e9 sacr\u00e9 meilleur jeune \u00e9conomiste de France, Thomas Piketty et plusieurs dizaines d\u2019autres \u00e9conomiques viennent de publier une tribune pour dire combien ce programme \u00e9tait solide \u2013 loin, bien loin des caricatures du patron de Ber\u00e7y. <\/p>\n<p>Par ailleurs, c\u2019est curieux d\u2019interroger la cr\u00e9dibilit\u00e9 des programmes \u00e9conomiques de la gauche quand on est porteur soi-m\u00eame d\u2019une politique de droite qui se poursuit d\u2019un quinquennat \u00e0 l\u2019autre et qui n\u2019a \u00e9t\u00e9 jusque-l\u00e0 cr\u00e9dible que pour accro\u00eetre les injustices ?<\/p>\n<p>Une victoire est possible donc. Et les sondages \u2013 pour ce qu\u2019ils sont \u2013 donnent une l\u00e9g\u00e8re avance aux candidats de la NUPES. Quand on se rappelle que les sondages des pr\u00e9c\u00e9dents scrutins ont toujours sous-estim\u00e9s la gauche, on peut l\u00e9gitimement se dire que, dimanche, la NUPES pourrait cr\u00e9er la surprise. <\/p>\n<p>Et si l\u2019on peut, on doit, se m\u00e9fier des lectures hasardeuses des sondages, ils sont unanimes : la victoire peut basculer d\u2019un bloc \u00e0 l\u2019autre. Pour Brice Teinturier d\u2019Ipsos, dont le dernier sondage donne la NUPES en t\u00eate, 127 si\u00e8ges se joueraient \u00e0 un point o\u00f9 deux et 52 si\u00e8ges \u00e0 seulement un point. Ce qui le fait dire que 40 \u00e0 50 si\u00e8ges pourraient riper du c\u00f4t\u00e9 de la Macronie ou du c\u00f4t\u00e9 de la NUPES. En 1997, \u00e0 dix jours du second tour, la droite \u00e9tait donn\u00e9e largement victorieuse. Mais le 1er juin 1997, c\u2019est une autre histoire qui s\u2019est \u00e9crit : celle de la gauche plurielle. Des ann\u00e9es Jospin. Et de la cohabitation. <\/p>\n<p>&nbsp;<\/p>\n<p>\n<a href=\"https:\/\/wp.muchomaas.com\/auteur\/pierre-jacquemain\"><strong>Pierre Jacquemain<\/strong><\/a><div id='gallery-1' class='gallery galleryid-13618 gallery-columns-3 gallery-size-thumbnail'><figure class='gallery-item'>\n\t\t\t<div class='gallery-icon landscape'>\n\t\t\t\t<a href='https:\/\/archives.regards.fr\/wp-content\/uploads\/2022\/06\/art_pol-071.png'><img loading=\"lazy\" decoding=\"async\" width=\"150\" height=\"150\" src=\"https:\/\/archives.regards.fr\/wp-content\/uploads\/2022\/06\/art_pol-071-150x150.png\" class=\"attachment-thumbnail size-thumbnail\" alt=\"art_pol.png\" \/><\/a>\n\t\t\t<\/div><\/figure>\n\t\t<\/div>\n<\/p>\n","protected":false},"excerpt":{"rendered":"<p>Chaque jour, retrouvez #LaMinutePolitique de Pierre Jacquemain.<\/p>\n","protected":false},"author":1039,"featured_media":32080,"comment_status":"open","ping_status":"open","sticky":false,"template":"","format":"standard","meta":{"_themeisle_gutenberg_block_has_review":false,"footnotes":""},"categories":[6],"tags":[521,295],"class_list":["post-13618","post","type-post","status-publish","format-standard","has-post-thumbnail","hentry","category-actu","tag-legislatives-2022","tag-nupes"],"_links":{"self":[{"href":"https:\/\/archives.regards.fr\/index.php?rest_route=\/wp\/v2\/posts\/13618","targetHints":{"allow":["GET"]}}],"collection":[{"href":"https:\/\/archives.regards.fr\/index.php?rest_route=\/wp\/v2\/posts"}],"about":[{"href":"https:\/\/archives.regards.fr\/index.php?rest_route=\/wp\/v2\/types\/post"}],"author":[{"embeddable":true,"href":"https:\/\/archives.regards.fr\/index.php?rest_route=\/wp\/v2\/users\/1039"}],"replies":[{"embeddable":true,"href":"https:\/\/archives.regards.fr\/index.php?rest_route=%2Fwp%2Fv2%2Fcomments&post=13618"}],"version-history":[{"count":0,"href":"https:\/\/archives.regards.fr\/index.php?rest_route=\/wp\/v2\/posts\/13618\/revisions"}],"wp:featuredmedia":[{"embeddable":true,"href":"https:\/\/archives.regards.fr\/index.php?rest_route=\/wp\/v2\/media\/32080"}],"wp:attachment":[{"href":"https:\/\/archives.regards.fr\/index.php?rest_route=%2Fwp%2Fv2%2Fmedia&parent=13618"}],"wp:term":[{"taxonomy":"category","embeddable":true,"href":"https:\/\/archives.regards.fr\/index.php?rest_route=%2Fwp%2Fv2%2Fcategories&post=13618"},{"taxonomy":"post_tag","embeddable":true,"href":"https:\/\/archives.regards.fr\/index.php?rest_route=%2Fwp%2Fv2%2Ftags&post=13618"}],"curies":[{"name":"wp","href":"https:\/\/api.w.org\/{rel}","templated":true}]}}