{"id":13610,"date":"2022-06-07T14:08:59","date_gmt":"2022-06-07T12:08:59","guid":{"rendered":"https:\/\/wp.muchomaas.com\/article-le-score-de-la-nupes-au-1er-tour-des-legislatives-a-l-etranger-signe-l-echec-de\/"},"modified":"2023-06-24T00:29:05","modified_gmt":"2023-06-23T22:29:05","slug":"article-le-score-de-la-nupes-au-1er-tour-des-legislatives-a-l-etranger-signe-l-echec-de","status":"publish","type":"post","link":"https:\/\/archives.regards.fr\/?p=13610","title":{"rendered":"\u00ab Le score de la NUPES au 1er tour des l\u00e9gislatives \u00e0 l\u2019\u00e9tranger signe l\u2019\u00e9chec de Macron \u00bb"},"content":{"rendered":"<p class=\"post_excerpt\">Arriv\u00e9 en t\u00eate au premier tour des l\u00e9gislatives dans la 5e circonscription des Fran\u00e7ais-es de l&#8217;\u00e9tranger, \u00e9liminant par l\u00e0-m\u00eame l&#8217;ancien Premier ministre Manuel Valls, Renaud Le Berre est l&#8217;invit\u00e9 de #LaMidinale.<\/p>\n<h2>UNE MIDINALE \u00c0 VOIR&#8230;<\/h2>\n<p><iframe loading=\"lazy\" width=\"490\" height=\"276\" src=\"https:\/\/www.youtube.com\/embed\/Pa9FoIVY4Mw\" title=\"YouTube video player\" frameborder=\"0\" allow=\"accelerometer; autoplay; clipboard-write; encrypted-media; gyroscope; picture-in-picture\" allowfullscreen><\/iframe><\/p>\n<p>&nbsp;<\/p>\n<p><h2>ET \u00c0 LIRE&#8230;<\/h2>\n<p><strong>Sur la violence en vers Manuel Valls<\/strong><br \/>\n\u00ab Je ne partage pas du tout cette violence. On a fait une campagne tr\u00e8s fair-play sans attaquer l\u2019un ou l\u2019autre. Il faut combattre les id\u00e9es pas la personne. \u00bb<br \/>\n\u00ab Les \u00e9lecteurs ont surtout sanctionn\u00e9 l\u2019inconstance de Manuel Valls \u00e0 Barcelone. Au Portugal, Valls a eu quand m\u00eame pas mal de voix. Donc les \u00e9lecteurs lui ont quand m\u00eame fait confiance. Mais \u00e0 Barcelone, il centralisait pas mal de haine. Les Fran\u00e7ais de catalogne ont \u00e9t\u00e9 vex\u00e9 de son d\u00e9part de la Mairie. Ce parcours irr\u00e9gulier, rempli de contradictions en \u00e9nerve plus d\u2019un. \u00bb<\/p>\n<p><strong>Sur les perspectives au deuxi\u00e8me tour<\/strong><br \/>\n\u00ab Les Fran\u00e7ais de la circonscription vont avoir un choix \u00e0 faire. Continuer comme avant, c\u2019est \u00e0 dire rien faire. Valider le retrait de l\u2019Etat de notre circonscription : la fermeture des consulats, des instituts, moins d\u2019\u00e9ducation, moins de bourses, etc. Ou bien, un candidat qui va les d\u00e9fendre. Pour plus de services publics. Un candidat dynamique qui connait bien le terrain, cela fait depuis 2014 que je suis un \u00e9lu consulaire. Il faut donc choisir entre l\u2019inaction ou l\u2019action. \u00bb<\/p>\n<p><strong>Sur le programme fiscal dans la circonscription<\/strong><br \/>\n\u00ab L\u2019imp\u00f4t universel c\u2019est une id\u00e9e am\u00e9ricaine, selon le principe du diff\u00e9rentiel, si les ressortissants payent moins d\u2019imp\u00f4ts : ils doivent reverser la diff\u00e9rence \u00e0 l\u2019Etat am\u00e9ricain. Bon en Espagne, les compatriotes install\u00e9s sont plus tax\u00e9s, donc il n\u2019y pas de d\u00e9bat en l\u2019esp\u00e8ce. \u00bb<br \/>\n\u00ab Je ne suis pas favorable \u00e0 l\u2019imp\u00f4t universel, certains am\u00e9ricains renoncent \u00e0 leur citoyennet\u00e9 pour \u00e9viter des gal\u00e8res fiscales. Il n\u2019y a pas cette id\u00e9e dans mon programme. Je suis personnellement contre cet imp\u00f4t universel. Par contre il faut lutter contre l\u2019\u00e9vasion fiscale. \u00bb<br \/>\n\u00ab Vivre sa citoyennet\u00e9 c\u2019est \u00eatre en r\u00e8gle avec ses imp\u00f4ts. En Espagne pendant longtemps, il y avait la possibilit\u00e9 de cr\u00e9er des soci\u00e9t\u00e9s tr\u00e8s peu tax\u00e9es. Chaque pays a des niches fiscales qui peuvent inciter \u00e0 l\u2019\u00e9vasion. Il faut une fiscalit\u00e9 europ\u00e9enne pour \u00e9viter la concurrence fiscale entre les pays. \u00bb<\/p>\n<p><strong>Sur l\u2019Europe<\/strong><br \/>\n\u00ab La critique de l\u2019Europe ne constitue pas n\u00e9cessairement l\u2019anti-europ\u00e9anisme. \u00bb<br \/>\n\u00ab La d\u00e9sob\u00e9issance \u00e0 l\u2019Europe existe d\u00e9j\u00e0 : la France n\u2019applique pas certaines directives europ\u00e9ennes, sur l\u2019environnement par exemple. On d\u00e9sob\u00e9it aussi d\u00e9j\u00e0 aux crit\u00e8res de Maastricht sur notre d\u00e9ficit et notre dette publique. \u00bb<br \/>\n\u00ab L\u2019Union europ\u00e9enne, c\u2019est toujours dans la n\u00e9gociation que \u00e7a se passe. \u00bb<br \/>\n\u00ab La crise du COVID a montr\u00e9 que l\u2019on pouvait s\u2019affranchir d\u2019un certain nombre de crit\u00e8res et de trait\u00e9s pour relancer l\u2019\u00e9conomie. \u00bb<br \/>\n\u00ab On est partisan de plus d\u2019Europe : Europe fiscale, sociale et environnementale. \u00bb<br \/>\n\u00ab L\u2019Europe est souvent \u00e0 la pointe dans ses directives, notamment en mati\u00e8re de pollution de l\u2019air. Et c\u2019est plut\u00f4t la France qui d\u00e9sob\u00e9it actuellement sur ce point. \u00bb<br \/>\n\u00ab Etre critique envers l\u2019Europe ne veut pas dire \u00eatre contre l\u2019Europe. \u00bb<\/p>\n<p><strong>Sur l\u2019\u00e9ducation<\/strong><br \/>\n\u00ab Trop peu de Fran\u00e7ais arrivent \u00e0 aller dans des \u00e9coles fran\u00e7aises. \u00bb<br \/>\n\u00ab La citoyennet\u00e9 passe par l\u2019apprentissage de la langue. \u00bb<br \/>\n\u00ab Les citoyens fran\u00e7ais de l\u2019\u00e9tranger sont attach\u00e9s \u00e0 l\u2019\u00e9ducation fran\u00e7aise. \u00bb<br \/>\n\u00ab Les \u00e9tablissements fran\u00e7ais \u00e0 l\u2019\u00e9tranger participent du rayonnement de la France. \u00bb<br \/>\n\u00ab Il faut redonner les moyens aux \u00e9tablissements scolaires fran\u00e7ais \u00e0 l\u2019\u00e9tranger de se financer parce que l\u2019Etat s\u2019est d\u00e9sengag\u00e9. \u00bb<br \/>\n\u00ab Il faut d\u00e9velopper le ferroviaire et, \u00e0 ce niveau-l\u00e0, l\u2019Europe peut agir. \u00bb<\/p>\n<p><strong>Sur les scores de la NUPES au premier tour des l\u00e9gislatives dans les circonscriptions de l\u2019\u00e9tranger<\/strong><br \/>\n\u00ab L\u2019union fait la force : l\u2019\u00e9tranger \u00e9tait une terre mac\u00e9donienne mais, pendant 5 ans, les Fran\u00e7ais sont all\u00e9s de d\u00e9ception en d\u00e9ception. \u00bb<br \/>\n\u00ab Le score de la NUPES au premier tour des \u00e9lections l\u00e9gislatives \u00e0 l\u2019\u00e9tranger repr\u00e9sente l\u2019\u00e9chec de la politique de Macron. \u00bb<div id='gallery-1' class='gallery galleryid-13610 gallery-columns-3 gallery-size-thumbnail'><figure class='gallery-item'>\n\t\t\t<div class='gallery-icon landscape'>\n\t\t\t\t<a href='https:\/\/archives.regards.fr\/wp-content\/uploads\/2022\/06\/article_midinale-94-ee4.png'><img loading=\"lazy\" decoding=\"async\" width=\"150\" height=\"150\" src=\"https:\/\/archives.regards.fr\/wp-content\/uploads\/2022\/06\/article_midinale-94-ee4-150x150.png\" class=\"attachment-thumbnail size-thumbnail\" alt=\"article_midinale-94.png\" \/><\/a>\n\t\t\t<\/div><\/figure>\n\t\t<\/div>\n<\/p>\n","protected":false},"excerpt":{"rendered":"<p>Arriv\u00e9 en t\u00eate au premier tour des l\u00e9gislatives dans la 5e circonscription des Fran\u00e7ais-es de l&#8217;\u00e9tranger, \u00e9liminant par l\u00e0-m\u00eame l&#8217;ancien Premier ministre Manuel Valls, Renaud Le Berre est l&#8217;invit\u00e9 de #LaMidinale.<\/p>\n","protected":false},"author":1204,"featured_media":32066,"comment_status":"open","ping_status":"open","sticky":false,"template":"","format":"standard","meta":{"_themeisle_gutenberg_block_has_review":false,"footnotes":""},"categories":[238],"tags":[293,295],"class_list":["post-13610","post","type-post","status-publish","format-standard","has-post-thumbnail","hentry","category-la-midinale","tag-entretien","tag-nupes"],"_links":{"self":[{"href":"https:\/\/archives.regards.fr\/index.php?rest_route=\/wp\/v2\/posts\/13610","targetHints":{"allow":["GET"]}}],"collection":[{"href":"https:\/\/archives.regards.fr\/index.php?rest_route=\/wp\/v2\/posts"}],"about":[{"href":"https:\/\/archives.regards.fr\/index.php?rest_route=\/wp\/v2\/types\/post"}],"author":[{"embeddable":true,"href":"https:\/\/archives.regards.fr\/index.php?rest_route=\/wp\/v2\/users\/1204"}],"replies":[{"embeddable":true,"href":"https:\/\/archives.regards.fr\/index.php?rest_route=%2Fwp%2Fv2%2Fcomments&post=13610"}],"version-history":[{"count":0,"href":"https:\/\/archives.regards.fr\/index.php?rest_route=\/wp\/v2\/posts\/13610\/revisions"}],"wp:featuredmedia":[{"embeddable":true,"href":"https:\/\/archives.regards.fr\/index.php?rest_route=\/wp\/v2\/media\/32066"}],"wp:attachment":[{"href":"https:\/\/archives.regards.fr\/index.php?rest_route=%2Fwp%2Fv2%2Fmedia&parent=13610"}],"wp:term":[{"taxonomy":"category","embeddable":true,"href":"https:\/\/archives.regards.fr\/index.php?rest_route=%2Fwp%2Fv2%2Fcategories&post=13610"},{"taxonomy":"post_tag","embeddable":true,"href":"https:\/\/archives.regards.fr\/index.php?rest_route=%2Fwp%2Fv2%2Ftags&post=13610"}],"curies":[{"name":"wp","href":"https:\/\/api.w.org\/{rel}","templated":true}]}}