{"id":13609,"date":"2022-06-07T13:01:01","date_gmt":"2022-06-07T11:01:01","guid":{"rendered":"https:\/\/wp.muchomaas.com\/article-l-eau-ca-mouille-le-feu-ca-brule-et-la-police-tue\/"},"modified":"2023-06-24T00:29:05","modified_gmt":"2023-06-23T22:29:05","slug":"article-l-eau-ca-mouille-le-feu-ca-brule-et-la-police-tue","status":"publish","type":"post","link":"https:\/\/archives.regards.fr\/?p=13609","title":{"rendered":"L\u2019eau \u00e7a mouille. Le feu \u00e7a br\u00fble. Et la police tue."},"content":{"rendered":"<p class=\"post_excerpt\">Chaque jour, retrouvez #LaMinutePolitique de Pierre Jacquemain.<\/p>\n<p><iframe loading=\"lazy\" width=\"490\" height=\"276\" src=\"https:\/\/www.youtube.com\/embed\/bAfv1ysVTW4\" title=\"YouTube video player\" frameborder=\"0\" allow=\"accelerometer; autoplay; clipboard-write; encrypted-media; gyroscope; picture-in-picture\" allowfullscreen><\/iframe><\/p>\n<p>&nbsp;<\/p>\n<p>Le ciel est bleu. Le feu \u00e7a br\u00fble et l\u2019eau \u00e7a mouille. Et il parait m\u00eame qu\u2019il n\u2019y a pas de fum\u00e9e sans feu. La pol\u00e9mique suscit\u00e9e par le tweet de Jean-Luc M\u00e9lenchon qui assure que \u00ab\u00a0la police tue\u00a0\u00bb est aussi absurde qu\u2019infond\u00e9e. Oui, la police tue. En France et \u00e0 l\u2019\u00e9tranger. Pourquoi le nier\u00a0? Les exemples sont pl\u00e9thoriques\u00a0: d\u2019Adama Traore en passant par Wissam\u00a0El-Yamni, Claude Jean-Pierre ou Zyed\u00a0Benna et\u00a0Bouna\u00a0Traor\u00e9\u00a0: c\u2019est factuel. La police tue. Qu\u2019il s\u2019agisse de cas de l\u00e9gitime d\u00e9fense ou de bavures polici\u00e8res, la police a tu\u00e9. La police tue.  En 2019, le site Basta recensait m\u00eame <a href=\"https:\/\/basta.media\/intervention-policiere-letale-morts-police-recensement-legitime-defense-homicides\">676 personnes tu\u00e9es \u00e0 la suite d\u2019une intervention polici\u00e8re en \u00e0 43 ans<\/a>.<\/p>\n<p>&nbsp;<\/p>\n<p>\n<strong>LIRE AUSSI SUR REGARDS.FR<br \/>\n>><\/strong> <em><a href=\"https:\/\/wp.muchomaas.com\/actu\/article\/hausse-des-prix-du-quoi-qu-il-en-coute-au-y-a-qu-a-faut-qu-on\">Hausse des prix : du \u00ab quoi qu\u2019il en co\u00fbte \u00bb au \u00ab y\u2019a qu\u2019\u00e0 faut qu\u2019on \u00bb<\/a><\/em><\/p>\n<p>&nbsp;<\/p>\n<p>Il y a dans la critique faite \u00e0 Jean-Luc M\u00e9lenchon une forme de d\u00e9ni. Jean-Luc M\u00e9lenchon, comme il le rappelle ce matin sur France Inter, n\u2019est pas anti-flic. Il est \u00ab\u00a0contre l\u2019usage disproportionn\u00e9 de la violence\u00a0\u00bb et favorable \u00e0 la formation d\u2019une police r\u00e9publicaine. Pourquoi dit-il \u00e7a\u00a0? Parce que depuis l\u2019entr\u00e9e en vigueur d\u2019une loi sur la l\u00e9gitime d\u00e9fense des policiers datant du 28 f\u00e9vrier 2017, les tirs des policiers et des gendarmes ont augment\u00e9 de 50%. Depuis cette date, les forces de l\u2019ordre peuvent plus facilement faire usage de leur arme, notamment en cas de refus d\u2019obtemp\u00e9rer. Une loi qui \u00ab\u00a0est venue mettre de la confusion dans des textes qui \u00e9taient jusque-l\u00e0 tr\u00e8s clairs\u00a0\u00bb, assure ce matin Fabien Jobard, directeur de recherche au CNRS sur France Info. Comment ne pas s\u2019en inqui\u00e9ter\u00a0?<\/p>\n<p>Historiquement, l&#8217;usage des armes par les policiers devait \u00eatre\u00a0\u00ab\u00a0absolument n\u00e9cessaire, strictement n\u00e9cessaire et absolument proportionnelle aux dangers encourus. La loi est venue introduire une notion un peu compliqu\u00e9e\u00a0\u00bb, explique le chercheur qui ajoute\u00a0:\u00a0\u00ab\u00a0lorsqu&#8217;il y a refus d&#8217;obtemp\u00e9rer, et que le policier peut imaginer raisonnablement que la personne va porter atteinte ou risque de porter atteinte\u00a0\u00bb\u00a0aux membres des forces de l&#8217;ordre ou \u00e0 n\u2019importe qui, le policier peut tirer. Ce qui n\u2019\u00e9tait pas le cas avant. Comment ne pas s\u2019en inqui\u00e9ter, disais-je\u00a0? C\u2019est m\u00eame l\u2019IGPN qui a alert\u00e9, quelques mois seulement apr\u00e8s l\u2019entr\u00e9e en vigueur de la loi, de ses effets sur la hausse significative des tirs par les policiers. Des tirs qui ont conduit et conduisent in\u00e9vitablement \u00e0 des drames. <\/p>\n<p>\u00c7a n\u2019est donc pas faire injure aux policiers de dire que la police tue. Parce que tout simplement, on l\u2019y autorise.  La loi l\u2019y autorise et plus encore cette loi du 28 f\u00e9vrier 2017 \u2013 une loi revendiqu\u00e9e de longue date par le syndicat de police, Alliance. La police tue. \u00c7a ne fait peut-\u00eatre pas plaisir \u00e0 entendre mais c\u2019est une r\u00e9alit\u00e9. De m\u00eame que l\u2019homme tue. C\u2019est aussi une r\u00e9alit\u00e9. Ce qui ne veut pas dire que tous les hommes tuent. Que l\u2019homme serait n\u00e9cessairement un loup pour l\u2019homme. Mais nier l\u2019\u00e9vidence, c\u2019est s\u2019emp\u00eacher de vouloir mettre le nez dans ce qui devrait constituer une urgence\u00a0: celle de repenser notre police et la doctrine du maintien de l\u2019ordre. Et \u00e0 d\u00e9faut d\u2019une r\u00e9forme de la police, la priorit\u00e9 pourrait \u00eatre mise sur la formation des policiers. Parce que le premier probl\u00e8me de la police, comme le rappelle Jobard, c\u2019est &#8220;le manque structurel de formation des policiers&#8221;. Et une police mal form\u00e9e, c\u2019est une police qui se met en danger. Et nous avec.<\/p>\n<p>&nbsp;<\/p>\n<p>\n<a href=\"https:\/\/wp.muchomaas.com\/auteur\/pierre-jacquemain\"><strong>Pierre Jacquemain<\/strong><\/a><div id='gallery-1' class='gallery galleryid-13609 gallery-columns-3 gallery-size-thumbnail'><figure class='gallery-item'>\n\t\t\t<div class='gallery-icon landscape'>\n\t\t\t\t<a href='https:\/\/archives.regards.fr\/wp-content\/uploads\/2022\/06\/article_minute_politique-829.png'><img loading=\"lazy\" decoding=\"async\" width=\"150\" height=\"150\" src=\"https:\/\/archives.regards.fr\/wp-content\/uploads\/2022\/06\/article_minute_politique-829-150x150.png\" class=\"attachment-thumbnail size-thumbnail\" alt=\"article_minute_politique.png\" \/><\/a>\n\t\t\t<\/div><\/figure>\n\t\t<\/div>\n<\/p>\n","protected":false},"excerpt":{"rendered":"<p>Chaque jour, retrouvez #LaMinutePolitique de Pierre Jacquemain.<\/p>\n","protected":false},"author":1039,"featured_media":32064,"comment_status":"open","ping_status":"open","sticky":false,"template":"","format":"standard","meta":{"_themeisle_gutenberg_block_has_review":false,"footnotes":""},"categories":[6],"tags":[],"class_list":["post-13609","post","type-post","status-publish","format-standard","has-post-thumbnail","hentry","category-actu"],"_links":{"self":[{"href":"https:\/\/archives.regards.fr\/index.php?rest_route=\/wp\/v2\/posts\/13609","targetHints":{"allow":["GET"]}}],"collection":[{"href":"https:\/\/archives.regards.fr\/index.php?rest_route=\/wp\/v2\/posts"}],"about":[{"href":"https:\/\/archives.regards.fr\/index.php?rest_route=\/wp\/v2\/types\/post"}],"author":[{"embeddable":true,"href":"https:\/\/archives.regards.fr\/index.php?rest_route=\/wp\/v2\/users\/1039"}],"replies":[{"embeddable":true,"href":"https:\/\/archives.regards.fr\/index.php?rest_route=%2Fwp%2Fv2%2Fcomments&post=13609"}],"version-history":[{"count":0,"href":"https:\/\/archives.regards.fr\/index.php?rest_route=\/wp\/v2\/posts\/13609\/revisions"}],"wp:featuredmedia":[{"embeddable":true,"href":"https:\/\/archives.regards.fr\/index.php?rest_route=\/wp\/v2\/media\/32064"}],"wp:attachment":[{"href":"https:\/\/archives.regards.fr\/index.php?rest_route=%2Fwp%2Fv2%2Fmedia&parent=13609"}],"wp:term":[{"taxonomy":"category","embeddable":true,"href":"https:\/\/archives.regards.fr\/index.php?rest_route=%2Fwp%2Fv2%2Fcategories&post=13609"},{"taxonomy":"post_tag","embeddable":true,"href":"https:\/\/archives.regards.fr\/index.php?rest_route=%2Fwp%2Fv2%2Ftags&post=13609"}],"curies":[{"name":"wp","href":"https:\/\/api.w.org\/{rel}","templated":true}]}}