{"id":13606,"date":"2022-06-03T12:33:20","date_gmt":"2022-06-03T10:33:20","guid":{"rendered":"https:\/\/wp.muchomaas.com\/article-hausse-des-prix-du-quoi-qu-il-en-coute-au-y-a-qu-a-faut-qu-on\/"},"modified":"2023-06-24T00:29:04","modified_gmt":"2023-06-23T22:29:04","slug":"article-hausse-des-prix-du-quoi-qu-il-en-coute-au-y-a-qu-a-faut-qu-on","status":"publish","type":"post","link":"https:\/\/archives.regards.fr\/?p=13606","title":{"rendered":"Hausse des prix : du \u00ab quoi qu\u2019il en co\u00fbte \u00bb au \u00ab y\u2019a qu\u2019\u00e0 faut qu\u2019on \u00bb"},"content":{"rendered":"<p class=\"post_excerpt\">Chaque jour, retrouvez #LaMinutePolitique de Pierre Jacquemain.<\/p>\n<p><iframe loading=\"lazy\" width=\"490\" height=\"276\" src=\"https:\/\/www.youtube.com\/embed\/mCLPlim8XIc\" title=\"YouTube video player\" frameborder=\"0\" allow=\"accelerometer; autoplay; clipboard-write; encrypted-media; gyroscope; picture-in-picture\" allowfullscreen><\/iframe><\/p>\n<p>&nbsp;<\/p>\n<p>La guerre de Poutine en Ukraine g\u00e9n\u00e8re une flamb\u00e9e des prix sans pr\u00e9c\u00e9dent de l\u2019\u00e9nergie et de l\u2019alimentation. La crise inflationniste touche le monde entier. La hausse des prix \u00e0 la consommation bat des records. Et en Europe, un nouveau record vient d\u2019\u00eatre battu. Le taux d\u2019inflation grimpe \u00e0 8,1% et touche diversement les Etats membres de l\u2019Union europ\u00e9enne. L\u2019inflation monte jusqu\u2019\u00e0 20,1% dans les pays Baltes quand l\u2019Allemagne affiche une hausse de 8,7%. La France s\u2019en sort mieux que ses voisins avec une progression de 5,8% et s\u2019affiche en deuxi\u00e8me place du podium des pays qui s\u2019en sortent le mieux apr\u00e8s Malte avec ses 5,6%.<\/p>\n<p>&nbsp;<\/p>\n<p>\n<strong>LIRE AUSSI SUR REGARDS.FR<br \/>\n>><\/strong> <em><a href=\"https:\/\/wp.muchomaas.com\/actu\/article\/parcoursup-chassez-ces-g%CC%B6u%CC%B6e%CC%B6u%CC%B6x%CC%B6-etudiants-que-je-ne-saurais-voir\">Parcoursup : chassez ces \u00e9tudiants que je ne saurais voir<\/a><\/em><\/p>\n<p>&nbsp;<\/p>\n<p>Ces bons r\u00e9sultats sont-ils \u00e0 mettre au cr\u00e9dit de la politique d\u2019Emmanuel Macron\u00a0? D\u2019abord, il convient de rappeler que la France est moins d\u00e9pendante du gaz russe que certains autres pays europ\u00e9ens. Ensuite, si le bouclier tarifaire mis en place par le gouvernement a sans doute permis de contenir les factures d\u2019\u00e9lectricit\u00e9 jusque-l\u00e0, la p\u00e9rennit\u00e9 du dispositif pourrait engendrer des surco\u00fbts pour les m\u00e9nages d\u2019ici la fin de l\u2019ann\u00e9e. Certaines associations des consommateurs estiment m\u00eame que les co\u00fbts de l\u2019\u00e9lectricit\u00e9 pourraient bondir de 8% alors que dans le m\u00eame temps, Bruno Le Maire assure que tous les sc\u00e9narios sont sur la table sur la possibilit\u00e9, ou non, de maintenir le bouclier tarifaire. Une prouesse inflationniste en trompe l\u2019\u0153il pour la France donc. <\/p>\n<p>En attendant, l&#8217;Observatoire de l&#8217;inflation du magazine\u00a060 millions de consommateurs estime que le surco\u00fbt moyen des m\u00e9nages est estim\u00e9 \u00e0 90 euros par mois. Un tiers en raison de la hausse des prix de l\u2019\u00e9nergie, un tiers li\u00e9 aux transports et un tiers de la hausse des prix de l\u2019alimentation dans la grande distribution. M\u00eame ph\u00e9nom\u00e8ne partout en Europe. Et que font nos voisins\u00a0? En Allemagne, c\u2019est concret\u00a0: les allemands ont baiss\u00e9 les taxes jusqu\u2019\u00e0 r\u00e9duire de 30 centimes le litre d\u2019essence. Et mis en place le ticket transports \u00e0 9\u20ac\/mois pour inciter les allemands \u00e0 se d\u00e9placer en transports. En Allemagne toujours, les familles avec enfants recevront 100 euros via l&#8217;allocation familiale et les ch\u00f4meurs une allocation exceptionnelle allant jusqu&#8217;\u00e0 200 euros. En Espagne et au Portugal, les prix du gaz et de l\u2019\u00e9lectricit\u00e9 sont bloqu\u00e9s. Et l\u2019Espagne y ajoute un plan de 6 milliards d\u2019aides directes aux m\u00e9nages. J\u2019ai bien dit, aux m\u00e9nages, pas aux entreprises. En Belgique, on a fait le choix de baisser la TVA sur l\u2019\u00e9nergie et mis en place une tarification sociale pour les foyers les plus modestes. Du concret.<\/p>\n<p>En France, on vante le bouclier tarifaire qui a \u00e9t\u00e9 mis en place au d\u00e9but du printemps mais on peine \u00e0 voir des mesures concr\u00e8tes s\u2019installer pour les m\u00e9nages qui prennent de plein fouet les surco\u00fbt des transports, du logement et de l\u2019alimentation. On est pass\u00e9 du \u00ab\u00a0quoi qu\u2019il en co\u00fbte\u00a0\u00bb au <em>\u00ab\u00a0y\u2019a qu\u2019\u00e0 faut qu\u2019on\u00a0\u00bb<\/em>. \u00c0 d\u00e9faut d\u2019agir pour le pouvoir vivre des Fran\u00e7ais, le ministre de l\u2019\u00e9conomie, Bruno Le Maire, supplie le patronat d\u2019augmenter les salaires mais sans l\u2019y contraindre. Les salari\u00e9s attendront. De m\u00eame qu\u2019ils devront attendre l\u2019apr\u00e8s l\u00e9gislatives pour conna\u00eetre les nouvelles mesures du gouvernement pour contenir la hausse des prix.<em> \u00ab\u00a0On r\u00e9fl\u00e9chit encore\u00a0\u00bb<\/em>, assure Elisabeth Borne. Nous aussi, on va r\u00e9fl\u00e9chir. R\u00e9fl\u00e9chir \u00e0 payer les factures.<\/p>\n<p>&nbsp;<\/p>\n<p>\n<a href=\"https:\/\/wp.muchomaas.com\/auteur\/pierre-jacquemain\"><strong>Pierre Jacquemain<\/strong><\/a><div id='gallery-1' class='gallery galleryid-13606 gallery-columns-3 gallery-size-thumbnail'><figure class='gallery-item'>\n\t\t\t<div class='gallery-icon landscape'>\n\t\t\t\t<a href='https:\/\/archives.regards.fr\/wp-content\/uploads\/2022\/06\/cadre_la_minute_politique-5-162.png'><img loading=\"lazy\" decoding=\"async\" width=\"150\" height=\"150\" src=\"https:\/\/archives.regards.fr\/wp-content\/uploads\/2022\/06\/cadre_la_minute_politique-5-162-150x150.png\" class=\"attachment-thumbnail size-thumbnail\" alt=\"cadre_la_minute_politique-5.png\" \/><\/a>\n\t\t\t<\/div><\/figure>\n\t\t<\/div>\n<\/p>\n","protected":false},"excerpt":{"rendered":"<p>Chaque jour, retrouvez #LaMinutePolitique de Pierre Jacquemain.<\/p>\n","protected":false},"author":1039,"featured_media":32058,"comment_status":"open","ping_status":"open","sticky":false,"template":"","format":"standard","meta":{"_themeisle_gutenberg_block_has_review":false,"footnotes":""},"categories":[6],"tags":[],"class_list":["post-13606","post","type-post","status-publish","format-standard","has-post-thumbnail","hentry","category-actu"],"_links":{"self":[{"href":"https:\/\/archives.regards.fr\/index.php?rest_route=\/wp\/v2\/posts\/13606","targetHints":{"allow":["GET"]}}],"collection":[{"href":"https:\/\/archives.regards.fr\/index.php?rest_route=\/wp\/v2\/posts"}],"about":[{"href":"https:\/\/archives.regards.fr\/index.php?rest_route=\/wp\/v2\/types\/post"}],"author":[{"embeddable":true,"href":"https:\/\/archives.regards.fr\/index.php?rest_route=\/wp\/v2\/users\/1039"}],"replies":[{"embeddable":true,"href":"https:\/\/archives.regards.fr\/index.php?rest_route=%2Fwp%2Fv2%2Fcomments&post=13606"}],"version-history":[{"count":0,"href":"https:\/\/archives.regards.fr\/index.php?rest_route=\/wp\/v2\/posts\/13606\/revisions"}],"wp:featuredmedia":[{"embeddable":true,"href":"https:\/\/archives.regards.fr\/index.php?rest_route=\/wp\/v2\/media\/32058"}],"wp:attachment":[{"href":"https:\/\/archives.regards.fr\/index.php?rest_route=%2Fwp%2Fv2%2Fmedia&parent=13606"}],"wp:term":[{"taxonomy":"category","embeddable":true,"href":"https:\/\/archives.regards.fr\/index.php?rest_route=%2Fwp%2Fv2%2Fcategories&post=13606"},{"taxonomy":"post_tag","embeddable":true,"href":"https:\/\/archives.regards.fr\/index.php?rest_route=%2Fwp%2Fv2%2Ftags&post=13606"}],"curies":[{"name":"wp","href":"https:\/\/api.w.org\/{rel}","templated":true}]}}