{"id":13605,"date":"2022-06-03T10:31:22","date_gmt":"2022-06-03T08:31:22","guid":{"rendered":"https:\/\/wp.muchomaas.com\/article-iran-la-terreur-depuis-1981\/"},"modified":"2023-06-24T00:29:04","modified_gmt":"2023-06-23T22:29:04","slug":"article-iran-la-terreur-depuis-1981","status":"publish","type":"post","link":"https:\/\/archives.regards.fr\/?p=13605","title":{"rendered":"Iran\u00a0: la terreur depuis 1981"},"content":{"rendered":"<p class=\"post_excerpt\">L\u2019Iran compte 12 millions de prisonniers depuis 1981. 5179 condamn\u00e9s \u00e0 mort et repr\u00e9sailles. 54% des ex\u00e9cutions en 2021 ont eu lieu en Iran selon un rapport d\u2019Amnesty International. Analyse de Hamid Enayat.<\/p>\n<p>R\u00e9cemment, par l&#8217;interm\u00e9diaire d&#8217;unit\u00e9s de r\u00e9sistance au sein des organes du r\u00e9gime, le Conseil national de la r\u00e9sistance de l&#8217;opposition iranienne a obtenu des documents comprenant des listes du nombre de prisonniers, de gardiens de prison, d&#8217;interrogateurs, de tortionnaires et d&#8217;agents responsables d&#8217;ex\u00e9cutions, ainsi que le nombre de responsables politiques d\u00e9tenus et le nombre de condamn\u00e9s \u00e0 mort.<\/p>\n<p>Ces statistiques donnent une image horrible et, bien s\u00fbr, pr\u00e9cise de la s\u00e9v\u00e9rit\u00e9 de la r\u00e9pression et de l&#8217;oppression en Iran. L&#8217;Organisation des prisons, qui contr\u00f4le toutes les prisons d\u2019Iran, est l&#8217;un des organes les plus importants et certainement les plus terribles du r\u00e9gime et est consid\u00e9r\u00e9e comme l&#8217;un des fondements de sa survie.<\/p>\n<p>100 photos de la situation catastrophique et inhumaine dans les prisons du r\u00e9gime dans 23 provinces. De nombreuses prisons ont \u00e9t\u00e9 construites il y a 50 ans et sont tr\u00e8s d\u00e9labr\u00e9es. Selon ces documents, chacune a une certaine capacit\u00e9, alors que le nombre de d\u00e9tenus d\u00e9passe de  nombreuses fois la capacit\u00e9 de la prison. Et il y a une raison pour laquelle la pression physique et psychologique sur les prisonniers est plus \u00e9lev\u00e9e. Les photos accessibles au public montrent une situation terrible.<\/p>\n<p>Noms de 2273 prisonniers politiques et prisonniers d&#8217;opinion. Selon des documents divulgu\u00e9s, 5197 personnes attendent d&#8217;\u00eatre ex\u00e9cut\u00e9es et punies (ex\u00e9cution de \u0642\u0635\u0627\u0635), 107 personnes ont \u00e9t\u00e9 condamn\u00e9es \u00e0 l&#8217;amputation, 51 personnes ont \u00e9t\u00e9 lapid\u00e9es \u00e0 mort en 2020, dont 23 femmes. Et 60 des personnes ex\u00e9cut\u00e9es en 2020 avaient moins de 18 ans.<\/p>\n<h2>12 millions de prisonniers<\/h2>\n<p>L&#8217;un des documents les plus importants obtenus est la liste de 12 millions de prisonniers. Selon cette liste, compil\u00e9e par l&#8217;Organisation des prisons elle-m\u00eame, 12.380 millions Iraniens ont \u00e9t\u00e9 emprisonn\u00e9s depuis 1981. La liste n&#8217;inclut pas les prisonniers politiques de 2000 \u00e0 2010, ainsi que les 30.000 prisonniers politiques ex\u00e9cut\u00e9s en 1988. En fait, ces prisonniers \u00e9taient en possession des gardiens de la r\u00e9volution et du minist\u00e8re du Renseignement et du Parquet du r\u00e9gime. La liste des 12 millions de prisonniers comprend \u00e9galement 571.015 femmes. On ne sait pas ce qui est arriv\u00e9 aux femmes qui \u00e9taient m\u00e8res, ou m\u00eame aux p\u00e8res qui se sont retrouv\u00e9s en prison, comment leurs familles ont fait face \u00e0 ces co\u00fbts et au ch\u00f4mage.<\/p>\n<p>Selon un \u00ab rapport confidentiel et classifi\u00e9 \u00bb d&#8217;ao\u00fbt 2015, \u00ab pr\u00e9par\u00e9 pour le cabinet de Hassan Rohani \u00bb, \u00ab environ 600.000 personnes sont d\u00e9tenues chaque ann\u00e9e \u00bb et \u00ab 2,4 millions de familles font face \u00e0 de nombreux dangers et probl\u00e8mes \u00bb. Et en r\u00e9p\u00e9tant ce drame, le r\u00e9gime iranien a pu survivre. Amnesty International note dans son dernier communiqu\u00e9 que 54% des ex\u00e9cutions en 2021 ont eu lieu en Iran.<\/p>\n<p>Partant de dogmes religieux m\u00e9di\u00e9vaux, impos\u00e9 par un \u00e9v\u00e9nement historique du XX\u00e8me si\u00e8cle, le r\u00e9gime iranien, incapable de r\u00e9pondre aux besoins \u00e9conomiques, politiques et culturels du peuple iranien au XX\u00e8me si\u00e8cle, a toujours eu recours \u00e0 la r\u00e9pression interne pour se maintenir au pouvoir. Le terrorisme, la bellig\u00e9rance et les prises d&#8217;otages \u00e0 l&#8217;\u00e9tranger ont servi de couverture \u00e0 la r\u00e9pression interne. La prise d&#8217;otages \u00e0 l&#8217;ambassade am\u00e9ricaine, l&#8217;explosion des \u00ab tours Khobar \u00bb et autres attentats au Liban et en Argentine ne sont pas encore oubli\u00e9s. <\/p>\n<h2>Les unit\u00e9s de r\u00e9sistance<\/h2>\n<p>Selon le m\u00eame document, depuis d\u00e9cembre 2017, 8762 prisonniers ont \u00e9t\u00e9 accus\u00e9s d&#8217;avoir insult\u00e9 le Guide supr\u00eame Ali Khamenei, d&#8217;avoir particip\u00e9 \u00e0 des \u00e9meutes et d&#8217;avoir br\u00fbl\u00e9 et d\u00e9truit des banderoles et panneaux d&#8217;affichage des autorit\u00e9s et des organes r\u00e9pressifs. Depuis 2016, des unit\u00e9s de r\u00e9sistance se sont form\u00e9es \u00e0 travers l&#8217;Iran et se d\u00e9veloppent rapidement. En d\u00e9truisant des photos de Khamenei et de Khomeiny ou en br\u00fblant une statue de Soleimani, l&#8217;ic\u00f4ne de l&#8217;influence r\u00e9gionale et du meurtre d&#8217;enfants syriens, ils brisent le mur de la terreur que le r\u00e9gime iranien tente d\u2019\u00e9riger par la d\u00e9tention et l\u2019ex\u00e9cution.<\/p>\n<h2>Trois arm\u00e9es et trois services de renseignement en Iran<\/h2>\n<p>La th\u00e9ocratie iranienne est le seul pays qui, en plus de l&#8217;arm\u00e9e officielle, poss\u00e8de les gardiens de la r\u00e9volution (CGRI), qui sont plus puissants que l&#8217;arm\u00e9e. Mais il y a deux semaines, Khamenei a \u00e9lev\u00e9 les forces de l&#8217;ordre, c&#8217;est-\u00e0-dire la police, au niveau de l&#8217;arm\u00e9e et du CGRI. Ces forces ont une unit\u00e9 sp\u00e9ciale dans chaque province pour r\u00e9primer les manifestations, et Khamenei a d\u00e9pens\u00e9 des milliards de dollars pour r\u00e9pondre \u00e0 ses besoins de r\u00e9pression. En cons\u00e9quence, Khamenei a maintenant d\u00e9ploy\u00e9 trois arm\u00e9es pour maintenir son syst\u00e8me. Il compte \u00e9galement trois organismes de s\u00e9curit\u00e9 et de renseignement, le minist\u00e8re du Renseignement, en plus des informations des Gardiens de la r\u00e9volution et de l&#8217;Organisation du renseignement des forces de police.<\/p>\n<p>Selon le r\u00e9gime, 80% de la population vit en dessous du seuil de pauvret\u00e9 et le prix des produits de base ont quadrupl\u00e9. Le r\u00e9gime r\u00e9pond aux protestations par des balles et l\u2019emprisonnement. Dans le m\u00eame temps, des r\u00e9seaux de r\u00e9sistance se d\u00e9veloppent en Iran.<\/p>\n<h2>Politique europ\u00e9enne et occidentale<\/h2>\n<p>Cependant, les mollahs ont \u00e9t\u00e9 soutenus par la politique d&#8217;apaisement occidentales pendant plus de trois d\u00e9cennies. La politique d&#8217;apaisement a gard\u00e9 le silence face \u00e0 cette cruaut\u00e9 de la th\u00e9ocratie iranienne et m\u00eame des \u00e9trangers et a toujours \u00e9t\u00e9 un refuge politique pour le r\u00e9gime iranien. Le silence face \u00e0 la r\u00e9pression interne et au militantisme dans la r\u00e9gion a fait du r\u00e9gime une force redoutable qui a os\u00e9 s&#8217;orienter vers l&#8217;arme nucl\u00e9aire, constituant une grave menace pour la r\u00e9gion et l&#8217;Europe.<br \/>\nLe r\u00e9gime soutient cette politique de l&#8217;Occident parce que l&#8217;Occident est rest\u00e9 silencieux face \u00e0 la cruaut\u00e9 de ce r\u00e9gime qui tue et ex\u00e9cute le peuple iranien et m\u00eame des ressortissants \u00e9trangers, et cette politique a \u00e9t\u00e9 un refuge politique pour le r\u00e9gime iranien.<\/p>\n<p>Le silence face \u00e0 la r\u00e9pression interne et \u00e0 la politique belliqueuse dans la r\u00e9gion a fait du r\u00e9gime une menace s\u00e9rieuse pour la r\u00e9gion et l&#8217;Europe.<\/p>\n<p>N&#8217;est-il pas temps, comme le dit le secr\u00e9taire g\u00e9n\u00e9ral de l&#8217;OTAN, d&#8217;arr\u00eater de placer le libre-\u00e9change au-dessus de la libert\u00e9 et de soutenir l&#8217;opposition d\u00e9mocratique iranienne, le Conseil national de la r\u00e9sistance, qui appelle \u00e0 la s\u00e9paration de la religion et de l&#8217;\u00c9tat et \u00e0 l&#8217;\u00e9galit\u00e9 des sexes ?<\/p>\n<p>&nbsp;<\/p>\n<p>\n<a href=\"https:\/\/wp.muchomaas.com\/auteur\/hamid-enayat\"><strong>Hamid Enayat<\/strong><\/a><div id='gallery-1' class='gallery galleryid-13605 gallery-columns-3 gallery-size-thumbnail'><figure class='gallery-item'>\n\t\t\t<div class='gallery-icon landscape'>\n\t\t\t\t<a href='https:\/\/archives.regards.fr\/wp-content\/uploads\/2022\/06\/closeup-shot-waving-flag-iran-26b.png'><img loading=\"lazy\" decoding=\"async\" width=\"150\" height=\"150\" src=\"https:\/\/archives.regards.fr\/wp-content\/uploads\/2022\/06\/closeup-shot-waving-flag-iran-26b-150x150.png\" class=\"attachment-thumbnail size-thumbnail\" alt=\"closeup-shot-waving-flag-iran.png\" \/><\/a>\n\t\t\t<\/div><\/figure>\n\t\t<\/div>\n<\/p>\n","protected":false},"excerpt":{"rendered":"<p>L\u2019Iran compte 12 millions de prisonniers depuis 1981. 5179 condamn\u00e9s \u00e0 mort et repr\u00e9sailles. 54% des ex\u00e9cutions en 2021 ont eu lieu en Iran selon un rapport d\u2019Amnesty International. Analyse de Hamid Enayat.<\/p>\n","protected":false},"author":1,"featured_media":32056,"comment_status":"open","ping_status":"open","sticky":false,"template":"","format":"standard","meta":{"_themeisle_gutenberg_block_has_review":false,"footnotes":""},"categories":[6],"tags":[],"class_list":["post-13605","post","type-post","status-publish","format-standard","has-post-thumbnail","hentry","category-actu"],"_links":{"self":[{"href":"https:\/\/archives.regards.fr\/index.php?rest_route=\/wp\/v2\/posts\/13605","targetHints":{"allow":["GET"]}}],"collection":[{"href":"https:\/\/archives.regards.fr\/index.php?rest_route=\/wp\/v2\/posts"}],"about":[{"href":"https:\/\/archives.regards.fr\/index.php?rest_route=\/wp\/v2\/types\/post"}],"author":[{"embeddable":true,"href":"https:\/\/archives.regards.fr\/index.php?rest_route=\/wp\/v2\/users\/1"}],"replies":[{"embeddable":true,"href":"https:\/\/archives.regards.fr\/index.php?rest_route=%2Fwp%2Fv2%2Fcomments&post=13605"}],"version-history":[{"count":0,"href":"https:\/\/archives.regards.fr\/index.php?rest_route=\/wp\/v2\/posts\/13605\/revisions"}],"wp:featuredmedia":[{"embeddable":true,"href":"https:\/\/archives.regards.fr\/index.php?rest_route=\/wp\/v2\/media\/32056"}],"wp:attachment":[{"href":"https:\/\/archives.regards.fr\/index.php?rest_route=%2Fwp%2Fv2%2Fmedia&parent=13605"}],"wp:term":[{"taxonomy":"category","embeddable":true,"href":"https:\/\/archives.regards.fr\/index.php?rest_route=%2Fwp%2Fv2%2Fcategories&post=13605"},{"taxonomy":"post_tag","embeddable":true,"href":"https:\/\/archives.regards.fr\/index.php?rest_route=%2Fwp%2Fv2%2Ftags&post=13605"}],"curies":[{"name":"wp","href":"https:\/\/api.w.org\/{rel}","templated":true}]}}