{"id":13603,"date":"2022-06-02T12:21:13","date_gmt":"2022-06-02T10:21:13","guid":{"rendered":"https:\/\/wp.muchomaas.com\/article-parcoursup-chassez-ces-g%cc%b6u%cc%b6e%cc%b6u%cc%b6x%cc%b6-etudiants-que-je-ne-saurais-voir\/"},"modified":"2023-06-24T00:29:04","modified_gmt":"2023-06-23T22:29:04","slug":"article-parcoursup-chassez-ces-g%cc%b6u%cc%b6e%cc%b6u%cc%b6x%cc%b6-etudiants-que-je-ne-saurais-voir","status":"publish","type":"post","link":"https:\/\/archives.regards.fr\/?p=13603","title":{"rendered":"Parcoursup : chassez ces \u00e9tudiants que je ne saurais voir"},"content":{"rendered":"<p class=\"post_excerpt\">Chaque jour, retrouvez #LaMinutePolitique de Pierre Jacquemain.<\/p>\n<p><iframe loading=\"lazy\" width=\"490\" height=\"276\" src=\"https:\/\/www.youtube.com\/embed\/ZQnvb4avBHY\" title=\"YouTube video player\" frameborder=\"0\" allow=\"accelerometer; autoplay; clipboard-write; encrypted-media; gyroscope; picture-in-picture\" allowfullscreen><\/iframe><\/p>\n<p>&nbsp;<\/p>\n<p>C\u2019est reparti pour un tour. L\u2019un des moments les plus stressants pour les presque un million d\u2019\u00e9tudiants qui attendent leurs affectations de rentr\u00e9e universitaire. C\u2019est ce soir, d\u00e8s 19h, que les premiers r\u00e9sultats vont tomber. Depuis la mise en place de Parcoursup, c\u2019est le m\u00eame rituel. Les \u00e9tudiants ont d\u00fb effectuer des v\u0153ux jusqu\u2019\u00e0 30 choix possibles, sans pouvoir indiquer de pr\u00e9f\u00e9rence. Ce syst\u00e8me tr\u00e8s controvers\u00e9 a remplac\u00e9 le syst\u00e8me dit APB pour Admission Post Bac, syst\u00e8me d\u2019affectation classique vers l\u2019enseignement sup\u00e9rieur \u2013 et qui permettait de hi\u00e9rarchiser les v\u0153ux formul\u00e9s. On est donc pass\u00e9 d\u2019un syst\u00e8me d\u2019affectation \u00e0 un syst\u00e8me de classement. D\u00e9sormais, l\u2019affectation des \u00e9tudiants d\u00e9pend moins du projet scolaire et universitaire que des places disponibles dans les formations.<\/p>\n<p>&nbsp;<\/p>\n<p>\n<strong>LIRE AUSSI SUR REGARDS.FR<br \/>\n>><\/strong> <em><a href=\"https:\/\/wp.muchomaas.com\/actu\/article\/brigitte-macron-wonderwoman-des-hopitaux\">Brigitte Macron : Wonderwoman des h\u00f4pitaux<\/a><\/em><\/p>\n<p>&nbsp;<\/p>\n<p>Une note tr\u00e8s int\u00e9ressante du collectif Nos Services Publics intitul\u00e9 \u201cParcoursup\u00a0: une g\u00e9n\u00e9ration en attente\u201c revient sur les biais introduits par le syst\u00e8me Parcoursup. La note \u00e9voque un co\u00fbt extravagant\u00a0: le co\u00fbt de la proc\u00e9dure de classement est estim\u00e9 \u00e0 100 millions d\u2019euros. Elle dresse le portrait d\u2019un dispositif qui engendre des listes d\u2019attentes interminables. Les r\u00e9dacteurs de la note estiment que pr\u00e8s de la moiti\u00e9 des \u00e9l\u00e8ves ne re\u00e7oivent pas de proposition le jour de la publication des r\u00e9sultats et d\u00e9couvrent leur classement sur une liste d\u2019appel qui les place parfois derri\u00e8re plusieurs milliers d\u2019autres candidats. De quoi d\u00e9sesp\u00e9rer bien des \u00e9tudiants.<em> \u00ab\u00a0Tant que les candidats les mieux class\u00e9s n\u2019ont pas d\u00e9clin\u00e9 les v\u0153ux surnum\u00e9raires \u2013 souvent multiples \u2013 pour lesquels ils ont \u00e9t\u00e9 retenus, les places aff\u00e9rentes ne peuvent \u00eatre propos\u00e9es aux candidats suivants sur la liste d\u2019attente\u00a0\u00bb<\/em>, peut-on lire dans la note.<\/p>\n<p>Une note qui parle d\u2019un surcroit de travail pour les personnels de l\u2019\u00c9ducation nationale aux d\u00e9pens de leur mission \u00e9ducative\u00a0: l\u2019\u00e9quivalent de 2000 enseignants \u00e0 temps plein et 2,6 millions d\u2019heures consacr\u00e9es. Plus d\u2019une vingtaine de personnels diff\u00e9rents \u2013 enseignants, personnel administratifs, conseillers d\u2019orientation, psychologues \u2013 interviennent d\u2019une mani\u00e8re ou d\u2019une autre sur la proc\u00e9dure.  <em>\u00ab\u00a0Cet \u00e9miettement des responsabilit\u00e9s et le manque de communication entre les acteurs soul\u00e8vent des questions de coh\u00e9rence globale du dispositif et sur la valeur des classements obtenus en bout de cha\u00eene\u00a0\u00bb<\/em>, analysent les auteurs de la note. Alors que Parcousup devait corriger les injustices, il les accroit en cr\u00e9ant des barri\u00e8res suppl\u00e9mentaires pour les lyc\u00e9ens les moins dot\u00e9s culturellement, les moins renseign\u00e9s sur l\u2019offre de formation et surtout les moins dispos\u00e9s \u00e0 faire des \u00e9tudes sup\u00e9rieures. <\/p>\n<p>Parcoursup est l\u2019arbre malade qui cache la for\u00eat. L\u2019universit\u00e9 est sous dot\u00e9e\u00a0: quatre fois moins financ\u00e9e que ne le sont les grandes \u00e9coles ou classes pr\u00e9paratoire. Les places manques. Et alors qu\u2019on devrait se r\u00e9jouir que les classes populaires aient pris place dans les universit\u00e9s, on les en chasse en les rendant responsable du d\u00e9sordre, voire de la baisse du niveau des \u00e9tudiants. <em>\u00ab\u00a0Demain ce seront nos universit\u00e9s qui doivent \u00eatre les piliers de l\u2019excellence\u00a0\u00bb<\/em>, avait assur\u00e9 Emmanuel Macron pendant la campagne pr\u00e9sidentielle. Ajoutant\u00a0: <em>\u00ab\u00a0On ne pourra pas rester durablement dans un syst\u00e8me o\u00f9 l&#8217;enseignement sup\u00e9rieur n&#8217;a aucun prix pour la quasi-totalit\u00e9 des \u00e9tudiants\u00a0\u00bb<\/em>. Nous voil\u00e0 pr\u00e9venu. Parcoursup n\u2019\u00e9tait qu\u2019une \u00e9tape. Celle de la mise au ban des classes populaires.<\/p>\n<p>&nbsp;<\/p>\n<p>\n<a href=\"https:\/\/wp.muchomaas.com\/auteur\/pierre-jacquemain\"><strong>Pierre Jacquemain<\/strong><\/a><div id='gallery-1' class='gallery galleryid-13603 gallery-columns-3 gallery-size-thumbnail'><figure class='gallery-item'>\n\t\t\t<div class='gallery-icon landscape'>\n\t\t\t\t<a href='https:\/\/archives.regards.fr\/wp-content\/uploads\/2022\/06\/cadre_la_minute_politique-4-2b4.png'><img loading=\"lazy\" decoding=\"async\" width=\"150\" height=\"150\" src=\"https:\/\/archives.regards.fr\/wp-content\/uploads\/2022\/06\/cadre_la_minute_politique-4-2b4-150x150.png\" class=\"attachment-thumbnail size-thumbnail\" alt=\"cadre_la_minute_politique-4.png\" \/><\/a>\n\t\t\t<\/div><\/figure>\n\t\t<\/div>\n<\/p>\n","protected":false},"excerpt":{"rendered":"<p>Chaque jour, retrouvez #LaMinutePolitique de Pierre Jacquemain.<\/p>\n","protected":false},"author":1039,"featured_media":32052,"comment_status":"open","ping_status":"open","sticky":false,"template":"","format":"standard","meta":{"_themeisle_gutenberg_block_has_review":false,"footnotes":""},"categories":[6],"tags":[],"class_list":["post-13603","post","type-post","status-publish","format-standard","has-post-thumbnail","hentry","category-actu"],"_links":{"self":[{"href":"https:\/\/archives.regards.fr\/index.php?rest_route=\/wp\/v2\/posts\/13603","targetHints":{"allow":["GET"]}}],"collection":[{"href":"https:\/\/archives.regards.fr\/index.php?rest_route=\/wp\/v2\/posts"}],"about":[{"href":"https:\/\/archives.regards.fr\/index.php?rest_route=\/wp\/v2\/types\/post"}],"author":[{"embeddable":true,"href":"https:\/\/archives.regards.fr\/index.php?rest_route=\/wp\/v2\/users\/1039"}],"replies":[{"embeddable":true,"href":"https:\/\/archives.regards.fr\/index.php?rest_route=%2Fwp%2Fv2%2Fcomments&post=13603"}],"version-history":[{"count":0,"href":"https:\/\/archives.regards.fr\/index.php?rest_route=\/wp\/v2\/posts\/13603\/revisions"}],"wp:featuredmedia":[{"embeddable":true,"href":"https:\/\/archives.regards.fr\/index.php?rest_route=\/wp\/v2\/media\/32052"}],"wp:attachment":[{"href":"https:\/\/archives.regards.fr\/index.php?rest_route=%2Fwp%2Fv2%2Fmedia&parent=13603"}],"wp:term":[{"taxonomy":"category","embeddable":true,"href":"https:\/\/archives.regards.fr\/index.php?rest_route=%2Fwp%2Fv2%2Fcategories&post=13603"},{"taxonomy":"post_tag","embeddable":true,"href":"https:\/\/archives.regards.fr\/index.php?rest_route=%2Fwp%2Fv2%2Ftags&post=13603"}],"curies":[{"name":"wp","href":"https:\/\/api.w.org\/{rel}","templated":true}]}}