{"id":13596,"date":"2022-05-30T13:03:38","date_gmt":"2022-05-30T11:03:38","guid":{"rendered":"https:\/\/wp.muchomaas.com\/article-ligue-des-champions-quand-la-france-revele-au-monde-son-visage-autoritaire\/"},"modified":"2023-06-24T00:29:02","modified_gmt":"2023-06-23T22:29:02","slug":"article-ligue-des-champions-quand-la-france-revele-au-monde-son-visage-autoritaire","status":"publish","type":"post","link":"https:\/\/archives.regards.fr\/?p=13596","title":{"rendered":"Ligue des Champions : quand la France r\u00e9v\u00e8le au monde son visage autoritaire"},"content":{"rendered":"<p class=\"post_excerpt\">Chaque jour, retrouvez #LaMinutePolitique de Pierre Jacquemain.<\/p>\n<p><iframe loading=\"lazy\" width=\"490\" height=\"276\" src=\"https:\/\/www.youtube.com\/embed\/4Cm9eOAYQos\" title=\"YouTube video player\" frameborder=\"0\" allow=\"accelerometer; autoplay; clipboard-write; encrypted-media; gyroscope; picture-in-picture\" allowfullscreen><\/iframe><\/p>\n<p>&nbsp;<\/p>\n<p>C\u2019est l\u2019affaire du weekend. La finale de la Ligue des Champions avait lieu samedi soir au Stade de France. Rien ne s\u2019est pass\u00e9 comme pr\u00e9vu. La France s\u2019est ridiculis\u00e9e. La presse \u00e9trang\u00e8re s\u2019en est donn\u00e9e \u00e0 c\u0153ur joie\u00a0: \u00ab Stade de farce \u00bb, a ironis\u00e9 le <em>Sun<\/em>. Les journalistes pr\u00e9sents, Fran\u00e7ais et \u00e9trangers, ont comment\u00e9 des sc\u00e8nes de \u00ab\u00a0chaos\u00a0\u00bb comme ils ne l\u2019avaient jamais vu. Jusqu\u2019aux \u00e9lus \u00e9trangers qui ont parl\u00e9 de \u00ab\u00a0honte\u00a0\u00bb. Le d\u00e9put\u00e9 de Liverpool, Ian Byrne, pr\u00e9sent \u00e0 Saint-Denis samedi soir a m\u00eame d\u00e9clar\u00e9 avoir v\u00e9cu <em>\u00ab l\u2019une des pires exp\u00e9riences de sa vie\u201d \u00bb<\/em> Attestant d\u2019une <em>\u00ab s\u00e9curit\u00e9 horrible \u00bb<\/em> et d\u2019une <em>\u00ab organisation qui a mis des vies en danger \u00bb<\/em>. Mais que s\u2019est-il pass\u00e9 r\u00e9ellement\u00a0?<\/p>\n<p>&nbsp;<\/p>\n<p>\n<strong>LIRE AUSSI SUR REGARDS.FR<br \/>\n>><\/strong> <em><a href=\"https:\/\/wp.muchomaas.com\/actu\/article\/pourquoi-macron-ne-croit-pas-dans-le-dialogue-social\">Pourquoi Macron ne croit pas dans le dialogue social<\/a><\/em><\/p>\n<p>&nbsp;<\/p>\n<p>Plusieurs facteurs sont \u00e0 prendre en compte. Dysfonctionnement dans les transports et dans la gestion des flux aux abords du stade en tout premier lieu. Mais surtout, comme l\u2019\u00e9crit J\u00e9r\u00f4me Latta dans <em>Le Monde<\/em>, la mauvaise appr\u00e9hension de la pr\u00e9fecture de Police fait peu de doute\u00a0: <em>\u00ab\u00a0Lev\u00e9e tardive du pr\u00e9filtrage des spectateurs \u00e0 l\u2019origine de la congestion\u00a0; incapacit\u00e9 \u00e0 contenir les intrusions illicites\u00a0; gaz lacrymog\u00e8ne utilis\u00e9 sans discernement\u00a0; fermeture inexpliqu\u00e9e des guichets concern\u00e9s\u00a0\u00bb<\/em>. Les facteurs sont multiples. \u00a0Au point que tout le monde s\u2019accorde pour dire qu\u2019une enqu\u00eate ind\u00e9pendante est n\u00e9cessaire\u00a0: de l\u2019UEFA en passant par les collectivit\u00e9s et les \u00e9lus tout le monde acquiesce. <\/p>\n<p>Tout le monde veut une enqu\u00eate mais pour le ministre de l\u2019Int\u00e9rieur, G\u00e9rald Darmanin, pas besoin d\u2019enqu\u00eate puisqu\u2019il en connait d\u00e9j\u00e0 les conclusions.<em> \u00ab\u00a0La faute aux milliers de supporters britanniques\u00a0\u00bb<\/em>, assure-t-il. Les anglais appr\u00e9cieront. M\u00eame imprudence \u2013 et on pourrait ajouter m\u00eame incomp\u00e9tence \u2013 du c\u00f4t\u00e9 de Marine Le Pen pour qui, n\u00e9cessairement, tout est de la faute des <em>\u00ab\u00a0racailles\u00a0\u00bb<\/em> de la Seine-Saint-Denis. \u00c0 quelques mois du mondial de Rugby et \u00e0 deux ans des JO, la France s\u2019est d\u00e9cr\u00e9dibilis\u00e9e sur sa capacit\u00e9 \u00e0 accueillir des grands \u00e9v\u00e9nements sportifs mais Darmanin et Le Pen regardent ailleurs. <\/p>\n<p>On peut reprocher tout et n\u2019importe quoi aux anglais mais ils ont au moins appris une chose de leurs drames pass\u00e9s et de leurs erreurs \u2013 notamment s\u2019agissant du hooliganisme. Alors qu\u2019en France, on ne compte plus le nombre de lois sur la s\u00e9curit\u00e9 nationale et le tout r\u00e9pressif \u2013 allant jusqu\u2019\u00e0 remettre en cause certaines de nos libert\u00e9s \u2013 au Royaume-Uni, on privil\u00e9gie le dialogue. Le dialogue avec les supporters. En France, il n\u2019y a pas de politique de gestion des supporters. On est dans la r\u00e9action. Pas dans l\u2019anticipation. Qu\u2019il y ait une billetterie parall\u00e8le n\u2019a rien de nouveau. On le savait. Qu\u2019il y ait des d\u00e9bordements en amont et en aval des matchs n\u2019a rien de nouveau non plus. Et quand on n\u2019anticipe pas, on agit dans la pr\u00e9cipitation. La brutalit\u00e9 pour unique r\u00e9ponse.<\/p>\n<p>Les images de violences \u00e0 l\u2019endroit du public, de gaz envoy\u00e9 sur les familles anglaises ou de journalistes emp\u00each\u00e9s, ne passent pas. Elles font mal \u00e0 la France et \u00e0 son image. Mais le couple Lallement (pr\u00e9fet de police) \/ Darmanin, n\u2019en est pas \u00e0 son coup d\u2019essai. On finit par s\u2019y habituer. A d\u2019autres \u00e9poques, le fusible Lallement aurait saut\u00e9. Il aurait \u00e9t\u00e9 remerci\u00e9. Au moins pour le symbole. Pour envoyer un signal\u00a0: nous avons compris. Nous avons pris la mesure et nous allons y rem\u00e9dier. Mais \u00e7a n\u2019est pas le signal que semble vouloir envoyer le gouvernement. Samedi soir, la France a montr\u00e9 au monde son vrai visage\u00a0: celui d\u2019un Etat autoritaire. <\/p>\n<p>&nbsp;<\/p>\n<p>\n<a href=\"https:\/\/wp.muchomaas.com\/auteur\/pierre-jacquemain\"><strong>Pierre Jacquemain<\/strong><\/a><div id='gallery-1' class='gallery galleryid-13596 gallery-columns-3 gallery-size-thumbnail'><figure class='gallery-item'>\n\t\t\t<div class='gallery-icon landscape'>\n\t\t\t\t<a href='https:\/\/archives.regards.fr\/wp-content\/uploads\/2022\/05\/pol-3-6b2.png'><img loading=\"lazy\" decoding=\"async\" width=\"150\" height=\"150\" src=\"https:\/\/archives.regards.fr\/wp-content\/uploads\/2022\/05\/pol-3-6b2-150x150.png\" class=\"attachment-thumbnail size-thumbnail\" alt=\"pol-3.png\" \/><\/a>\n\t\t\t<\/div><\/figure>\n\t\t<\/div>\n<\/p>\n","protected":false},"excerpt":{"rendered":"<p>Chaque jour, retrouvez #LaMinutePolitique de Pierre Jacquemain.<\/p>\n","protected":false},"author":1039,"featured_media":32036,"comment_status":"open","ping_status":"open","sticky":false,"template":"","format":"standard","meta":{"_themeisle_gutenberg_block_has_review":false,"footnotes":""},"categories":[6],"tags":[],"class_list":["post-13596","post","type-post","status-publish","format-standard","has-post-thumbnail","hentry","category-actu"],"_links":{"self":[{"href":"https:\/\/archives.regards.fr\/index.php?rest_route=\/wp\/v2\/posts\/13596","targetHints":{"allow":["GET"]}}],"collection":[{"href":"https:\/\/archives.regards.fr\/index.php?rest_route=\/wp\/v2\/posts"}],"about":[{"href":"https:\/\/archives.regards.fr\/index.php?rest_route=\/wp\/v2\/types\/post"}],"author":[{"embeddable":true,"href":"https:\/\/archives.regards.fr\/index.php?rest_route=\/wp\/v2\/users\/1039"}],"replies":[{"embeddable":true,"href":"https:\/\/archives.regards.fr\/index.php?rest_route=%2Fwp%2Fv2%2Fcomments&post=13596"}],"version-history":[{"count":0,"href":"https:\/\/archives.regards.fr\/index.php?rest_route=\/wp\/v2\/posts\/13596\/revisions"}],"wp:featuredmedia":[{"embeddable":true,"href":"https:\/\/archives.regards.fr\/index.php?rest_route=\/wp\/v2\/media\/32036"}],"wp:attachment":[{"href":"https:\/\/archives.regards.fr\/index.php?rest_route=%2Fwp%2Fv2%2Fmedia&parent=13596"}],"wp:term":[{"taxonomy":"category","embeddable":true,"href":"https:\/\/archives.regards.fr\/index.php?rest_route=%2Fwp%2Fv2%2Fcategories&post=13596"},{"taxonomy":"post_tag","embeddable":true,"href":"https:\/\/archives.regards.fr\/index.php?rest_route=%2Fwp%2Fv2%2Ftags&post=13596"}],"curies":[{"name":"wp","href":"https:\/\/api.w.org\/{rel}","templated":true}]}}