{"id":13588,"date":"2022-05-24T14:10:26","date_gmt":"2022-05-24T12:10:26","guid":{"rendered":"https:\/\/wp.muchomaas.com\/article-dans-l-anti-wokisme-il-y-a-beaucoup-d-anti-communisme\/"},"modified":"2023-06-24T00:28:56","modified_gmt":"2023-06-23T22:28:56","slug":"article-dans-l-anti-wokisme-il-y-a-beaucoup-d-anti-communisme","status":"publish","type":"post","link":"https:\/\/archives.regards.fr\/?p=13588","title":{"rendered":"\u00ab Dans l\u2019anti-wokisme, il y a beaucoup d\u2019anti-communisme \u00bb"},"content":{"rendered":"<p class=\"post_excerpt\">Les paniqu\u00e9s du wokisme : qui sont-ils ? Quels sont leurs r\u00e9seaux ? Qu&#8217;est-ce qui les meut et les promeut ? On en parle dans #LaMidinale avec Alex Mahoudeau, auteur de <em>La panique woke : anatomie d&#8217;une offensive r\u00e9actionnaire<\/em> aux \u00e9ditions Textuel.<\/p>\n<h2>UNE MIDINALE \u00c0 VOIR&#8230;<\/h2>\n<p><iframe loading=\"lazy\" width=\"490\" height=\"276\" src=\"https:\/\/www.youtube.com\/embed\/qe2abNdY-qE\" title=\"YouTube video player\" frameborder=\"0\" allow=\"accelerometer; autoplay; clipboard-write; encrypted-media; gyroscope; picture-in-picture\" allowfullscreen><\/iframe><\/p>\n<p>&nbsp;<\/p>\n<p><h2>ET \u00c0 LIRE&#8230;<\/h2>\n<p><em> <strong>Sur l\u2019histoire et l\u2019usage du mot wokiste<\/strong> <\/em><br \/>\n\u00ab C\u2019est un mot qui vient de rentrer dans le Larousse, un terme qui par l\u2019usage s\u2019est g\u00e9n\u00e9ralis\u00e9. \u00c0 partir du 19eme si\u00e8cle, ce mot est utilis\u00e9 pour signifier \u2018conscientiser les choses\u2019, son usage comme un slogan politique est beaucoup plus r\u00e9cent, cela remonte au mouvement Black Lives Matter, o\u00f9 l\u2019expression \u2018Stay Woke\u2019, \u2018rester conscient\u2019, va \u00eatre mobilis\u00e9e pour appuyer la lutte de gens qui se battent notamment face \u00e0 des meurtres racistes \u00bb.<br \/>\n\u00ab Ce terme est import\u00e9 en France depuis les ann\u00e9es 2010, pour faire r\u00e9f\u00e9rence aux gens qui vont trop loin, \u00e0 cause de leurs id\u00e9es \u00e9galitaristes, progressistes ou libertaires. C\u2019est un usage retrouv\u00e9 sur Internet o\u00f9 on a accus\u00e9 des entreprises de &#8216;Woke Washing&#8217;, c\u2019est \u00e0 dire le fait que certaines entreprises se revendiquent anti-raciste comme slogan publicitaire \u00bb.<br \/>\n\u00ab Et maintenant, il est utilis\u00e9 pour d\u00e9signer un peu tous les gens qu\u2019on n&#8217;aime pas, et souvent de mani\u00e8re r\u00e9active. \u2018Vous dites \u00e7a alors vous \u00eates des wokistes\u2019 \u00bb.<\/p>\n<p><em> <strong>Sur la panique Woke dans le mouvement conservateur<\/strong> <\/em><br \/>\n\u00ab On va avoir un \u00e9v\u00e9nement organis\u00e9 \u00e0 l\u2019Universit\u00e9 d\u2019\u00e9t\u00e9 du Medef, sur les dangers de la culture woke dans les entreprises. Par exemple Brice Couturier, dans un livre sur la question, argumente pour signifier que des \u00e9tudiants venants de campus soi-disant woke, viendrait ensuite changer la culture de l\u2019entreprise depuis l\u2019int\u00e9rieur. C\u2019est une crainte fr\u00e9quente. Dans le mouvement conservateur, il y a beaucoup de r\u00e9flexion sur le fait qu&#8217;en transformant la culture, les progressistes du jour conduiraient une transformation politique \u00bb.<br \/>\n\u00ab La droite en Europe et aux Etats-Unis s\u2019est appropri\u00e9 la question de la classe.  A gauche, c\u2019est une question mat\u00e9rielle de qui poss\u00e8de les moyens de productions. A droite, cela va \u00eatre de dire nous sommes avec la France travailleuse qui se l\u00e8ve t\u00f4t, et qui veut qu\u2019on la laisse tranquille pour faire des barbecues \u00bb.<br \/>\n\u00ab Il y a 10 ans, les m\u00eames personnes qui disent aujourd\u2019hui que l\u2019Universit\u00e9 est obs\u00e9d\u00e9e par la race et le genre, disaient que l\u2019Universit\u00e9 \u00e9tait obs\u00e9d\u00e9e par la classe, ce qui l\u2019emp\u00eacherait de voir la culture. Dans l\u2019anti-wokisme, il y a beaucoup d\u2019anti-communisme \u00bb.<\/p>\n<p><em> <strong>Sur la critique des adversaires du wokisme<\/strong> <\/em><br \/>\n\u00ab Je trouve que lorsqu\u2019on lit ces ouvrages avec de la rigueur m\u00e9thodologique, il y a un probl\u00e8me. Je ne critique pas l\u2019angle pris par Brice Couturier mais la fa\u00e7on dont il le fait, c\u2019est \u00e0 dire critiquer ces mouvements sans jamais aller discuter avec leurs membres. \u00bb<br \/>\n\u00ab On peut analyser les mouvements sociaux, maintenant j\u2019ai l\u2019impression que ce n\u2019est pas l\u2019objectif principal des livres de ces auteurs-l\u00e0 \u00bb.<\/p>\n<p><em> <strong>Sur le concept de cancel culture<\/strong> <\/em><br \/>\n\u00ab L\u2019observatoire du colonialisme, a recens\u00e9 17 cas d\u2019annulation de conf\u00e9rences, pour des raisons politiques. Ils incluent d\u2019ailleurs des annulations suite \u00e0 des mobilisations d\u2019extr\u00eame droite. Ce qui est int\u00e9ressant, c\u2019est qu\u2019il n\u2019inclut pas d\u2019autres \u00e9v\u00e9nements. Par exemple une journ\u00e9e d\u2019\u00e9tude a \u00e9t\u00e9 organis\u00e9e dans un Inspe en France, dans laquelle \u00e9tait discut\u00e9e la question de l\u2019intersectionnalit\u00e9. Les organisatrices ont \u00e9t\u00e9 inqui\u00e9t\u00e9e, et cela n\u2019a pas \u00e9t\u00e9 recens\u00e9 comme une tentative d\u2019annulation \u00bb.<\/p>\n<p><em> <strong>Sur la puissance r\u00e9actionnaire<\/strong> <\/em><br \/>\n\u00ab Le backlash, qui consiste non pas \u00e0 un retour automatique de b\u00e2ton de la soci\u00e9t\u00e9 face \u00e0 une avanc\u00e9e trop forte mais \u00e0 un mouvement r\u00e9actionnaire qui s\u2019organise pour lutter contre des droits acquis, notamment par les femmes, est au coeur de la panique woke. \u00bb<br \/>\n\u00ab Le grand m\u00e9dia du backlash r\u00e9actionnaire aux Etats-Unis, c\u2019est Fox News : c\u2019est Fox News qui organise la panique woke et c\u2019est Fox News qui c\u00e9l\u00e8bre la potentielle d\u00e9cision de la Cour supr\u00eame qui garantit l\u2019avortement aux Etats-Unis. \u00bb<br \/>\n\u00ab Parmi les groupes transphobes fran\u00e7ais, il y a des gens qui travaillaient au sein de la Manif Pour Tous. \u00bb<br \/>\n\u00ab Je lisais le livre d\u2019Anne Toulouse sur le wokisme aux Etats-Unis : elle y dit \u00e0 plusieurs reprises que c\u2019est un pays o\u00f9 le f\u00e9minisme a compl\u00e8tement triomph\u00e9 et o\u00f9 les f\u00e9ministes ne savent plus quoi se mettre sous la dent et donc vont chercher tout et n\u2019importe quoi. Mais cela sort quelques semaines avant que l\u2019on apprenne que le droit \u00e0 l\u2019avortement va \u00eatre remis en cause \u00e0 l\u2019\u00e9chelle nationale. \u00bb<div id='gallery-1' class='gallery galleryid-13588 gallery-columns-3 gallery-size-thumbnail'><figure class='gallery-item'>\n\t\t\t<div class='gallery-icon landscape'>\n\t\t\t\t<a href='https:\/\/archives.regards.fr\/wp-content\/uploads\/2022\/05\/article_midinale-84-251.png'><img loading=\"lazy\" decoding=\"async\" width=\"150\" height=\"150\" src=\"https:\/\/archives.regards.fr\/wp-content\/uploads\/2022\/05\/article_midinale-84-251-150x150.png\" class=\"attachment-thumbnail size-thumbnail\" alt=\"article_midinale-84.png\" \/><\/a>\n\t\t\t<\/div><\/figure>\n\t\t<\/div>\n<\/p>\n","protected":false},"excerpt":{"rendered":"<p>Les paniqu\u00e9s du wokisme : qui sont-ils ? Quels sont leurs r\u00e9seaux ? Qu&#8217;est-ce qui les meut et les promeut ? On en parle dans #LaMidinale avec Alex Mahoudeau, auteur de <em>La panique woke : anatomie d&#8217;une offensive r\u00e9actionnaire<\/em> aux \u00e9ditions Textuel.<\/p>\n","protected":false},"author":1204,"featured_media":32014,"comment_status":"open","ping_status":"open","sticky":false,"template":"","format":"standard","meta":{"_themeisle_gutenberg_block_has_review":false,"footnotes":""},"categories":[238],"tags":[293],"class_list":["post-13588","post","type-post","status-publish","format-standard","has-post-thumbnail","hentry","category-la-midinale","tag-entretien"],"_links":{"self":[{"href":"https:\/\/archives.regards.fr\/index.php?rest_route=\/wp\/v2\/posts\/13588","targetHints":{"allow":["GET"]}}],"collection":[{"href":"https:\/\/archives.regards.fr\/index.php?rest_route=\/wp\/v2\/posts"}],"about":[{"href":"https:\/\/archives.regards.fr\/index.php?rest_route=\/wp\/v2\/types\/post"}],"author":[{"embeddable":true,"href":"https:\/\/archives.regards.fr\/index.php?rest_route=\/wp\/v2\/users\/1204"}],"replies":[{"embeddable":true,"href":"https:\/\/archives.regards.fr\/index.php?rest_route=%2Fwp%2Fv2%2Fcomments&post=13588"}],"version-history":[{"count":0,"href":"https:\/\/archives.regards.fr\/index.php?rest_route=\/wp\/v2\/posts\/13588\/revisions"}],"wp:featuredmedia":[{"embeddable":true,"href":"https:\/\/archives.regards.fr\/index.php?rest_route=\/wp\/v2\/media\/32014"}],"wp:attachment":[{"href":"https:\/\/archives.regards.fr\/index.php?rest_route=%2Fwp%2Fv2%2Fmedia&parent=13588"}],"wp:term":[{"taxonomy":"category","embeddable":true,"href":"https:\/\/archives.regards.fr\/index.php?rest_route=%2Fwp%2Fv2%2Fcategories&post=13588"},{"taxonomy":"post_tag","embeddable":true,"href":"https:\/\/archives.regards.fr\/index.php?rest_route=%2Fwp%2Fv2%2Ftags&post=13588"}],"curies":[{"name":"wp","href":"https:\/\/api.w.org\/{rel}","templated":true}]}}