{"id":13585,"date":"2022-05-23T16:21:00","date_gmt":"2022-05-23T14:21:00","guid":{"rendered":"https:\/\/wp.muchomaas.com\/article-il-ne-faut-pas-laisser-les-utopies-aux-mains-des-puissants\/"},"modified":"2023-06-24T00:28:53","modified_gmt":"2023-06-23T22:28:53","slug":"article-il-ne-faut-pas-laisser-les-utopies-aux-mains-des-puissants","status":"publish","type":"post","link":"https:\/\/archives.regards.fr\/?p=13585","title":{"rendered":"\u00ab Il ne faut pas laisser les utopies aux mains des puissants \u00bb"},"content":{"rendered":"<p class=\"post_excerpt\">L&#8217;utopie comme possibilit\u00e9 de construire des r\u00e9cits diff\u00e9rents pour des futurs d\u00e9sirables et vecteurs d&#8217;\u00e9mancipation : telle est l&#8217;objectif de la philosophe Alice Carabedian, autrice de <em>Utopie radicale : par-del\u00e0 l&#8217;imaginaire des cabanes et des ruines<\/em> aux \u00e9ditions du Seuil. Elle est l&#8217;invit\u00e9e de #LaMidinale.<\/p>\n<h2>UNE MIDINALE \u00c0 VOIR&#8230;<\/h2>\n<p><iframe loading=\"lazy\" width=\"490\" height=\"276\" src=\"https:\/\/www.youtube.com\/embed\/yYZbKYcJOys\" title=\"YouTube video player\" frameborder=\"0\" allow=\"accelerometer; autoplay; clipboard-write; encrypted-media; gyroscope; picture-in-picture\" allowfullscreen><\/iframe><\/p>\n<p>&nbsp;<\/p>\n<p><h2>ET \u00c0 LIRE&#8230;<\/h2>\n<p><em> <strong>Sur la d\u00e9finition de l\u2019utopie<\/strong> <\/em><br \/>\n\u00ab L\u2019utopie, c\u2019est un d\u00e9sir de transformation de la soci\u00e9t\u00e9 et du monde vers un mieux, un plus juste, un avenir \u00e9mancipateur et lib\u00e9rateur. \u00bb<br \/>\n\u00ab Le moteur de l\u2019utopie est le d\u00e9sir, ce qui la rend politique. \u00bb<br \/>\n\u00ab L\u2019utopie est li\u00e9e \u00e0 une forme de pratique politique : il s\u2019agit d\u2019exprimer ses d\u00e9sirs et de les rendre visibles. \u00bb<\/p>\n<p><em> <strong>Sur l\u2019utopie et la catastrophe<\/strong> <\/em><br \/>\n\u00ab On s\u2019imagine continuellement la catastrophe &#8211; dont certaines sont h\u00e9las en train d\u2019advenir &#8211; et cela nous emp\u00eache d\u2019imaginer les alternatives et les fa\u00e7ons de reconstruire un monde. \u00bb<br \/>\n\u00ab Nos imaginaires sont coinc\u00e9s dans des repr\u00e9sentations dystopiques. \u00bb<br \/>\n \u00ab Les alternatives sont rarement repr\u00e9sent\u00e9es\u2026 et quand elles le sont, ce sont des alternatives telles qu\u2019on les connait aujourd\u2019hui : on n\u2019arrive pas \u00e0 sortir des imaginaires de ces alternatives l\u00e0. \u00bb<br \/>\n\u00ab On sait contre quoi on veut lutter mais on n\u2019arrive plus \u00e0 formuler ce que l\u2019on aimerait. \u00bb<\/p>\n<p><em> <strong>Sur le d\u00e9ploiement n\u00e9cessaire des imaginaires<\/strong> <\/em><br \/>\n\u00ab S\u2019il y a un comble de l\u2019\u00eatre humain, c\u2019est sa capacit\u00e9 \u00e0 cr\u00e9er des utopies. \u00bb<br \/>\n\u00ab Dans mon livre, je fais r\u00e9f\u00e9rence \u00e0 la culture de la science-fiction parce que, dans la science-fiction, il y a les outils pour penser la politique et imaginer le radicalement autre. \u00bb<br \/>\n\u00ab R\u00e9veillons nos imaginaires et ne les laissons pas aux seules mains d\u2019Hollywood. \u00bb<br \/>\n\u00ab M\u00eame s\u2019il y a parfois des bons sentiments dans les films et les s\u00e9ries mainstream, on est loin d\u2019imaginaires subversifs. Au contraire, ils participent au conformisme des imaginaires dans lesquels on baigne. \u00bb<br \/>\n\u00ab Il ne faut pas laisser les utopies aux mains des puissants. \u00bb<br \/>\n\u00ab L\u2019utopie, c\u2019est tout sauf servir de r\u00eave \u00e0 des syst\u00e8mes qui marchent sur la t\u00eate. \u00bb<div id='gallery-1' class='gallery galleryid-13585 gallery-columns-3 gallery-size-thumbnail'><figure class='gallery-item'>\n\t\t\t<div class='gallery-icon landscape'>\n\t\t\t\t<a href='https:\/\/archives.regards.fr\/wp-content\/uploads\/2022\/05\/article_midinale-83-973.png'><img loading=\"lazy\" decoding=\"async\" width=\"150\" height=\"150\" src=\"https:\/\/archives.regards.fr\/wp-content\/uploads\/2022\/05\/article_midinale-83-973-150x150.png\" class=\"attachment-thumbnail size-thumbnail\" alt=\"article_midinale-83.png\" \/><\/a>\n\t\t\t<\/div><\/figure>\n\t\t<\/div>\n<\/p>\n","protected":false},"excerpt":{"rendered":"<p>L&#8217;utopie comme possibilit\u00e9 de construire des r\u00e9cits diff\u00e9rents pour des futurs d\u00e9sirables et vecteurs d&#8217;\u00e9mancipation : telle est l&#8217;objectif de la philosophe Alice Carabedian, autrice de <em>Utopie radicale : par-del\u00e0 l&#8217;imaginaire des cabanes et des ruines<\/em> aux \u00e9ditions du Seuil. Elle est l&#8217;invit\u00e9e de #LaMidinale.<\/p>\n","protected":false},"author":1204,"featured_media":32007,"comment_status":"open","ping_status":"open","sticky":false,"template":"","format":"standard","meta":{"_themeisle_gutenberg_block_has_review":false,"footnotes":""},"categories":[238],"tags":[293],"class_list":["post-13585","post","type-post","status-publish","format-standard","has-post-thumbnail","hentry","category-la-midinale","tag-entretien"],"_links":{"self":[{"href":"https:\/\/archives.regards.fr\/index.php?rest_route=\/wp\/v2\/posts\/13585","targetHints":{"allow":["GET"]}}],"collection":[{"href":"https:\/\/archives.regards.fr\/index.php?rest_route=\/wp\/v2\/posts"}],"about":[{"href":"https:\/\/archives.regards.fr\/index.php?rest_route=\/wp\/v2\/types\/post"}],"author":[{"embeddable":true,"href":"https:\/\/archives.regards.fr\/index.php?rest_route=\/wp\/v2\/users\/1204"}],"replies":[{"embeddable":true,"href":"https:\/\/archives.regards.fr\/index.php?rest_route=%2Fwp%2Fv2%2Fcomments&post=13585"}],"version-history":[{"count":0,"href":"https:\/\/archives.regards.fr\/index.php?rest_route=\/wp\/v2\/posts\/13585\/revisions"}],"wp:featuredmedia":[{"embeddable":true,"href":"https:\/\/archives.regards.fr\/index.php?rest_route=\/wp\/v2\/media\/32007"}],"wp:attachment":[{"href":"https:\/\/archives.regards.fr\/index.php?rest_route=%2Fwp%2Fv2%2Fmedia&parent=13585"}],"wp:term":[{"taxonomy":"category","embeddable":true,"href":"https:\/\/archives.regards.fr\/index.php?rest_route=%2Fwp%2Fv2%2Fcategories&post=13585"},{"taxonomy":"post_tag","embeddable":true,"href":"https:\/\/archives.regards.fr\/index.php?rest_route=%2Fwp%2Fv2%2Ftags&post=13585"}],"curies":[{"name":"wp","href":"https:\/\/api.w.org\/{rel}","templated":true}]}}