{"id":13581,"date":"2022-05-20T15:45:39","date_gmt":"2022-05-20T13:45:39","guid":{"rendered":"https:\/\/wp.muchomaas.com\/article-nupes-pourquoi-leurs-deputes-ne-seront-pas-des-playmobils\/"},"modified":"2023-06-24T00:28:52","modified_gmt":"2023-06-23T22:28:52","slug":"article-nupes-pourquoi-leurs-deputes-ne-seront-pas-des-playmobils","status":"publish","type":"post","link":"https:\/\/archives.regards.fr\/?p=13581","title":{"rendered":"NUPES\u00a0: pourquoi leurs d\u00e9put\u00e9s ne seront pas des Playmobils"},"content":{"rendered":"<p class=\"post_excerpt\">Chaque jour, retrouvez #LaMinutePolitique de Pierre Jacquemain. <\/p>\n<p><iframe loading=\"lazy\" width=\"490\" height=\"276\" src=\"https:\/\/www.youtube.com\/embed\/yYjXtqfcejE\" title=\"YouTube video player\" frameborder=\"0\" allow=\"accelerometer; autoplay; clipboard-write; encrypted-media; gyroscope; picture-in-picture\" allowfullscreen><\/iframe><\/p>\n<p>&nbsp;<\/p>\n<p>\nHier, toutes les composantes de la NUPES avaient donn\u00e9 rendez-vous \u00e0 la presse pour pr\u00e9senter son programme partag\u00e9. Ils y croient. Et les sondages leur donnent raison d\u2019y croire. En juin prochain, Jean-Luc M\u00e9lenchon peut s\u2019installer \u00e0 Matignon et mettre en place les 650 mesures du programme commun\u00a0: le SMIC \u00e0 1500 euros net, le blocage des prix, la retraite \u00e0 60 ans, la r\u00e8gle verte, la 6\u00e8me R\u00e9publique, le RIC ou encore le bouclier logement.<\/p>\n<p>Il est reproch\u00e9 tout et son contraire \u00e0 cette nouvelle force politique qui se cr\u00e9\u00e9 \u00e0 l\u2019occasion des l\u00e9gislatives. Les journalistes sont d\u2019ailleurs \u00e0 l\u2019unisson avec la droite et l\u2019extr\u00eame droite pour d\u00e9noncer \u00e0 longueur de journ\u00e9e un accord \u00e9lectoral, un accord opportuniste. Et pourtant, \u00e0 moins d\u2019un mois du scrutin, quelles sont les familles politiques \u00e0 pouvoir pr\u00e9senter un projet politique avec autant de pr\u00e9cision ?<\/p>\n<p>M\u00eame les points de d\u00e9saccord sont mentionn\u00e9s dans le programme. Et ces d\u00e9saccords seront tranch\u00e9s par le Parlement. Oui, parce qu\u2019on a oubli\u00e9 que le Parlement avait une fonction majeure\u00a0: lieu de d\u00e9bat, d\u2019expression de ses convictions, d\u2019\u00e9change contradictoire. Et \u00e0 la fin, apr\u00e8s avoir \u00e9chang\u00e9 ses arguments, c\u2019est le vote qui s\u2019impose. Un vote en conscience.<\/p>\n<p>C\u2019est vrai que \u00e7a n\u2019est pas vraiment l\u2019image du Parlement qu\u2019on a eu jusque-l\u00e0. Parlement godillot. D\u00e9put\u00e9s playmobils.\u00a0Les d\u00e9put\u00e9s de la majorit\u00e9 pr\u00e9sidentielle ont toujours vot\u00e9 d\u2019un seul homme. Qu\u2019importent les id\u00e9es, qu\u2019importent les d\u00e9saccords, l\u2019enjeu\u00a0:  faire bloc derri\u00e8re un homme. Le pr\u00e9sident de la R\u00e9publique. \u00c7a n\u2019est pas \u00e7a la politique\u2026<\/p>\n<p>Ainsi la NUPES qu\u2019on critique abondamment pour n\u2019\u00eatre qu\u2019une coalition de fa\u00e7ade tant les d\u00e9saccords seraient importants assume de ne pas tout partager. Pas d\u2019accord sur les violences polici\u00e8res ou sur la l\u00e9galisation du cannabis\u00a0? Le parlement tranchera. Pas d\u2019accord sur la sortie du nucl\u00e9aire\u00a0? Le parlement tranchera. Pas d\u2019accord sur la GPA\u00a0? L\u2019accord NUPE pr\u00e9voit un d\u00e9bat au Parlement. Et le Parlement tranchera. Pareil sur la nationalisation des banques, tout le monde n\u2019est pas d\u2019accord. Le parlement tranchera. Sortie du commandement int\u00e9gr\u00e9 de l\u2019OTAN\u00a0? Le Parlement tranchera et nul doute que LFI m\u00eame si elle devait \u00eatre majoritaire \u00e0 gauche, sera mise en minorit\u00e9 par ses alli\u00e9s et l\u2019opposition de droite qui n\u2019y est pas favorable. C\u2019est le risque que prend la formation de Jean-Luc M\u00e9lenchon.<br \/>\nQu\u2019importe donc, le parlement tranchera. Tout \u00e7a est \u00e9crit noir sur blanc dans le programme de la NUPES que l\u2019on peut consulter sur le site d\u00e9di\u00e9. Et c\u2019est suffisamment rare pour \u00eatre relev\u00e9. Et l\u00e0 aussi, on aimerait voir les autres pr\u00e9tendants \u00e0 gouverner le pays \u00e9taler dans l\u2019espace public, comme le font les membres de cette union de la gauche et des \u00e9cologistes, ce qui rassemble et ce qui divise. C\u2019est honn\u00eate, transparent et les \u00e9lecteurs savent \u00e0 quoi s\u2019attendre. Apr\u00e8s tout, que savons-nous de la nouvelle alliance de la majorit\u00e9 pr\u00e9sidentielle\u00a0? Sur les retraites par exemple, est-ce que c\u2019est la ligne Horizon ou la ligne En Marche \/ Renaissance qui l\u2019emportera\u00a0? Nous n\u2019en savons rien.<br \/>\nEn tout cas sur l\u2019essentiel, la NUPES l\u2019assure\u00a0: 95% des propositions pr\u00e9sent\u00e9es dans l\u2019accord sont partag\u00e9es. Mais on compte sur les d\u00e9tracteurs de la NUPES, qu\u2019ils soient politiques ou journalistes, pour ne parler que des 5% restants\u2026 En tout cas en juin, c\u2019est les \u00e9lecteurs qui trancheront.<\/p>\n<p>&nbsp;<\/p>\n<p>\n<a href=\"https:\/\/wp.muchomaas.com\/auteur\/pierre-jacquemain\"><strong>Pierre Jacquemain<\/strong><\/a><div id='gallery-1' class='gallery galleryid-13581 gallery-columns-3 gallery-size-thumbnail'><figure class='gallery-item'>\n\t\t\t<div class='gallery-icon landscape'>\n\t\t\t\t<a href='https:\/\/archives.regards.fr\/wp-content\/uploads\/2022\/05\/startup_screen_pol-4b2.png'><img loading=\"lazy\" decoding=\"async\" width=\"150\" height=\"150\" src=\"https:\/\/archives.regards.fr\/wp-content\/uploads\/2022\/05\/startup_screen_pol-4b2-150x150.png\" class=\"attachment-thumbnail size-thumbnail\" alt=\"startup_screen_pol.png\" \/><\/a>\n\t\t\t<\/div><\/figure>\n\t\t<\/div>\n<\/p>\n","protected":false},"excerpt":{"rendered":"<p>Chaque jour, retrouvez #LaMinutePolitique de Pierre Jacquemain. <\/p>\n","protected":false},"author":1039,"featured_media":32002,"comment_status":"open","ping_status":"open","sticky":false,"template":"","format":"standard","meta":{"_themeisle_gutenberg_block_has_review":false,"footnotes":""},"categories":[6],"tags":[521,295],"class_list":["post-13581","post","type-post","status-publish","format-standard","has-post-thumbnail","hentry","category-actu","tag-legislatives-2022","tag-nupes"],"_links":{"self":[{"href":"https:\/\/archives.regards.fr\/index.php?rest_route=\/wp\/v2\/posts\/13581","targetHints":{"allow":["GET"]}}],"collection":[{"href":"https:\/\/archives.regards.fr\/index.php?rest_route=\/wp\/v2\/posts"}],"about":[{"href":"https:\/\/archives.regards.fr\/index.php?rest_route=\/wp\/v2\/types\/post"}],"author":[{"embeddable":true,"href":"https:\/\/archives.regards.fr\/index.php?rest_route=\/wp\/v2\/users\/1039"}],"replies":[{"embeddable":true,"href":"https:\/\/archives.regards.fr\/index.php?rest_route=%2Fwp%2Fv2%2Fcomments&post=13581"}],"version-history":[{"count":0,"href":"https:\/\/archives.regards.fr\/index.php?rest_route=\/wp\/v2\/posts\/13581\/revisions"}],"wp:featuredmedia":[{"embeddable":true,"href":"https:\/\/archives.regards.fr\/index.php?rest_route=\/wp\/v2\/media\/32002"}],"wp:attachment":[{"href":"https:\/\/archives.regards.fr\/index.php?rest_route=%2Fwp%2Fv2%2Fmedia&parent=13581"}],"wp:term":[{"taxonomy":"category","embeddable":true,"href":"https:\/\/archives.regards.fr\/index.php?rest_route=%2Fwp%2Fv2%2Fcategories&post=13581"},{"taxonomy":"post_tag","embeddable":true,"href":"https:\/\/archives.regards.fr\/index.php?rest_route=%2Fwp%2Fv2%2Ftags&post=13581"}],"curies":[{"name":"wp","href":"https:\/\/api.w.org\/{rel}","templated":true}]}}