{"id":13579,"date":"2022-05-19T13:03:13","date_gmt":"2022-05-19T11:03:13","guid":{"rendered":"https:\/\/wp.muchomaas.com\/article-les-habitants-se-demandent-a-quoi-sert-stanislas-guerini-moi-je-serai-vraiment\/"},"modified":"2023-06-24T00:28:52","modified_gmt":"2023-06-23T22:28:52","slug":"article-les-habitants-se-demandent-a-quoi-sert-stanislas-guerini-moi-je-serai-vraiment","status":"publish","type":"post","link":"https:\/\/archives.regards.fr\/?p=13579","title":{"rendered":"\u00ab Les habitants se demandent \u00e0 quoi sert Stanislas Guerini : moi, je serai vraiment leur d\u00e9put\u00e9e \u00bb"},"content":{"rendered":"<p class=\"post_excerpt\">D\u00e9fense de J\u00e9r\u00f4me Peyrat, condamn\u00e9 pour violences conjugales, par Stanislas Guerini, accord de la NUPES et campagne l\u00e9gislative : L\u00e9a Barage El Mariky, candidate dans la 3e circonscription de Paris, est l&#8217;invit\u00e9e de #LaMidinale.<\/p>\n<h2>UNE MIDINALE \u00c0 VOIR&#8230;<\/h2>\n<p><iframe loading=\"lazy\" width=\"490\" height=\"276\" src=\"https:\/\/www.youtube.com\/embed\/RwPPlFvN16k\" title=\"YouTube video player\" frameborder=\"0\" allow=\"accelerometer; autoplay; clipboard-write; encrypted-media; gyroscope; picture-in-picture\" allowfullscreen><\/iframe><\/p>\n<p>&nbsp;<\/p>\n<p><h2>ET \u00c0 LIRE&#8230;<\/h2>\n<p><em> <strong>Sur Stanislas Guerini et J\u00e9r\u00f4me Peyrat<\/strong> <\/em><br \/>\n\u00ab Stanislas Guerini a d\u00e9fendu, hier sur France info, l\u2019investiture de quelqu\u2019un qui a \u00e9t\u00e9 condamn\u00e9 pour violences conjugales. C\u2019est sa responsabilit\u00e9 de chef de parti que je ne partage pas du tout mais je ne suis pas l\u00e0 pour dire s\u2019il doit ou non d\u00e9fendre cette investiture dans la mesure o\u00f9 rien dans la loi ne l\u2019oblige \u00e0 ne pas la d\u00e9fendre. \u00bb<br \/>\n\u00ab Ce qui m\u2019a extr\u00eamement choqu\u00e9, c\u2019est la mani\u00e8re dont Stanislas Guerini a d\u00e9fendu l\u2019investiture de J\u00e9r\u00f4me Peyrat en disant qu\u2019il y a certes une condamnation mais il y a aussi son intime conviction qui est que cet homme n\u2019est pas violent et que c\u2019est un honn\u00eate homme. Comme si une condamnation avait moins de valeur que l\u2019intime conviction de Stanislas Guerini, tout puissant qu\u2019il pourrait \u00eatre en tant que patron du parti pr\u00e9sidentiel. \u00bb<br \/>\n\u00ab Quand on est patron d\u2019un parti pr\u00e9sidentiel, les d\u00e9cisions de justice, on les respecte et on ne met pas ses positions personnelles au-dessus de la justice. \u00bb<br \/>\n\u00ab Stanislas Guerini n\u2019est pas un homme b\u00eate, il est a priori plut\u00f4t intelligent donc soit il le pense vraiment, soit il s\u2019en fout compl\u00e8tement. Dans les deux cas de figure, c\u2019est tr\u00e8s grave. Soit il le pense et c\u2019est tr\u00e8s grave parce que \u00e7a voudrait dire qu\u2019il n\u2019est pas align\u00e9 avec un dixi\u00e8me des promesses qu\u2019ils font \u2013 je ne parle pas des actes parce qu\u2019ils sont n\u00e9ant donc c\u2019est \u00e0 peu pr\u00e8s align\u00e9. Et s\u2019il s\u2019en fout, c\u2019est aussi tr\u00e8s grave : les violences conjugales, ca a \u00e9t\u00e9 mis comme la grande cause du quinquennat mais il n\u2019y a rien eu, les associations continuent de demander le milliard d\u2019euros pour mettre en place des dispositifs qui permettraient de lutter contre elles. \u00bb<br \/>\n\u00ab Je ne sais pas si cela disqualifie Stanislas Guerini de se pr\u00e9senter \u00e0 une \u00e9lection, je le laisse responsable de sa candidature. Mais je souhaite que les habitants et les habitantes de la 3e circonscription de Paris qui ne l\u2019ont jamais vu sur le terrain puissent avoir l\u2019occasion d\u2019avoir un d\u00e9bat entre nous sur cette question-l\u00e0. \u00bb<\/p>\n<p><em> <strong>Sur sa campagne l\u00e9gislative<\/strong> <\/em><br \/>\n\u00ab Je m\u00e8ne une campagne pour gagner mais pas que pour me faire plaisir et gagner un si\u00e8ge de d\u00e9put\u00e9e : on a besoin de d\u00e9put\u00e9s de cette Nouvelle Union Populaire \u00c9cologique et Sociale, il nous faut une majorit\u00e9 pour changer radicalement les choses, pour changer la vie des gens, pour mettre en place les centaines de propositions sur lesquelles on s\u2019est mis d\u2019accord. \u00bb<br \/>\n\u00ab Cette union est in\u00e9dite et on en a vraiment besoin pour faire ce que l\u2019on veut faire sur l\u2019augmentation du SMIC, sur le blocage des prix, sur la retraite \u00e0 60 ans, sur la question \u00e9colo, notamment sur nos ressources naturelles qui sont en train de s\u2019\u00e9puiser ou la sortie des \u00e9nergies possibles\u2026 \u00bb<br \/>\n\u00ab Les habitants de la 3e circonscription de Paris me disent qu\u2019ils n\u2019ont pas vu leur d\u00e9put\u00e9 Stanislas Guerini, qu\u2019ils ne savent pas \u00e0 quoi il sert : il est DG d\u2019En Marche mais il n\u2019est pas le repr\u00e9sentant de notre circonscription. \u00bb<br \/>\n\u00ab Gagner, \u00e7a ne va pas \u00eatre facile : m\u00eame si la gauche toute cumul\u00e9e r\u00e9alise un bon score dans la 3e circonscription de Paris gr\u00e2ce au travail des \u00e9lus locaux et des militants qui ont beaucoup travaill\u00e9, on sait qu\u2019il y a une d\u00e9mobilisation, notamment de l\u2019\u00e9lectorat de Jean-Luc M\u00e9lenchon, entre la pr\u00e9sidentielle et les l\u00e9gislatives \u2013 parfois plus de 70% qui ne souhaitent pas se d\u00e9placer. C\u2019est eux qu\u2019ils faut convaincre, eux qui sont d\u00e9\u00e7us de ce qu\u2019il s\u2019est pass\u00e9 en avril et \u00e0 qui il faut dire que ce n\u2019est pas fini. \u00bb<br \/>\n\u00ab On a fait un tr\u00e8s bel accord de la NUPES avec un programme et une strat\u00e9gie partag\u00e9e : avoir une majorit\u00e9 \u00e0 l\u2019Assembl\u00e9e nationale qui fera de Jean-Luc M\u00e9lenchon le Premier ministre. Je n\u2019ai pas l\u2019accord honteux. \u00bb<br \/>\n\u00ab Au sein de la NUPES, on fait campagne tous ensemble et cela se passe super bien. \u00bb<br \/>\n\u00ab On a un sujet dans la 3e circonscription de Paris, c\u2019est la disparition d\u2019un h\u00f4pital, l\u2019h\u00f4pital Bichat, au profit d\u2019un grand h\u00f4pital Nord \u00e0 Saint-Ouen avec des suppressions de lits, d\u2019une maternit\u00e9 et d\u2019urgences\u2026 Toute la gauche \u00e9tait d\u00e9j\u00e0 mobilis\u00e9e contre ce projet donc on avait l\u2019habitude de travailler ensemble. \u00bb<\/p>\n<p><em> <strong>Sur la NUPES<\/strong> <\/em><br \/>\n\u00ab Entre les \u00e9lections locales, les \u00e9lections r\u00e9gionales et d\u00e9partementales, les forces politiques de gauche se sont parl\u00e9, notamment lors de la constitution des alliances de premier ou de second tour, comme par exemple dans les Hauts-de-France. \u00bb<br \/>\n\u00ab Dans plein de villes, les forces politiques se parlent dans la mesure o\u00f9 elles g\u00e8rent les ex\u00e9cutifs ensemble : \u00e0 Lyon, \u00e0 Bordeaux, \u00e0 Nantes ou \u00e0 Lyon. \u00bb<br \/>\n\u00ab Je vois l\u2019accord de la gauche comme une continuit\u00e9 m\u00eame s\u2019il y a eu des moment o\u00f9 l\u2019on ne s\u2019est pas retrouv\u00e9 comme aux \u00e9lections europ\u00e9ennes. \u00bb<br \/>\n\u00ab Je pense que l\u2019entente \u00e0 gauche va continuer, m\u00eame si je ne sais pas encore sous quelle forme : il y aura un intergroupe \u00e0 l\u2019Assembl\u00e9e nationale, on portera des choses ensemble\u2026 \u00bb<br \/>\n\u00ab Je travaille tr\u00e8s bien avec les socialistes de mon arrondissement, avec ceux de Paris, avec le maire socialiste de mon arrondissement Eric Lejoindre. Nous n\u2019avons aucune difficult\u00e9 \u00e0 mener les politiques publiques pour lesquelles on a \u00e9t\u00e9 \u00e9lu. \u00bb<br \/>\n\u00ab Ce que j\u2019ai envie de retenir de l\u2019accord de la gauche, ce n\u2019est pas forc\u00e9ment la mani\u00e8re dont on en est arriv\u00e9 l\u00e0, les inimiti\u00e9s etc\u2026 mais ce que l\u2019on a envie de r\u00e9aliser est tellement important, puissant et cela va changer la vie de tellement de personnes, que c\u2019est ce que je pr\u00e9f\u00e8re retenir. \u00bb<\/p>\n<p><em> <strong>Sur la dissidence de Lamia El Aarage dans le 20e arrondissement de Paris face \u00e0 Danielle Simmonet, investie par la NUPES<\/strong> <\/em><br \/>\n\u00ab Je ne pense pas qu\u2019une circonscription, toute parisienne qu\u2019elle soit, puisse ent\u00e2cher la formidable dynamique qu\u2019on a construite. On est au-dessus de \u00e7a. \u00bb<br \/>\n\u00ab Dans les 576 circonscriptions, cela se passe tr\u00e8s bien, et on a tous envie de gagner. Ce n\u2019est pas une circo qui va changer la donne. \u00bb<div id='gallery-1' class='gallery galleryid-13579 gallery-columns-3 gallery-size-thumbnail'><figure class='gallery-item'>\n\t\t\t<div class='gallery-icon landscape'>\n\t\t\t\t<a href='https:\/\/archives.regards.fr\/wp-content\/uploads\/2022\/05\/article_midinale-80-d09.png'><img loading=\"lazy\" decoding=\"async\" width=\"150\" height=\"150\" src=\"https:\/\/archives.regards.fr\/wp-content\/uploads\/2022\/05\/article_midinale-80-d09-150x150.png\" class=\"attachment-thumbnail size-thumbnail\" alt=\"article_midinale-80.png\" \/><\/a>\n\t\t\t<\/div><\/figure>\n\t\t<\/div>\n<\/p>\n","protected":false},"excerpt":{"rendered":"<p>D\u00e9fense de J\u00e9r\u00f4me Peyrat, condamn\u00e9 pour violences conjugales, par Stanislas Guerini, accord de la NUPES et campagne l\u00e9gislative : L\u00e9a Barage El Mariky, candidate dans la 3e circonscription de Paris, est l&#8217;invit\u00e9e de #LaMidinale.<\/p>\n","protected":false},"author":1204,"featured_media":31998,"comment_status":"open","ping_status":"open","sticky":false,"template":"","format":"standard","meta":{"_themeisle_gutenberg_block_has_review":false,"footnotes":""},"categories":[238],"tags":[293,295],"class_list":["post-13579","post","type-post","status-publish","format-standard","has-post-thumbnail","hentry","category-la-midinale","tag-entretien","tag-nupes"],"_links":{"self":[{"href":"https:\/\/archives.regards.fr\/index.php?rest_route=\/wp\/v2\/posts\/13579","targetHints":{"allow":["GET"]}}],"collection":[{"href":"https:\/\/archives.regards.fr\/index.php?rest_route=\/wp\/v2\/posts"}],"about":[{"href":"https:\/\/archives.regards.fr\/index.php?rest_route=\/wp\/v2\/types\/post"}],"author":[{"embeddable":true,"href":"https:\/\/archives.regards.fr\/index.php?rest_route=\/wp\/v2\/users\/1204"}],"replies":[{"embeddable":true,"href":"https:\/\/archives.regards.fr\/index.php?rest_route=%2Fwp%2Fv2%2Fcomments&post=13579"}],"version-history":[{"count":0,"href":"https:\/\/archives.regards.fr\/index.php?rest_route=\/wp\/v2\/posts\/13579\/revisions"}],"wp:featuredmedia":[{"embeddable":true,"href":"https:\/\/archives.regards.fr\/index.php?rest_route=\/wp\/v2\/media\/31998"}],"wp:attachment":[{"href":"https:\/\/archives.regards.fr\/index.php?rest_route=%2Fwp%2Fv2%2Fmedia&parent=13579"}],"wp:term":[{"taxonomy":"category","embeddable":true,"href":"https:\/\/archives.regards.fr\/index.php?rest_route=%2Fwp%2Fv2%2Fcategories&post=13579"},{"taxonomy":"post_tag","embeddable":true,"href":"https:\/\/archives.regards.fr\/index.php?rest_route=%2Fwp%2Fv2%2Ftags&post=13579"}],"curies":[{"name":"wp","href":"https:\/\/api.w.org\/{rel}","templated":true}]}}