{"id":13573,"date":"2022-05-17T13:07:53","date_gmt":"2022-05-17T11:07:53","guid":{"rendered":"https:\/\/wp.muchomaas.com\/article-borne-ni-de-gauche-et-de-droite\/"},"modified":"2023-06-24T00:28:51","modified_gmt":"2023-06-23T22:28:51","slug":"article-borne-ni-de-gauche-et-de-droite","status":"publish","type":"post","link":"https:\/\/archives.regards.fr\/?p=13573","title":{"rendered":"Borne : ni de gauche, et de droite"},"content":{"rendered":"<p class=\"post_excerpt\">Chaque jour, retrouvez #LaMinutePolitique de Pierre Jacquemain.<\/p>\n<p><iframe loading=\"lazy\" width=\"490\" height=\"276\" src=\"https:\/\/www.youtube.com\/embed\/6Kuqs1RxH7w\" title=\"YouTube video player\" frameborder=\"0\" allow=\"accelerometer; autoplay; clipboard-write; encrypted-media; gyroscope; picture-in-picture\" allowfullscreen><\/iframe><\/p>\n<p>&nbsp;<\/p>\n<p><em>\u00ab Nous venons de famille politiques diff\u00e9rentes \u00bb<\/em>. C\u2019est en ces termes que la nouvelle Premi\u00e8re ministre, \u00c9lisabeth Borne, a pris la parole lors de la passation de pouvoir avec Jean Castex, hier sur le perron de Matignon. Le <em>storytelling<\/em> \u00e9tait \u00e9crit \u00e0 l\u2019avance. C\u2019est la mise en sc\u00e8ne du en m\u00eame temps. Macron a nomm\u00e9 deux ex premiers ministres de droite lors du quinquennat pr\u00e9c\u00e9dent. Il nomme aujourd\u2019hui une premi\u00e8re ministre de gauche pour entamer le nouveau quinquennat.<\/p>\n<p>&nbsp;<\/p>\n<p>\n<strong>LIRE AUSSI SUR REGARDS.FR<br \/>\n>><\/strong> <em><a href=\"https:\/\/wp.muchomaas.com\/actu\/article\/burkini-faute-de-gouvernement-on-passe-le-temps\">Burkini : faute de gouvernement, on passe le temps<\/a><\/em><\/p>\n<p>&nbsp;<\/p>\n<p><em>\u00ab Cette \u00e8re nouvelle ne sera pas la continuit\u00e9 du quinquennat qui s\u2019ach\u00e8ve \u00bb<\/em>, avait promis Emmanuel Macron d\u00e8s le soir de sa r\u00e9\u00e9lection. Premi\u00e8re promesse de Macron II, non tenue. \u00c9lisabeth Borne \u00e9tait ministre d\u2019un gouvernement de droite depuis mai 2017. Trois fois ministre. Ministre des Transports. Ministre de la Transition \u00e9cologique. Et ministre du Travail. On prend les m\u00eames et on recommence. Dans la continuit\u00e9\u2026<\/p>\n<p>La seconde promesse, la promesse de toujours, celle du en m\u00eame temps \u2013 vous savez : en m\u00eame temps de droite et en m\u00eame temps de gauche \u2013 n\u2019a gu\u00e8re plus \u00e9tait tenue. Pas plus dans le quinquennat qui s\u2019ach\u00e8ve que dans celui qui s\u2019annonce. Pourtant, les \u00e9l\u00e9ments de langage de la Macronie sont rod\u00e9s. Ils l\u2019assurent : <em>\u00ab Nous avons une Premi\u00e8re ministre de gauche \u00bb<\/em>. D\u2019autres nuances : <em>\u00ab Elle vient de la gauche \u00bb<\/em>. Quelle soit de gauche ou issue de la gauche, c\u2019est faux. On la dit proche du Parti socialiste. C\u2019est faux. D\u2019ailleurs, c\u2019est elle-m\u00eame qui l\u2019assure lorsqu\u2019elle \u00e9tait pr\u00e9f\u00e8te du Poitou-Charentes : <em>\u00ab Un pr\u00e9fet n\u2019est pas proche d\u2019un parti, un pr\u00e9fet est un fonctionnaire de la R\u00e9publique \u00bb<\/em>. <\/p>\n<p>Sauf que depuis, la pr\u00e9f\u00e8te a suivi les pas de nombreux hauts fonctionnaires. Beaucoup d\u2019entre eux, \u00e9narques ou polytechniciens comme elle, font le choix tr\u00e8s strat\u00e9gique et d\u00e8s le d\u00e9but de leur carri\u00e8re publique d\u2019int\u00e9grer les cabinets minist\u00e9riels. Un choix qui permet de booster les carri\u00e8res. Rien de tr\u00e8s politique. Tout de tr\u00e8s opportuniste. Pierre Bourdieu avait lui-m\u00eame d\u00e9crit ce processus avec le cas Royal. S\u00e9gol\u00e8ne Royal. Il expliquait qu\u2019\u00e0 la sortie de l\u2019ENA, ni de gauche, ni de droite \u2013 et d\u2019ailleurs plut\u00f4t avec un ethos de droite \u2013 elle avait opt\u00e9 pour la gauche par opportunisme. Quand elle sort de l\u2019ENA, c\u2019est la gauche qui a le vent \u00e0 poupe. Alors apr\u00e8s un court passage au tribunal administratif de Paris, \u00e7a sera direction les cabinets minist\u00e9riels, l&#8217;\u00c9lys\u00e9e \u2013 comme charg\u00e9e de mission \u2013 et suivront les premiers pas politiques : d\u00e9put\u00e9e, ministre, pr\u00e9sidente de r\u00e9gion et re-ministre.<\/p>\n<p>Parcours similaire pour \u00c9lisabeth Borne qui a \u00e9t\u00e9 la directrice de cabinet de S\u00e9gol\u00e8ne Royal lorsqu\u2019elle \u00e9tait ministre de l\u2019\u00c9cologie. Borne n\u2019a rien d\u2019une femme de gauche. Ses seuls faits d\u2019armes sont ceux des postes qu\u2019elle a occup\u00e9s : la fin du statut des cheminots, c\u2019est elle. L\u2019ouverture du rail \u00e0 la concurrence, c\u2019est elle. L\u2019inaction climatique, c\u2019est elle. La baisse des allocations ch\u00f4mage, c\u2019est encore elle. On fait mieux pour une femme de gauche. Son chantier : la hausse du d\u00e9part l\u00e9gal de l\u2019\u00e2ge \u00e0 la retraite. Et la r\u00e9duction de la dette. La feuille de route : un Etat au service des entreprises. La r\u00e9duction des d\u00e9penses. Ses marges de man\u0153uvre : aucune. Si Borne n\u2019a rien d\u2019une femme de gauche, elle n\u2019a rien, non plus, de politique. Elle n\u2019y goutte que trop peu. <\/p>\n<p>En nommant Borne \u00e0 Matignon, Macron finit de d\u00e9politiser la fonction de premier ministre. Elle ne sera qu\u2019une ex\u00e9cutante. Une collaboratrice. Elle aura \u00e0 charge \u2013 et sans doute \u00e0 c\u0153ur en bonne fonctionnaire qu\u2019elle est \u2013 de veiller \u00e0 la mise en place, sans broncher, des politiques d\u00e9cid\u00e9es depuis l\u2019\u00c9lys\u00e9e. \u00c0 quatre semaines des l\u00e9gislatives, elle ne sera pas une cheffe politique. Encore moins une cheffe de la majorit\u00e9. <em>Jupiter is back<\/em>. Parce qu\u2019en nommant Borne en super-cheffe d\u2019administration, Macron s\u2019assure \u00e0 nouveau une super-pr\u00e9sidence.<\/p>\n<p>&nbsp;<\/p>\n<p>\n<a href=\"https:\/\/wp.muchomaas.com\/auteur\/pierre-jacquemain\"><strong>Pierre Jacquemain<\/strong><\/a><div id='gallery-1' class='gallery galleryid-13573 gallery-columns-3 gallery-size-thumbnail'><figure class='gallery-item'>\n\t\t\t<div class='gallery-icon landscape'>\n\t\t\t\t<a href='https:\/\/archives.regards.fr\/wp-content\/uploads\/2022\/05\/article_la_minute_politique-0fa.png'><img loading=\"lazy\" decoding=\"async\" width=\"150\" height=\"150\" src=\"https:\/\/archives.regards.fr\/wp-content\/uploads\/2022\/05\/article_la_minute_politique-0fa-150x150.png\" class=\"attachment-thumbnail size-thumbnail\" alt=\"article_la_minute_politique.png\" \/><\/a>\n\t\t\t<\/div><\/figure>\n\t\t<\/div>\n<\/p>\n","protected":false},"excerpt":{"rendered":"<p>Chaque jour, retrouvez #LaMinutePolitique de Pierre Jacquemain.<\/p>\n","protected":false},"author":1039,"featured_media":31988,"comment_status":"open","ping_status":"open","sticky":false,"template":"","format":"standard","meta":{"_themeisle_gutenberg_block_has_review":false,"footnotes":""},"categories":[6],"tags":[],"class_list":["post-13573","post","type-post","status-publish","format-standard","has-post-thumbnail","hentry","category-actu"],"_links":{"self":[{"href":"https:\/\/archives.regards.fr\/index.php?rest_route=\/wp\/v2\/posts\/13573","targetHints":{"allow":["GET"]}}],"collection":[{"href":"https:\/\/archives.regards.fr\/index.php?rest_route=\/wp\/v2\/posts"}],"about":[{"href":"https:\/\/archives.regards.fr\/index.php?rest_route=\/wp\/v2\/types\/post"}],"author":[{"embeddable":true,"href":"https:\/\/archives.regards.fr\/index.php?rest_route=\/wp\/v2\/users\/1039"}],"replies":[{"embeddable":true,"href":"https:\/\/archives.regards.fr\/index.php?rest_route=%2Fwp%2Fv2%2Fcomments&post=13573"}],"version-history":[{"count":0,"href":"https:\/\/archives.regards.fr\/index.php?rest_route=\/wp\/v2\/posts\/13573\/revisions"}],"wp:featuredmedia":[{"embeddable":true,"href":"https:\/\/archives.regards.fr\/index.php?rest_route=\/wp\/v2\/media\/31988"}],"wp:attachment":[{"href":"https:\/\/archives.regards.fr\/index.php?rest_route=%2Fwp%2Fv2%2Fmedia&parent=13573"}],"wp:term":[{"taxonomy":"category","embeddable":true,"href":"https:\/\/archives.regards.fr\/index.php?rest_route=%2Fwp%2Fv2%2Fcategories&post=13573"},{"taxonomy":"post_tag","embeddable":true,"href":"https:\/\/archives.regards.fr\/index.php?rest_route=%2Fwp%2Fv2%2Ftags&post=13573"}],"curies":[{"name":"wp","href":"https:\/\/api.w.org\/{rel}","templated":true}]}}