{"id":13569,"date":"2022-05-15T12:24:38","date_gmt":"2022-05-15T10:24:38","guid":{"rendered":"https:\/\/wp.muchomaas.com\/article-ledebrief-macron-empeche-melenchon-dans-l-apres-l-affaire-taha-bouhafs-et\/"},"modified":"2023-06-24T00:28:46","modified_gmt":"2023-06-23T22:28:46","slug":"article-ledebrief-macron-empeche-melenchon-dans-l-apres-l-affaire-taha-bouhafs-et","status":"publish","type":"post","link":"https:\/\/archives.regards.fr\/?p=13569","title":{"rendered":"#D\u00c9BRIEF. Macron emp\u00each\u00e9, M\u00e9lenchon dans l\u2019apr\u00e8s, l\u2019affaire Taha Bouhafs et Isra\u00ebl jusqu\u2019au sacril\u00e8ge"},"content":{"rendered":"<p class=\"post_excerpt\">Chaque semaine, retrouvez le d\u00e9brief de la r\u00e9daction avec Catherine Tricot, Pierre Jacquemain et Pablo Pillaud-Vivien.<\/p>\n<p><iframe loading=\"lazy\" width=\"490\" height=\"276\" src=\"https:\/\/www.youtube.com\/embed\/BnU9p1xuZy4\" title=\"YouTube video player\" frameborder=\"0\" allow=\"accelerometer; autoplay; clipboard-write; encrypted-media; gyroscope; picture-in-picture\" allowfullscreen><\/iframe><\/p>\n<div id='gallery-1' class='gallery galleryid-13569 gallery-columns-3 gallery-size-thumbnail'><figure class='gallery-item'>\n\t\t\t<div class='gallery-icon landscape'>\n\t\t\t\t<a href='https:\/\/archives.regards.fr\/wp-content\/uploads\/2022\/05\/ed768aec89a1d03ed7fb866d985e5a_1_-3-f2f.png'><img loading=\"lazy\" decoding=\"async\" width=\"150\" height=\"150\" src=\"https:\/\/archives.regards.fr\/wp-content\/uploads\/2022\/05\/ed768aec89a1d03ed7fb866d985e5a_1_-3-f2f-150x150.png\" class=\"attachment-thumbnail size-thumbnail\" alt=\"ed768aec89a1d03ed7fb866d985e5a_1_-3.png\" \/><\/a>\n\t\t\t<\/div><\/figure>\n\t\t<\/div>\n\n","protected":false},"excerpt":{"rendered":"<p>Chaque semaine, retrouvez le d\u00e9brief de la r\u00e9daction avec Catherine Tricot, Pierre Jacquemain et Pablo Pillaud-Vivien.<\/p>\n","protected":false},"author":1039,"featured_media":31978,"comment_status":"open","ping_status":"open","sticky":false,"template":"","format":"standard","meta":{"_themeisle_gutenberg_block_has_review":false,"footnotes":""},"categories":[279],"tags":[],"class_list":["post-13569","post","type-post","status-publish","format-standard","has-post-thumbnail","hentry","category-videos"],"_links":{"self":[{"href":"https:\/\/archives.regards.fr\/index.php?rest_route=\/wp\/v2\/posts\/13569","targetHints":{"allow":["GET"]}}],"collection":[{"href":"https:\/\/archives.regards.fr\/index.php?rest_route=\/wp\/v2\/posts"}],"about":[{"href":"https:\/\/archives.regards.fr\/index.php?rest_route=\/wp\/v2\/types\/post"}],"author":[{"embeddable":true,"href":"https:\/\/archives.regards.fr\/index.php?rest_route=\/wp\/v2\/users\/1039"}],"replies":[{"embeddable":true,"href":"https:\/\/archives.regards.fr\/index.php?rest_route=%2Fwp%2Fv2%2Fcomments&post=13569"}],"version-history":[{"count":0,"href":"https:\/\/archives.regards.fr\/index.php?rest_route=\/wp\/v2\/posts\/13569\/revisions"}],"wp:featuredmedia":[{"embeddable":true,"href":"https:\/\/archives.regards.fr\/index.php?rest_route=\/wp\/v2\/media\/31978"}],"wp:attachment":[{"href":"https:\/\/archives.regards.fr\/index.php?rest_route=%2Fwp%2Fv2%2Fmedia&parent=13569"}],"wp:term":[{"taxonomy":"category","embeddable":true,"href":"https:\/\/archives.regards.fr\/index.php?rest_route=%2Fwp%2Fv2%2Fcategories&post=13569"},{"taxonomy":"post_tag","embeddable":true,"href":"https:\/\/archives.regards.fr\/index.php?rest_route=%2Fwp%2Fv2%2Ftags&post=13569"}],"curies":[{"name":"wp","href":"https:\/\/api.w.org\/{rel}","templated":true}]}}