{"id":13568,"date":"2022-05-13T15:51:56","date_gmt":"2022-05-13T13:51:56","guid":{"rendered":"https:\/\/wp.muchomaas.com\/article-fatima-benomar-en-france-le-deni-de-patriarcat-s-adosse-au-deni-de-justice\/"},"modified":"2023-06-24T00:28:46","modified_gmt":"2023-06-23T22:28:46","slug":"article-fatima-benomar-en-france-le-deni-de-patriarcat-s-adosse-au-deni-de-justice","status":"publish","type":"post","link":"https:\/\/archives.regards.fr\/?p=13568","title":{"rendered":"Fatima Benomar : \u00ab En France, le d\u00e9ni de patriarcat s\u2019adosse au d\u00e9ni de justice \u00bb"},"content":{"rendered":"<p class=\"post_excerpt\">Affaires PPDA, Taha Bouhafs\u2026 Que reste-t-il de #MeToo ? Fatima Benomar, membre de la coordination nationale de Nous Toutes, est l\u2019invit\u00e9e de #LaMidinale.<\/p>\n<h2>UNE MIDINALE \u00c0 VOIR&#8230;<\/h2>\n<p><iframe loading=\"lazy\" width=\"490\" height=\"276\" src=\"https:\/\/www.youtube.com\/embed\/uMBgqGUKLz0\" title=\"YouTube video player\" frameborder=\"0\" allow=\"accelerometer; autoplay; clipboard-write; encrypted-media; gyroscope; picture-in-picture\" allowfullscreen><\/iframe><\/p>\n<p>&nbsp;<\/p>\n<p><h2>ET \u00c0 LIRE&#8230;<\/h2>\n<p><strong>Sur l\u2019\u00e9mission Mediapart des femmes victimes de PPDA<\/strong><br \/>\n\u00ab C\u2019est la puissance du collectif et la puissance de l\u2019espace qui a \u00e9t\u00e9 r\u00e9alis\u00e9e. \u00bb<br \/>\n\u00ab #MeToo a permis qu\u2019il y ait un espace m\u00e9diatique mais aussi un espace emphatique pour que la parole des femmes soit entendue. \u00bb<br \/>\n\u00ab On voit une diversit\u00e9 de femmes victimes de PPDA prendre la parole et d\u00e9crire un m\u00eame syst\u00e8me qui a \u00e9t\u00e9 efficace pour toutes les silencier. \u00bb<br \/>\n\u00ab #MeToo a \u00e9t\u00e9 un mouvement r\u00e9volutionnaire \u00e0 plusieurs titres et dans bien des pays (\u2026). Il a fait tomber de nombreux hommes et parfois pas n\u2019importe lesquels. \u00bb<br \/>\n\u00ab En ce moment, il doit y avoir plein de mecs au bout de leur vie qui redoutent l\u2019appel d\u2019Elise Lucet. \u00bb<\/p>\n<p><strong>Sur le tribunal m\u00e9diatique contre le proc\u00e8s d\u2019assise<\/strong><br \/>\n\u00ab Il s\u2019agit d\u2019un proc\u00e8s m\u00e9diatique qui met en exergue le fait qu\u2019il n\u2019y a pas de justice. \u00bb<br \/>\n\u00ab Au plus haut niveau de l\u2019Etat en France, on admet qu\u20191% seulement des violeurs sont condamn\u00e9s. \u00bb<br \/>\n\u00ab La vertu de la justice est dysfonctionnelle. \u00bb<br \/>\n\u00ab En France, le d\u00e9ni de patriarcat s\u2019adosse au d\u00e9ni de justice. \u00bb<br \/>\n\u00ab Le patriarcat est un syst\u00e8me tellement vieux, ant\u00e9rieur au capitalisme et au racisme, qu\u2019il n\u2019a plus besoin de l\u2019Etat ou de lois sexistes pour fonctionner. Il fonctionne naturellement. \u00bb<br \/>\n\u00ab Quand je vais porter plainte pour agression sexuelle au commissariat et que le policier me r\u00e9pond que j\u2019aurais d\u00fb rentrer plus t\u00f4t et accompagn\u00e9e, il ne fait pas r\u00e9f\u00e9rence \u00e0 un loi ou \u00e0 un Etat social mais \u00e0 un ordre social. \u00bb<br \/>\n\u00ab Dans l\u2019affaire PPDA comme dans tant d\u2019autres, on en arrive \u00e0 se r\u00e9jouir et \u00e0 consid\u00e9rer comme une victoire quand les femmes ne sont pas condamn\u00e9es pour d\u00e9nonciation calomnieuse. \u00bb<\/p>\n<p><strong>Sur le consentement<\/strong><br \/>\n\u00ab La prochaine \u00e9tape de #MeToo c\u2019est d\u2019essayer de travailler sur ce qu\u2019il se fait dans d\u2019autres pays &#8211; en Espagne, en Su\u00e8de, au Canada, en Australie &#8211; la question de s\u2019assurer du consentement. \u00bb<br \/>\n\u00ab Il y a beaucoup de personnes qui disent qu\u2019il n\u2019est pas glamour d\u2019acter le consentement par \u00e9crit, par une preuve tangible avant de consommer un rapport sexuel. Il y a plein de choses qui ne sont pas tr\u00e8s glamour dans la soci\u00e9t\u00e9 : le fait de prendre le temps de mettre une capote n\u2019est pas forc\u00e9ment le truc le plus glamour. C\u2019est juste un changement de convention sociale. Les implicites de la soci\u00e9t\u00e9 changent (\u2026). Maintenant, on saura peut-\u00eatre qu\u2019avant d\u2019avoir un rapport sexuel avec quelqu\u2019un, on s\u2019assure de mani\u00e8re officielle de son consentement. \u00bb<\/p>\n<p><strong>Sur la prescription des faits<\/strong><br \/>\n\u00ab La position \u00e0 laquelle on a \u00e9t\u00e9 amen\u00e9es \u00e0 r\u00e9fl\u00e9chir dans le mouvement f\u00e9ministe, c\u2019est l\u2019imprescriptibilit\u00e9 des violences sexuelles sur les mineurs &#8211; du fait notamment de l\u2019amn\u00e9sie traumatique. \u00bb<br \/>\n\u00ab C\u2019est donc une question qui n\u2019est pas tranch\u00e9e de mani\u00e8re consensuelle par les f\u00e9ministes mais qui est pouss\u00e9e. \u00bb<\/p>\n<p><strong>Sur Taha Bouhafs<\/strong><br \/>\n\u00ab Dans le mouvement f\u00e9ministe, on a toujours un temps d\u2019avance et on a toujours les bails avant tout le monde donc \u00e7a faisait longtemps que Taha Bouhafs \u00e9tait une personne qui posait probl\u00e8me par rapport \u00e0 la violence de son comportement dans les milieux militants. \u00bb<\/p>\n<p><strong>Sur l\u2019injonction \u00e0 porter plainte<\/strong><br \/>\n\u00ab La plupart des collectifs f\u00e9ministes qui croient en la justice transformative, enl\u00e8vent compl\u00e8tement cette id\u00e9e d\u2019injonction \u00e0 la plainte. D\u2019autant qu\u2019il y a 9 chances sur 10 que tu offres sur un plateau, le blanchiment \u00e0 ton violeur. Comme 9 fois sur 10, il n\u2019y a pas de condamnation dans les affaires de viol. \u00bb<br \/>\n\u00ab Deuxi\u00e8mement, nous ne sommes pas toutes \u00e9gales face \u00e0 la justice. Porter plainte est un privil\u00e8ge, du fait d\u2019avoir des papiers, de ne pas \u00eatre une femme trans, de ne pas \u00eatre une femme marginalis\u00e9e dans la soci\u00e9t\u00e9. \u00bb<br \/>\n\u00ab Il existe aussi le privil\u00e8ge de ne pas porter plainte. Par exemple, lorsque moi militante, je subis des agressions, je sais que cela est d\u00fb \u00e0 un syst\u00e8me et j\u2019ai d\u2019autres moyens de me d\u00e9fendre que par le syst\u00e8me judiciaire. Donc nous notre r\u00f4le, c\u2019est de prot\u00e9ger les femmes qui n\u2019ont pas cette chance l\u00e0. On leur donne ce dont elles ont besoin : d\u2019\u00e9coute, de reconstruction, d\u2019un collectif qui s\u2019organise autour d\u2019elles, d\u2019accompagnement peut \u00eatre pour aller porter plainte. Et on veut restaurer la force de ces femmes, pour qu\u2019elles m\u00eame puissent aider d\u2019autres femmes \u00e0 leur tour. \u00bb<br \/>\n\u00ab Le r\u00f4le des organisations internes au parti est de faire le choix politique que cet homme pr\u00e9cis\u00e9ment doit \u00eatre mis hors d\u2019\u00e9tat de nuire. \u00bb<\/p>\n<p><strong>Sur le probl\u00e8me de l\u2019ultra personnalisation des luttes<\/strong><br \/>\n\u00ab C\u2019est un probl\u00e8me de stariser des personnalit\u00e9s politiques, car le jour o\u00f9 elles tombent, on se retrouve d\u2019une certaine mani\u00e8re \u2018cocufi\u00e9e\u2019. Lorsque l\u2019on donne le poids \u00e0 une personne de la repr\u00e9sentation d\u2019une cause, cela a un co\u00fbt politique lorsque la personne tombe. C\u2019est pour cela qu\u2019on y r\u00e9fl\u00e9chit \u00e0 deux fois avant de mettre de c\u00f4t\u00e9 les personnalit\u00e9s qui posent probl\u00e8mes. Cela peut faire partie de la strat\u00e9gie de l\u2019agresseur, lorsqu\u2019il devient indispensable, on a un sentiment d\u2019impunit\u00e9, ce qui peut expliquer des passages \u00e0 l\u2019acte. \u00bb<br \/>\n\u00ab La narrative dans les partis c\u2019est \u2018tu comprends tu vas faire du mal au parti si tu fais tomber untel\u2019. Il y a toujours eu cette narrative d\u2019opposer aux femmes le co\u00fbt de leur action de d\u00e9noncer les agresseurs dans les partis politiques. C\u2019est exactement la m\u00eame dynamique que dans un syst\u00e8me familial : \u2018tu vas d\u00e9truire la cellule familiale, pense \u00e0 ta m\u00e8re qui va en souffrir\u2019, beaucoup de victime attendent par exemple la mort de leur m\u00e8re pour d\u00e9noncer le viol de leur p\u00e8re. \u00bb<br \/>\n\u00ab Il faut sortir de cette histoire de conflit de loyaut\u00e9. La m\u00e9thodologie intersectionnelle dit qu\u2019il y a une imbrication des rapports de domination qui s\u2019abattent sur des sujets politiques. Cette logique se projette tout autant sur des hommes coupables. Le genre, la race, la classe d\u2019un homme va cr\u00e9er un rapport diff\u00e9rentiel dans la mani\u00e8re dont il est jug\u00e9. Non seulement par la justice institutionnelle mais aussi par le jugement de la soci\u00e9t\u00e9. Quand un homme ravis\u00e9 va commettre des violences, cela va para\u00eetre comme plus violent que si cela avait \u00e9t\u00e9 des hommes blancs. Et inversement quand ils subissent des violences, cela est per\u00e7u comme moins violent que si cela avait \u00e9t\u00e9 sur un homme blanc. \u00bb<br \/>\n\u00ab On ne pas continuer \u00e0 taire les violences que l\u2019on subit du fait des scrupules qu\u2019engendrent les structures que je viens de d\u00e9crire. \u00bb<\/p>\n<p><strong>Sur la grande cause f\u00e9ministe promue par Emmanuel Macron<\/strong><br \/>\n\u00ab C\u2019est un excellent communiquant, il arrive \u00e0 faire le replay de son discours de 2017. Il nous refait les m\u00eames promesses, comme s\u2019il n\u2019y avait pas eu un quinquennat et le bilan allant avec. C\u2019est du mytho, il n\u2019a aucun r\u00e9sultat sur la question des violences faites aux femmes, comment penser que cela puisse changer. Il a quand m\u00eame nomm\u00e9 dans les deux minist\u00e8res concern\u00e9s, \u00e0 l\u2019int\u00e9rieur et \u00e0 la justice, deux hommes gravement mis en cause sur la question patriarcale. G\u00e9rald Darmanin qui est accus\u00e9 de violences sexuelles et de viol. Et Dupont-Morreti qui a tenu des propos immondes au moment de MeToo, d\u00e9fendant m\u00eame Weinstein. \u00bb<\/p>\n<p><strong>Sur la nomination d\u2019une femme \u00e0 Matignon<\/strong><br \/>\n\u00ab Dans le mouvement f\u00e9ministe certaines r\u00e9clament l\u2019\u00e9galit\u00e9 aux postes de pouvoirs. Elles consid\u00e8rent que l\u2019incarnation est suffisante. Moi je ne me reconnais pas dans de ce r\u00e9cit-l\u00e0, une femme qui est \u00e0 la t\u00eate d&#8217;une grosse entreprise qui va par ailleurs exploiter d\u2019autres femmes au Pakistan, n\u2019est pas un mod\u00e8le pour moi. Je ne crois pas que le fait d\u2019avoir une femme Premi\u00e8re Ministre changera quoi que ce soit au destin des 99% d\u2019entre elles qui sont domin\u00e9es \u00bb.<br \/>\n<div id='gallery-1' class='gallery galleryid-13568 gallery-columns-3 gallery-size-thumbnail'><figure class='gallery-item'>\n\t\t\t<div class='gallery-icon landscape'>\n\t\t\t\t<a href='https:\/\/archives.regards.fr\/wp-content\/uploads\/2022\/05\/article_midinale-78-11b.png'><img loading=\"lazy\" decoding=\"async\" width=\"150\" height=\"150\" src=\"https:\/\/archives.regards.fr\/wp-content\/uploads\/2022\/05\/article_midinale-78-11b-150x150.png\" class=\"attachment-thumbnail size-thumbnail\" alt=\"article_midinale-78.png\" \/><\/a>\n\t\t\t<\/div><\/figure>\n\t\t<\/div>\n<\/p>\n","protected":false},"excerpt":{"rendered":"<p>Affaires PPDA, Taha Bouhafs\u2026 Que reste-t-il de #MeToo ? Fatima Benomar, membre de la coordination nationale de Nous Toutes, est l\u2019invit\u00e9e de #LaMidinale.<\/p>\n","protected":false},"author":1204,"featured_media":31976,"comment_status":"open","ping_status":"open","sticky":false,"template":"","format":"standard","meta":{"_themeisle_gutenberg_block_has_review":false,"footnotes":""},"categories":[238],"tags":[],"class_list":["post-13568","post","type-post","status-publish","format-standard","has-post-thumbnail","hentry","category-la-midinale"],"_links":{"self":[{"href":"https:\/\/archives.regards.fr\/index.php?rest_route=\/wp\/v2\/posts\/13568","targetHints":{"allow":["GET"]}}],"collection":[{"href":"https:\/\/archives.regards.fr\/index.php?rest_route=\/wp\/v2\/posts"}],"about":[{"href":"https:\/\/archives.regards.fr\/index.php?rest_route=\/wp\/v2\/types\/post"}],"author":[{"embeddable":true,"href":"https:\/\/archives.regards.fr\/index.php?rest_route=\/wp\/v2\/users\/1204"}],"replies":[{"embeddable":true,"href":"https:\/\/archives.regards.fr\/index.php?rest_route=%2Fwp%2Fv2%2Fcomments&post=13568"}],"version-history":[{"count":0,"href":"https:\/\/archives.regards.fr\/index.php?rest_route=\/wp\/v2\/posts\/13568\/revisions"}],"wp:featuredmedia":[{"embeddable":true,"href":"https:\/\/archives.regards.fr\/index.php?rest_route=\/wp\/v2\/media\/31976"}],"wp:attachment":[{"href":"https:\/\/archives.regards.fr\/index.php?rest_route=%2Fwp%2Fv2%2Fmedia&parent=13568"}],"wp:term":[{"taxonomy":"category","embeddable":true,"href":"https:\/\/archives.regards.fr\/index.php?rest_route=%2Fwp%2Fv2%2Fcategories&post=13568"},{"taxonomy":"post_tag","embeddable":true,"href":"https:\/\/archives.regards.fr\/index.php?rest_route=%2Fwp%2Fv2%2Ftags&post=13568"}],"curies":[{"name":"wp","href":"https:\/\/api.w.org\/{rel}","templated":true}]}}