{"id":13563,"date":"2022-05-11T15:29:49","date_gmt":"2022-05-11T13:29:49","guid":{"rendered":"https:\/\/wp.muchomaas.com\/article-kevin-vacher-la-nupes-est-un-premier-cap-pour-se-reconnecter-aux-aspirations\/"},"modified":"2023-06-24T00:28:33","modified_gmt":"2023-06-23T22:28:33","slug":"article-kevin-vacher-la-nupes-est-un-premier-cap-pour-se-reconnecter-aux-aspirations","status":"publish","type":"post","link":"https:\/\/archives.regards.fr\/?p=13563","title":{"rendered":"Kevin Vacher : \u00ab La Nupes est un premier cap pour se reconnecter aux aspirations populaires \u00bb"},"content":{"rendered":"<p class=\"post_excerpt\">Quelle place pour les quartiers populaires dans la bataille des l\u00e9gislatives ? Kevin Vacher, militant marseillais de \u00ab Nos vies, nos voix \u00bb et candidat aux \u00e9lections l\u00e9gislatives dans la 4\u00e8me circonscription des Bouches-du-Rh\u00f4ne, est l&#8217;invit\u00e9 de #LaMidinale.<\/p>\n<h2>UNE MIDINALE \u00c0 VOIR&#8230;<\/h2>\n<p><iframe loading=\"lazy\" width=\"490\" height=\"276\" src=\"https:\/\/www.youtube.com\/embed\/jhIUHt8_pbA\" title=\"YouTube video player\" frameborder=\"0\" allow=\"accelerometer; autoplay; clipboard-write; encrypted-media; gyroscope; picture-in-picture\" allowfullscreen><\/iframe><\/p>\n<p>&nbsp;<\/p>\n<p><h2>ET \u00c0 LIRE&#8230;<\/h2>\n<p><em> <strong>Sur sa candidature<\/strong> <\/em><br \/>\n\u00ab Pour moi cette candidature n\u2019\u00e9tait pas \u00e9vidente. J\u2019ai beaucoup pos\u00e9 la question aux gens de savoir s\u2019ils trouvaient cela d\u00e9lirant, l\u00e9gitime, int\u00e9ressant, s\u2019ils pensaient que j\u2019avais des choses \u00e0 porter sp\u00e9cifiquement. Donc ma candidature est une d\u00e9cision collective. \u00bb<br \/>\n\u00ab Personnellement je pense que depuis 15 ans que je milite, j\u2019ai appris qu\u2019il y avait tout un tas d\u2019exp\u00e9riences dans cette ville, extr\u00eamement stigmatis\u00e9es tout comme le sont l\u2019ensemble des quartiers populaires. \u00bb<br \/>\n\u00ab Ces derni\u00e8res ann\u00e9es, j\u2019ai beaucoup milit\u00e9 sur la question du mal logement et on a gagn\u00e9 des politiques publiques face \u00e0 la mairie de Gaudin. On s\u2019est alors dit qu\u2019on pouvait aller plus loin et faire irruption \u00e0 l\u2019Assembl\u00e9e. \u00bb<\/p>\n<p><em> <strong>Sur l\u2019association entre mondes politiques et associatifs<\/strong> <\/em><br \/>\n\u00ab Je pense que le syst\u00e8me politique est fait pour annihiler les luttes militantes. Il y a un pessimisme d\u00e9mocratique tr\u00e8s fort chez les gens : c\u2019est extr\u00eamement l\u00e9gitime. Cela \u00e9tant dit, comment faire pour rassembler toutes les \u00e9nergies militantes, pour que la repr\u00e9sentation nationale soit prise vraiment au mot, c\u2019est \u00e0 dire que l\u2019Assembl\u00e9e soit repr\u00e9sentative de la diversit\u00e9 militante et sociale. Cela demande des outils, la premi\u00e8re chose est qu\u2019il faut agir en collectif. Notre mouvement \u2018Nos vies, nos voix\u2019 est compos\u00e9 uniquement de gens qui viennent du mouvement social, d\u2019initiatives citoyennes, d\u2019habitants et d\u2019habitantes qui ont envie de s\u2019impliquer directement dans notre ville. \u00bb<br \/>\n\u00ab Notre mandat tel qu\u2019on le pense est un mandat r\u00e9gul\u00e9 par ce qu\u2019on appelle un contrat de mandature, pour sp\u00e9cifier ce \u00e0 quoi je m\u2019engage. Cela permet d\u2019organiser les exp\u00e9riences de terrain. \u00bb<br \/>\n\u00c0 l\u2019heure ou le GIEC nous donne 3 ans pour agir, il y a vraiment une urgence \u00e0 repenser la fa\u00e7on dont s\u2019organise la politique. La vie politique doit \u00eatre rythm\u00e9e par la vie associative et syndicale. \u00bb<\/p>\n<p><em> <strong>Sur l\u2019utilit\u00e9 du r\u00f4le de d\u00e9put\u00e9<\/strong> <\/em><br \/>\n\u00ab La Nupes est un premier cap pour se reconnecter aux aspirations populaires, mais il y a un deuxi\u00e8me cap \u00e0 franchir. On peut gagner arithm\u00e9tiquement des voix, mais si on ne gagne pas les c\u0153urs, notamment de ceux et celles qui s\u2019abstiennent, on ne construira rien. \u00bb<br \/>\n\u00ab J\u2019avais entendu pendant la COP de Glasgow, Manon Aubry et Eric Piolle appeler le mouvement social \u00e0 venir investir la vie politique. Il va falloir construire cela. Dans cette Assembl\u00e9e, il faudra mettre en contradiction LaREM et le RN, et imposer les sujets de la Nupes. \u00bb<\/p>\n<p><em> <strong>Sur l\u2019investiture ou non de la Nupes<\/strong> <\/em><br \/>\n\u00ab Je trouve extr\u00eamement int\u00e9ressant la position de Jean-Luc M\u00e9lenchon de dire \u2018ce n\u2019est pas moi que vous \u00e9lisez, c\u2019est le programme\u2019. Nous on a fait des propositions citoyennes de lois pendant cette campagne qui font \u00e9cho \u00e0 l\u2019avenir en commun, donc c\u2019est naturellement que j\u2019ai propos\u00e9 de porter ce programme dans le cadre de la Nupes. \u00bb<br \/>\n\u00ab Ce qui est s\u00fbr, c\u2019est que ce cadre est le bon mais sous conditions. Cela doit nous permettre d\u2019aller plus loin dans la repr\u00e9sentation nationale. On a par exemple un vrai probl\u00e8me de parit\u00e9 \u00e0 Marseille avec une candidate pour 7 circonscriptions. \u00bb<br \/>\n\u00ab On porte aussi le fait que la clart\u00e9 et la transparence sont utiles. Il n\u2019y a pas de \u2018process\u2019 pour \u00eatre candidat dans cette Nupes, cela se passe en priv\u00e9. Nous, on a fait une campagne extr\u00eamement transparente. On a syst\u00e9matiquement tenu inform\u00e9s les citoyens. Force est de constater qu\u2019il n\u2019y a pas cette culture de la transparence dans le milieu politique. C\u2019est dommage car cela permet de rassurer les gens et de donner un gage de confiance. \u00bb<br \/>\n\u00ab Je soutiens cette Nupes jusqu\u2019au bout : il n\u2019y a que ce cadre-l\u00e0 qui est important et int\u00e9ressant. \u00catre dissident n\u2019a pas de sens, par contre on aimerait savoir quelle place vont avoir les mouvements citoyens dans cette Nupes. On est pr\u00eat \u00e0 \u00eatre des acteurs autonomes qui vont la jouer collectif et compter sur le long terme. \u00bb<div id='gallery-1' class='gallery galleryid-13563 gallery-columns-3 gallery-size-thumbnail'><figure class='gallery-item'>\n\t\t\t<div class='gallery-icon landscape'>\n\t\t\t\t<a href='https:\/\/archives.regards.fr\/wp-content\/uploads\/2022\/05\/article_midinale-76-ae8.png'><img loading=\"lazy\" decoding=\"async\" width=\"150\" height=\"150\" src=\"https:\/\/archives.regards.fr\/wp-content\/uploads\/2022\/05\/article_midinale-76-ae8-150x150.png\" class=\"attachment-thumbnail size-thumbnail\" alt=\"article_midinale-76.png\" \/><\/a>\n\t\t\t<\/div><\/figure>\n\t\t<\/div>\n<\/p>\n","protected":false},"excerpt":{"rendered":"<p>Quelle place pour les quartiers populaires dans la bataille des l\u00e9gislatives ? Kevin Vacher, militant marseillais de \u00ab Nos vies, nos voix \u00bb et candidat aux \u00e9lections l\u00e9gislatives dans la 4\u00e8me circonscription des Bouches-du-Rh\u00f4ne, est l&#8217;invit\u00e9 de #LaMidinale.<\/p>\n","protected":false},"author":1204,"featured_media":31966,"comment_status":"open","ping_status":"open","sticky":false,"template":"","format":"standard","meta":{"_themeisle_gutenberg_block_has_review":false,"footnotes":""},"categories":[238],"tags":[293,521,295],"class_list":["post-13563","post","type-post","status-publish","format-standard","has-post-thumbnail","hentry","category-la-midinale","tag-entretien","tag-legislatives-2022","tag-nupes"],"_links":{"self":[{"href":"https:\/\/archives.regards.fr\/index.php?rest_route=\/wp\/v2\/posts\/13563","targetHints":{"allow":["GET"]}}],"collection":[{"href":"https:\/\/archives.regards.fr\/index.php?rest_route=\/wp\/v2\/posts"}],"about":[{"href":"https:\/\/archives.regards.fr\/index.php?rest_route=\/wp\/v2\/types\/post"}],"author":[{"embeddable":true,"href":"https:\/\/archives.regards.fr\/index.php?rest_route=\/wp\/v2\/users\/1204"}],"replies":[{"embeddable":true,"href":"https:\/\/archives.regards.fr\/index.php?rest_route=%2Fwp%2Fv2%2Fcomments&post=13563"}],"version-history":[{"count":0,"href":"https:\/\/archives.regards.fr\/index.php?rest_route=\/wp\/v2\/posts\/13563\/revisions"}],"wp:featuredmedia":[{"embeddable":true,"href":"https:\/\/archives.regards.fr\/index.php?rest_route=\/wp\/v2\/media\/31966"}],"wp:attachment":[{"href":"https:\/\/archives.regards.fr\/index.php?rest_route=%2Fwp%2Fv2%2Fmedia&parent=13563"}],"wp:term":[{"taxonomy":"category","embeddable":true,"href":"https:\/\/archives.regards.fr\/index.php?rest_route=%2Fwp%2Fv2%2Fcategories&post=13563"},{"taxonomy":"post_tag","embeddable":true,"href":"https:\/\/archives.regards.fr\/index.php?rest_route=%2Fwp%2Fv2%2Ftags&post=13563"}],"curies":[{"name":"wp","href":"https:\/\/api.w.org\/{rel}","templated":true}]}}