{"id":13560,"date":"2022-05-10T16:12:46","date_gmt":"2022-05-10T14:12:46","guid":{"rendered":"https:\/\/wp.muchomaas.com\/article-la-strategie-des-travaillistes-britanniques-consiste-a-laminer-les-composantes\/"},"modified":"2023-06-24T00:28:25","modified_gmt":"2023-06-23T22:28:25","slug":"article-la-strategie-des-travaillistes-britanniques-consiste-a-laminer-les-composantes","status":"publish","type":"post","link":"https:\/\/archives.regards.fr\/?p=13560","title":{"rendered":"\u00ab La strat\u00e9gie des travaillistes britanniques consiste \u00e0 laminer les composantes de gauche du parti \u00bb"},"content":{"rendered":"<p class=\"post_excerpt\">\u00c9lections parlementaires en Irlande du Nord et victoire du Sinn Fein (parti de gauche militant pour la r\u00e9unification de l&#8217;Irlande), \u00e9lections locales en Grande-Bretagne qui a vu un recul des conservateurs sans triomphe des travaillistes : o\u00f9 en est le Royaume-Uni de Boris Johnson ? On en parle dans #LaMidinale, avec Thierry Labica, ma\u00eetre de conf\u00e9rence en \u00e9tudes britanniques \u00e0 l&#8217;universit\u00e9 de Paris-Nanterre.<\/p>\n<h2>UNE MIDINALE \u00c0 VOIR&#8230;<\/h2>\n<p><iframe loading=\"lazy\" width=\"490\" height=\"276\" src=\"https:\/\/www.youtube.com\/embed\/zAtJ7BDjfvY\" title=\"YouTube video player\" frameborder=\"0\" allow=\"accelerometer; autoplay; clipboard-write; encrypted-media; gyroscope; picture-in-picture\" allowfullscreen><\/iframe><\/p>\n<p>vid\u00e9o width=&#8221;490&#8243; height=&#8221;276&#8243;<\/p>\n<p>&nbsp;<\/p>\n<p><h2>ET \u00c0 LIRE&#8230;<\/h2>\n<p><em> <strong>Sur la situation historique en Irlande du Nord<\/strong> <\/em><br \/>\n\u00ab Sous le premier gouvernement Blair, il y a eu un processus d\u2019autonomisation politique concernant les trois petites nations du Royaume-Uni : l\u2019Ecosse, le Pays de Galles et l\u2019Irlande du Nord. Il y a eu des referendums chez les deux premiers pour cette autonomie politique : ce sont des pays qui ont des gouvernements autonomes, sans l\u2019int\u00e9gralit\u00e9 des portefeuilles. En Irlande du Nord, le processus a \u00e9t\u00e9 le m\u00eame mais plus long, compte-tenu des tensions existantes. \u00bb<br \/>\n\u00ab Avec la cr\u00e9ation d\u2019un parlement autonome en Irlande du Nord, le principe est le partage du pouvoir. Depuis, il y a un partage du pouvoir entre la formation r\u00e9publicaine ind\u00e9pendantiste et la majorit\u00e9 unioniste. \u00bb<\/p>\n<p><em> <strong>Sur la victoire du Sinn Fein<\/strong> <\/em><br \/>\n\u00ab Le Sinn Fein a \u00e9t\u00e9 en progression dans les deux Irlande. Il y a une dynamique de ce parti de gauche qui a franchi la fronti\u00e8re. \u00bb<br \/>\n\u00ab Pour les unionistes et les royalistes, il y a eu un sentiment d\u2019\u00eatre mis hors du cadre du Royaume-Uni. Quand Theresa May a perdu en 2017, elle a \u00e9t\u00e9 oblig\u00e9e \u201cd\u2019acheter\u201d les dix d\u00e9put\u00e9s nord-irlandais pour maintenir une majorit\u00e9. Ils \u00e9taient donc en position de force pour n\u00e9gocier. Mais, \u00e0 l\u2019issue de la large victoire de Boris Johnson en 2019, les conservateurs n\u2019\u00e9taient plus d\u00e9pendants de ces quelques d\u00e9put\u00e9s : il y a eu alors une sorte d\u2019abandon politique. \u00bb<br \/>\n\u00ab Les partis nord-irlandais se sentent donc en partie largu\u00e9s par le pouvoir britannique depuis 2019. Et cela s\u2019institutionnalise dans le protocole sur l\u2019Irlande du Nord. Depuis f\u00e9vrier dernier, les royalistes se sont trouv\u00e9s incapables de gouverner en Irlande du Nord, refusant de participer au pouvoir tant que le protocole existait. \u00bb<br \/>\n\u00ab La position de force dans laquelle se trouve le Sinn Fein est qu\u2019il peut intervenir en faveur de politiques sociales, sans pour autant devoir sp\u00e9cifier qu\u2019ils sont pour la r\u00e9unification de l\u2019Irlande. Ils annoncent un horizon de 5 ou 10 ans pour aller vers la r\u00e9unification, en voulant inclure tout le monde et cela leur est favorable. \u00bb<\/p>\n<p><em> <strong>Sur la possibilit\u00e9 d\u2019un rebasculement dans une lutte arm\u00e9e en Irlande<\/strong> <\/em><br \/>\n\u00ab Ces deux derni\u00e8res ann\u00e9es, les menaces [de basculement dans une lutte arm\u00e9e] sont surtout venues du c\u00f4t\u00e9 unioniste. Cela a \u00e9t\u00e9 un peu \u00e9meutier. Cette ambiance \u00e9meuti\u00e8re peut annoncer des choses beaucoup plus s\u00e9rieuses. Mais il y a toute une g\u00e9n\u00e9ration de jeunes qui n\u2019ont pas connus la guerre, donc le risque n\u2019est pas aussi fort car ce ph\u00e9nom\u00e8ne g\u00e9n\u00e9rationnel p\u00e8se. \u00bb<br \/>\n\u00ab En 2016, lors du r\u00e9f\u00e9rendum sur le Brexit, 56% de la population nord-irlandaise a vot\u00e9 pour rester dans l\u2019Union europ\u00e9enne. Et la question europ\u00e9enne a tendance \u00e0 modifier les questions communautaires en Irlande du Nord. \u00bb<\/p>\n<p><em> <strong>Sur le r\u00f4le des clivages avec le gouvernement du Royaume-Uni<\/strong> <\/em><br \/>\n\u00ab Les \u00e9lections r\u00e9centes tendent \u00e0 consolider quelque chose en cours depuis un moment. Le parti nationaliste \u00e9cossais a consolid\u00e9 son h\u00e9g\u00e9monie en Ecosse. En Irlande, le Sinn Fein est pro-europ\u00e9en et veut donc la r\u00e9int\u00e9grer. Au Pays de Galles, le parti nationaliste est aussi assez important, m\u00eame s\u2019ils ont plut\u00f4t vot\u00e9 pour sortir de l\u2019UE. Dans ces trois nations ont voit se consolider ces dynamiques nationalistes qui sont \u00e0 l\u2019\u0153uvre depuis des ann\u00e9es maintenant. \u00bb<\/p>\n<p><em> <strong>Sur le Parti travailliste<\/strong> <\/em><br \/>\n\u00ab Il faudrait que le Parti travailliste commence par se poser la question sociale. \u00bb<br \/>\n\u00ab Les r\u00e9gions urbaines sont g\u00e9n\u00e9ralement plus favorables aux travaillistes et ce sont elles qui ont vot\u00e9 majoritairement aux \u00e9lections locales de la semaine derni\u00e8re. Le r\u00e9sultat tr\u00e8s mitig\u00e9 des travaillistes l\u2019est encore plus si l\u2019ont regarde la g\u00e9ographie du vote\u2026 \u00bb<br \/>\n\u00ab Les travaillistes ont progress\u00e9 en Ecosse, en Irlande du Nord, au Pays de Galles mais ils ont fait un r\u00e9sultat tr\u00e8s mauvais en Angleterre. \u00bb<br \/>\n\u00ab Ca fait 12 ans que les conservateurs sont au pouvoir : ils ont mis en place une aust\u00e9rit\u00e9 qui ont tu\u00e9 des gens (les d\u00e9mographes ont mesur\u00e9 les effets en termes de surmortalit\u00e9), le COVID a tu\u00e9 des dizaines de milliers de gens alors que cela aurait pu \u00eatre \u00e9vit\u00e9, la situation du cout de la vie et notamment de l\u2019\u00e9nergie est dramatique, il y a 14 millions de gens qui vivent sous le seuil de pauvret\u00e9, les conflits d\u2019int\u00e9r\u00eats les plus grossiers pendant le COVID\u2026 \u00bb<br \/>\n\u00ab Sur tous les sujets sur lesquels les travaillistes pourraient avoir un discours clairs et audibles, il n\u2019y a rien. M\u00eame les commentateurs les plus bienveillants sont incapables de dire quelles sont les lignes programmatiques d\u00e9fendues par les travaillistes. \u00bb<\/p>\n<p><em> <strong>Sur la reine Elisabeth II et la monarchie britannique<\/strong> <\/em><br \/>\n\u00ab Je pense que la monarchie a encore de beaux jours devant elle parce que je crois que le pouvoir britannique en a besoin au niveau domestique, notamment dans sa dimension c\u00e9r\u00e9moniale. On ne discute pas avec le c\u00e9r\u00e9monial. \u00bb<br \/>\n\u00ab La monarchie britannique est aussi une composante politique et communicationnelle dans les affaires \u00e9trang\u00e8res : historiquement, la Grande Bretagne, contre les nationalismes de gauche et populaires pendant toute la p\u00e9riode de la colonisation, n\u2019a pas cess\u00e9, par les moyens souvent les plus abominables, soit de soutenir des dictatures militaires, soit des monarchies autoritaires : si des monarchies sont en place aujourd\u2019hui \u00e0 Oman ou en Arabie Saoudite, c\u2019est qu\u2019ils le doivent \u00e0 la couronne. \u00bb<br \/>\n\u00ab Dans les relations strat\u00e9giques de l\u2019Arabie Saoudite, la monarchie britannique n\u2019est pas une anecdote : la dimension protocolaire de liens et de reconnaissance mutuelle avec ces pouvoirs monarchiques, archa\u00efques et brutaux, est primordiale. \u00bb<div id='gallery-1' class='gallery galleryid-13560 gallery-columns-3 gallery-size-thumbnail'><figure class='gallery-item'>\n\t\t\t<div class='gallery-icon landscape'>\n\t\t\t\t<a href='https:\/\/archives.regards.fr\/wp-content\/uploads\/2022\/05\/article_midinale-75-e92.png'><img loading=\"lazy\" decoding=\"async\" width=\"150\" height=\"150\" src=\"https:\/\/archives.regards.fr\/wp-content\/uploads\/2022\/05\/article_midinale-75-e92-150x150.png\" class=\"attachment-thumbnail size-thumbnail\" alt=\"article_midinale-75.png\" \/><\/a>\n\t\t\t<\/div><\/figure>\n\t\t<\/div>\n<\/p>\n","protected":false},"excerpt":{"rendered":"<p>\u00c9lections parlementaires en Irlande du Nord et victoire du Sinn Fein (parti de gauche militant pour la r\u00e9unification de l&#8217;Irlande), \u00e9lections locales en Grande-Bretagne qui a vu un recul des conservateurs sans triomphe des travaillistes : o\u00f9 en est le Royaume-Uni de Boris Johnson ? On en parle dans #LaMidinale, avec Thierry Labica, ma\u00eetre de conf\u00e9rence en \u00e9tudes britanniques \u00e0 l&#8217;universit\u00e9 de Paris-Nanterre.<\/p>\n","protected":false},"author":1204,"featured_media":31960,"comment_status":"open","ping_status":"open","sticky":false,"template":"","format":"standard","meta":{"_themeisle_gutenberg_block_has_review":false,"footnotes":""},"categories":[238],"tags":[293],"class_list":["post-13560","post","type-post","status-publish","format-standard","has-post-thumbnail","hentry","category-la-midinale","tag-entretien"],"_links":{"self":[{"href":"https:\/\/archives.regards.fr\/index.php?rest_route=\/wp\/v2\/posts\/13560","targetHints":{"allow":["GET"]}}],"collection":[{"href":"https:\/\/archives.regards.fr\/index.php?rest_route=\/wp\/v2\/posts"}],"about":[{"href":"https:\/\/archives.regards.fr\/index.php?rest_route=\/wp\/v2\/types\/post"}],"author":[{"embeddable":true,"href":"https:\/\/archives.regards.fr\/index.php?rest_route=\/wp\/v2\/users\/1204"}],"replies":[{"embeddable":true,"href":"https:\/\/archives.regards.fr\/index.php?rest_route=%2Fwp%2Fv2%2Fcomments&post=13560"}],"version-history":[{"count":0,"href":"https:\/\/archives.regards.fr\/index.php?rest_route=\/wp\/v2\/posts\/13560\/revisions"}],"wp:featuredmedia":[{"embeddable":true,"href":"https:\/\/archives.regards.fr\/index.php?rest_route=\/wp\/v2\/media\/31960"}],"wp:attachment":[{"href":"https:\/\/archives.regards.fr\/index.php?rest_route=%2Fwp%2Fv2%2Fmedia&parent=13560"}],"wp:term":[{"taxonomy":"category","embeddable":true,"href":"https:\/\/archives.regards.fr\/index.php?rest_route=%2Fwp%2Fv2%2Fcategories&post=13560"},{"taxonomy":"post_tag","embeddable":true,"href":"https:\/\/archives.regards.fr\/index.php?rest_route=%2Fwp%2Fv2%2Ftags&post=13560"}],"curies":[{"name":"wp","href":"https:\/\/api.w.org\/{rel}","templated":true}]}}