{"id":13555,"date":"2022-05-05T18:25:40","date_gmt":"2022-05-05T16:25:40","guid":{"rendered":"https:\/\/wp.muchomaas.com\/article-emma-rafowicz-ps-l-accord-permet-une-clarification-nous-sommes-de-gauche\/"},"modified":"2023-06-24T00:28:04","modified_gmt":"2023-06-23T22:28:04","slug":"article-emma-rafowicz-ps-l-accord-permet-une-clarification-nous-sommes-de-gauche","status":"publish","type":"post","link":"https:\/\/archives.regards.fr\/?p=13555","title":{"rendered":"Emma Rafowicz (PS) : \u00ab L&#8217;accord permet une clarification : nous sommes de gauche \u00bb"},"content":{"rendered":"<p class=\"post_excerpt\">Alors que le conseil national du Parti socialiste doit se prononcer sur un \u00e9ventuel accord avec la Nouvelle Union Populaire Ecologique et Sociale, Emma Rafowicz, secr\u00e9taire nationale du PS et pr\u00e9sidente des Jeunes socialistes, est l&#8217;invit\u00e9e de la Midinale.<\/p>\n<h2>UNE MIDINALE \u00c0 VOIR&#8230;<\/h2>\n<p><iframe loading=\"lazy\" width=\"490\" height=\"276\" src=\"https:\/\/www.youtube.com\/embed\/3AoQm3lVtpo\" title=\"YouTube video player\" frameborder=\"0\" allow=\"accelerometer; autoplay; clipboard-write; encrypted-media; gyroscope; picture-in-picture\" allowfullscreen><\/iframe><\/p>\n<p>&nbsp;<\/p>\n<p><h2>ET \u00c0 LIRE&#8230;<\/h2>\n<p><em>\u00a0<strong>Sur la Nouvelle Union Populaire Ecologique et Sociale<\/em>\u00a0<\/strong><br \/>\n\u00ab\u00a0Ce qui se joue, ce n\u2019est pas que l\u2019avenir du Parti socialiste, c\u2019est aussi l\u2019avenir de la gauche en g\u00e9n\u00e9ral. Ce que je vois avec le Mouvement des Jeunes socialistes &#8211; que j\u2019ai l\u2019honneur de diriger &#8211; est que cet accord, nous l\u2019attendions depuis tr\u00e8s longtemps. Sur le terrain, pendant la pr\u00e9sidentielle, les gens nous disaient \u201cunissez-vous, vous faites une connerie\u201d, et c\u2019est aussi ce qui a \u00e9t\u00e9 dit \u00e0 tous les autres partis. \u00bb<br \/>\n\u00ab\u00a0Cet accord je l\u2019accueille \u00e0 bras ouverts : aux Jeunes socialistes, nous avons vot\u00e9 \u00e0 l\u2019unanimit\u00e9 une r\u00e9solution qui appelait \u00e0 l\u2019union de la gauche. La seule chose que je regrette est que cet accord laisse peu de place au renouvellement. Il ne va pas y avoir beaucoup de candidats jeunes dans ces \u00e9lections l\u00e9gislatives c\u00f4t\u00e9 Parti socialiste\u2026\u00a0\u00bb<\/p>\n<p><em>\u00a0<strong>Sur le programme pour les l\u00e9gislatives<\/em>\u00a0<\/strong><br \/>\n\u00ab\u00a0La gauche et le socialisme, c\u2019est penser la vie avec radicalit\u00e9. On croit profond\u00e9ment que la gauche doit proposer une alternative qui change la vie et propose \u00e0 tous de vivre mieux.\u00a0\u00bb<br \/>\n\u00ab\u00a0On est toujours profond\u00e9ment europ\u00e9ens. Nous sommes\u00a0aussi en train d\u2019essayer de penser la politique pour qu\u2019on arrive \u00e0 remettre le sujet du social et de la solidarit\u00e9 au coeur. \u00bb<br \/>\n\u00ab\u00a0Le PS est ce parti pr\u00e9sent dans les collectivit\u00e9s, \u00e0 l\u2019Assembl\u00e9e nationale et au S\u00e9nat, ce qui nous donne cette cr\u00e9dibilit\u00e9 pour changer la vie des gens. Je pense qu\u2019on a amen\u00e9 aux communistes, aux insoumis et aux \u00e9cologistes une volont\u00e9 d\u2019\u00eatre cr\u00e9dible.\u00a0\u00bb<br \/>\n\u00ab\u00a0Quand on parle de l\u2019Europe, il faut savoir que le PS a particip\u00e9 \u00e0 la construction europ\u00e9enne. \u00a0Et maintenant, tout le monde est clair sur le fait qu\u2019on ne sortira pas de l\u2019Europe.\u00a0\u00bb<br \/>\n\u00ab On ne veut pas transiger sur la construction europ\u00e9enne et on ne veut pas rentrer dans cette dynamique de d\u00e9sob\u00e9issance europ\u00e9enne.\u00a0On ne sera pas d\u2019accord sur tout, mais on am\u00e8ne tous nos particularit\u00e9s et l\u2019important est que cela se fasse dans le respect de chacun, dans la volont\u00e9 commune de changer la vie des gens.\u00a0\u00bb<\/p>\n<p><em>\u00a0<strong>Sur les conflits internes au Parti socialiste<\/em>\u00a0<\/strong><br \/>\n\u00ab\u00a0Cela fait quelque temps qu\u2019on a r\u00e9ussi \u00e0 proposer un programme radical. Apr\u00e8s, il est vrai que nous avons \u00e9t\u00e9 inaudibles : on souffre du bilan du quinquennat Hollande et d\u2019un certain discr\u00e9dit.\u00a0\u00bb<br \/>\n\u00ab\u00a0Ce qui nous oblige \u00e0 rentrer dans l\u2019union de la gauche est que d\u00e9sormais, l\u2019extr\u00eame droite peut gagner. Le niveau de l\u2019extr\u00eame droite est in\u00e9dit. Il faut absolument qu\u2019on soit cr\u00e9dible collectivement. La nouvelle g\u00e9n\u00e9ration porte cette envie de responsabilit\u00e9 et on est responsable collectivement en portant cette union de la gauche, dans le respect \u00e9videmment des identit\u00e9s de chacun.\u00a0\u00bb<br \/>\n\u00ab\u00a0J\u2019esp\u00e8re que personne ne va partir, que nous allons r\u00e9ussir \u00e0 convaincre tout le monde. La clarification de cet accord est de dire que nous sommes de gauche. Si cela ne va pas \u00e0 certains, c\u2019est peut \u00eatre qu\u2019ils n\u2019ont pas leur place au Parti socialiste.\u00a0\u00bb<br \/>\n\u00ab\u00a0Apr\u00e8s, je pense qu\u2019il faut convaincre, et je peux tout \u00e0 fait entendre qu\u2019\u00e0 la veille d\u2019un accord inesp\u00e9r\u00e9 mais aussi impens\u00e9 depuis des ann\u00e9es avec des groupes avec lesquels nous n\u2019\u00e9changions plus, je peux comprendre qu\u2019il y ait une f\u00e9brilit\u00e9. Localement, \u00e7a peut \u00eatre compliqu\u00e9 avec les insoumis. Par exemple, je ne supporte pas le sort qui est fait \u00e0 Lamia El Aaraje : je pense qu\u2019il faut parfois arriver \u00e0 trouver un point d\u2019\u00e9quilibre.\u00a0\u00bb<br \/>\n\u00ab\u00a0Je veux que les Jeunes socialistes se disent \u201cje suis dans la bonne maison parce qu\u2019en fait, nous sommes de gauche\u201d.\u00a0\u00bb<\/p>\n<p><em>\u00a0<strong>Sur le clivage au sein du PS<\/em>\u00a0<\/strong><br \/>\n\u00ab\u00a0Pour moi, [au PS], il y a un clivage qui est incarn\u00e9 de mani\u00e8re g\u00e9n\u00e9rationnelle d\u2019abord parce que la jeunesse de gauche est unanime.\u00a0\u00bb<br \/>\n\u00ab\u00a0Quand on voit les sondages, la jeunesse de gauche nous appelle \u00e0 la responsabilit\u00e9 et \u00e0 ce saut vers l\u2019union et l\u2019unit\u00e9.\u00a0\u00bb<br \/>\n\u00ab\u00a0J\u2019\u00e9mets des r\u00e9serves sur la question parisienne o\u00f9 j\u2019estime que l\u2019accord n\u2019est pas juste pour les socialistes et sur la jeunesse parce que l\u2019on n\u2019est pas assez repr\u00e9sent\u00e9. Et cela m\u2019indigne.\u00a0\u00bb<br \/>\n\u00ab\u00a0Ce qui nous oblige, c\u2019est la construction du futur et de l\u2019avenir.\u00a0L\u2019avenir, c\u2019est nous, les jeunes, que l\u2019on soit \u00e9cologistes, socialistes ou communistes, les partis doivent nous faire de la place.\u00a0\u00bb<br \/>\n\u00ab\u00a0Martine Aubry et Lionel Jospin sont nos a\u00een\u00e9s et ils nous ont pr\u00e9c\u00e9d\u00e9s dans les responsabilit\u00e9s. Ils nous inspirent.\u00a0Ce n\u2019est donc pas uniquement une question des anciens contre les modernes.\u00a0\u00bb<br \/>\n\u00ab\u00a0Ce qui m\u2019a fait m\u2019engager au Parti socialiste et chez les Jeunes socialistes, c\u2019est ma volont\u00e9 de changer la vie.\u00a0\u00bb<br \/>\n\u00ab\u00a0Les 35 heures, la CMU, les cong\u00e9s pay\u00e9s du Front Populaire : c\u2019est \u00e7a l\u2019h\u00e9ritage des socialistes.\u00a0\u00bb<br \/>\n\u00ab\u00a0Je ne vais pas dire que tout dans le mandat de Fran\u00e7ois Hollande n\u2019allait pas : il y a des choses \u00e0 en retenir mais il incarne beaucoup moins que d\u2019autres pr\u00e9c\u00e9demment cette volont\u00e9 qu\u2019on vive tous mieux.\u00a0\u00bb<br \/>\n\u00ab\u00a0C\u2019est \u00e0 nous, les jeunes, de prendre cette responsabilit\u00e9 d\u2019avancer et de faire en sorte que nous qui devons \u00eatre demain en responsabilit\u00e9s, nous faisions mieux.\u00a0\u00bb<\/p>\n<p><em>\u00a0<strong>Sur les dissidences<\/em>\u00a0<\/strong><br \/>\n\u00ab\u00a0Il faut regarder chaque situation : comme \u00e0 Paris, il faut prendre en consid\u00e9ration le sentiment d\u2019injustice sur certains territoires par rapport \u00e0 l\u2019accord.\u00a0\u00bb<br \/>\n\u00ab\u00a0S\u2019il s\u2019agit de probl\u00e8me de fond, c\u2019est-\u00e0-dire de probl\u00e8mes li\u00e9s \u00e0 l\u2019id\u00e9e de rejoindre l\u2019union de la gauche, il faut se poser la question de rester ou partir.\u00a0\u00bb<br \/>\n\u00ab\u00a0L\u2019accord est tellement in\u00e9dit que forc\u00e9ment, il va cr\u00e9er des remous et je vais essayer de convaincre mes camarades plut\u00f4t que des le rejeter d\u2019un bloc.\u00a0\u00bb<\/p>\n<p><em>\u00a0<strong>Sur la l\u00e9gitimit\u00e9 d\u2019Anne Hidalgo \u00e0 diriger la municipalit\u00e9 parisienne<\/em>\u00a0<\/strong><br \/>\n\u00ab\u00a0Si je me suis engag\u00e9e aux municipales en 2020, c\u2019est parce que c\u2019est elle qui incarnait ce qu\u2019on faisait \u00e0 Paris et notre mani\u00e8re de changer la vie.\u00a0\u00bb<br \/>\n\u00ab\u00a0Pour moi, Anne Hidalgo a toute la l\u00e9gitim\u00e9 pour continuer \u00e0 diriger cette ville.\u00a0\u00bb<br \/>\n\u00ab\u00a0Aujourd\u2019hui, quand les socialistes sont majoritaires, notamment dans les villes, c\u2019est nous qui tendons la main \u00e0 nos partenaires pour diriger ensemble. C\u2019est ce que fait Anne Hidalgo \u00e0 Paris. Aujourd\u2019hui, les insoumis sont clairement en position de force dans cet accord et dans ce travail d\u2019union de la gauche : c\u2019est aussi \u00e0 eux de tendre la main \u00e0 toutes et \u00e0 tous pour que tout le monde s\u2019y retrouve.\u00a0\u00bb<br \/>\n\u00ab\u00a0Anne Hidalgo est une femme de gauche, une femme \u00e9cologiste, r\u00e9publicaine qui a toute sa place dans le d\u00e9bat politique, notamment \u00e0 gauche.\u00a0\u00bb<div id='gallery-1' class='gallery galleryid-13555 gallery-columns-3 gallery-size-thumbnail'><figure class='gallery-item'>\n\t\t\t<div class='gallery-icon landscape'>\n\t\t\t\t<a href='https:\/\/archives.regards.fr\/wp-content\/uploads\/2022\/05\/article_midinale-71-1ca.png'><img loading=\"lazy\" decoding=\"async\" width=\"150\" height=\"150\" src=\"https:\/\/archives.regards.fr\/wp-content\/uploads\/2022\/05\/article_midinale-71-1ca-150x150.png\" class=\"attachment-thumbnail size-thumbnail\" alt=\"article_midinale-71.png\" \/><\/a>\n\t\t\t<\/div><\/figure>\n\t\t<\/div>\n<\/p>\n","protected":false},"excerpt":{"rendered":"<p>Alors que le conseil national du Parti socialiste doit se prononcer sur un \u00e9ventuel accord avec la Nouvelle Union Populaire Ecologique et Sociale, Emma Rafowicz, secr\u00e9taire nationale du PS et pr\u00e9sidente des Jeunes socialistes, est l&#8217;invit\u00e9e de la Midinale.<\/p>\n","protected":false},"author":1204,"featured_media":31946,"comment_status":"open","ping_status":"open","sticky":false,"template":"","format":"standard","meta":{"_themeisle_gutenberg_block_has_review":false,"footnotes":""},"categories":[238],"tags":[293,295,390],"class_list":["post-13555","post","type-post","status-publish","format-standard","has-post-thumbnail","hentry","category-la-midinale","tag-entretien","tag-nupes","tag-parti-socialiste"],"_links":{"self":[{"href":"https:\/\/archives.regards.fr\/index.php?rest_route=\/wp\/v2\/posts\/13555","targetHints":{"allow":["GET"]}}],"collection":[{"href":"https:\/\/archives.regards.fr\/index.php?rest_route=\/wp\/v2\/posts"}],"about":[{"href":"https:\/\/archives.regards.fr\/index.php?rest_route=\/wp\/v2\/types\/post"}],"author":[{"embeddable":true,"href":"https:\/\/archives.regards.fr\/index.php?rest_route=\/wp\/v2\/users\/1204"}],"replies":[{"embeddable":true,"href":"https:\/\/archives.regards.fr\/index.php?rest_route=%2Fwp%2Fv2%2Fcomments&post=13555"}],"version-history":[{"count":0,"href":"https:\/\/archives.regards.fr\/index.php?rest_route=\/wp\/v2\/posts\/13555\/revisions"}],"wp:featuredmedia":[{"embeddable":true,"href":"https:\/\/archives.regards.fr\/index.php?rest_route=\/wp\/v2\/media\/31946"}],"wp:attachment":[{"href":"https:\/\/archives.regards.fr\/index.php?rest_route=%2Fwp%2Fv2%2Fmedia&parent=13555"}],"wp:term":[{"taxonomy":"category","embeddable":true,"href":"https:\/\/archives.regards.fr\/index.php?rest_route=%2Fwp%2Fv2%2Fcategories&post=13555"},{"taxonomy":"post_tag","embeddable":true,"href":"https:\/\/archives.regards.fr\/index.php?rest_route=%2Fwp%2Fv2%2Ftags&post=13555"}],"curies":[{"name":"wp","href":"https:\/\/api.w.org\/{rel}","templated":true}]}}