{"id":13552,"date":"2022-05-04T17:45:31","date_gmt":"2022-05-04T15:45:31","guid":{"rendered":"https:\/\/wp.muchomaas.com\/article-l-espoir-n-est-pas-redescendu-les-gens-se-disent-qu-on-peut-reprendre-le\/"},"modified":"2023-06-24T00:28:04","modified_gmt":"2023-06-23T22:28:04","slug":"article-l-espoir-n-est-pas-redescendu-les-gens-se-disent-qu-on-peut-reprendre-le","status":"publish","type":"post","link":"https:\/\/archives.regards.fr\/?p=13552","title":{"rendered":"\u00ab L\u2019espoir n\u2019est pas redescendu : les gens se disent qu&#8217;on peut reprendre le pouvoir \u00e0 Macron \u00bb"},"content":{"rendered":"<p class=\"post_excerpt\">Apr\u00e8s de longues nuits de n\u00e9gociation, la Nouvelle Union Populaire Ecologique et Sociale s\u2019\u00e9largit d\u00e9sormais au Parti socialiste qui doit encore convoquer ses instances pour valider l\u2019accord. Aur\u00e9lie Trouv\u00e9, pr\u00e9sidente du Parlement de l&#8217;Union Populaire, est l\u2019invit\u00e9e de #LaMidinale.<\/p>\n<h2>UNE MIDINALE \u00c0 VOIR&#8230;<\/h2>\n<p><iframe loading=\"lazy\" width=\"490\" height=\"276\" src=\"https:\/\/www.youtube.com\/embed\/WXKj45mmkSc\" title=\"YouTube video player\" frameborder=\"0\" allow=\"accelerometer; autoplay; clipboard-write; encrypted-media; gyroscope; picture-in-picture\" allowfullscreen><\/iframe><\/p>\n<p>&nbsp;<\/p>\n<p><h2>ET \u00c0 LIRE&#8230;<\/h2>\n<p><strong>\u00a0<em>Sur le caract\u00e8re historique de l\u2019accord<\/em>\u00a0<\/strong><br \/>\n\u00ab\u00a0Cet accord est historique parce que \u00e7a n\u2019est pas seulement un accord \u00e9lectoral et un partage de circonscriptions. C\u2019est d\u2019abord un accord programmatique sur un programme commun partag\u00e9 de gouvernement qui va loin : une centaine de mesures. C\u2019est aussi un accord strat\u00e9gique en enrichissant la strat\u00e9gie de l\u2019Union populaire en faisant un lien fort avec les mouvements sociaux.\u00a0\u00bb<br \/>\n\u00ab\u00a0Le Parlement de l\u2019Union Populaire (PUP) va devenir le Parlement de la Nouvelle Union Populaire \u00c9cologique et Sociale (PNUPES).\u00a0\u00bb<br \/>\n\u00ab\u00a0Cet accord est aussi historique parce qu\u2019il s\u2019agit d\u2019une clarification politique.\u00a0\u00bb<br \/>\n\u00ab\u00a0Il y a eu un vote de conviction sur une ligne politique qui est celle d\u2019une gauche de rupture.\u00a0\u00bb<br \/>\n\u00ab\u00a0J\u2019esp\u00e8re que cet accord va se traduire par une majorit\u00e9\u00a0de d\u00e9put\u00e9s \u00e0 l\u2019Assembl\u00e9e nationale par la possibilit\u00e9 de prendre le pouvoir \u00e0 Macron.\u00a0\u00bb<br \/>\n\u00ab\u00a0Le Parti socialiste, en rejoignant l\u2019accord, tourne la page Hollande.\u00a0\u00bb<br \/>\n\u00ab\u00a0Les gens se rendent compte que pour faire face aux d\u00e9fis \u00e9cologiques, on ne peut pas faire les choses \u00e0 moiti\u00e9.\u00a0\u00bb<\/p>\n<p><em>\u00a0<strong>Sur les compromis entre organisations<\/em>\u00a0<\/strong><br \/>\n\u00ab\u00a0Il n\u2019y a pas de compromis.\u00a0Nous avons des marqueurs tr\u00e8s clairs sur lesquels nous ne reviendrons jamais : la retraite \u00e0 60 ans. La possibilit\u00e9 de d\u00e9sob\u00e9ir aux r\u00e8gles europ\u00e9ennes et on sait que \u00e7a sera n\u00e9cessaire pour les 250 milliards d\u2019investissement \u00e9cologique ou sur le droit de la concurrence europ\u00e9en. Ces marqueurs-l\u00e0 font partie de l\u2019accord global avec le PS, EELV et le PCF. \u00bb<br \/>\n\u00ab\u00a0Nous confirmons que dans les cinq ans nous ne sortirons pas de l\u2019Union europ\u00e9enne et la zone euro. Nous d\u00e9sob\u00e9irons tout en restant \u00e0 l\u2019int\u00e9rieur de ces espaces-l\u00e0.\u00a0\u00bb<\/p>\n<p><em>\u00a0<strong>Sur les 577 campagnes\u00a0<\/em>\u00a0<\/strong><br \/>\n\u00ab\u00a0J\u2019ai une pens\u00e9e tr\u00e8s sinc\u00e8re, tr\u00e8s chaleureuse, pour les camarades qui \u00e9taient chefs de file aux l\u00e9gislatives et qui se retirent parfois avec de la tristesse ou de la d\u00e9ception mais qui ont le sens des responsabilit\u00e9s pour faire vivre la Nouvelle Union Populaire. \u00bb<br \/>\n\u00ab\u00a0Nous devons cr\u00e9er les conditions locales pour faire campagne ensemble parce que c\u2019est \u00e7a qui va cr\u00e9er la dynamique.\u00a0\u00bb<br \/>\n\u00ab\u00a0Si nous avons la majorit\u00e9 \u00e0 l\u2019Assembl\u00e9e nationale, nous demanderons \u00e0 ce que Jean Luc M\u00e9lenchon soit Premier ministre, car si nous avons la majorit\u00e9 \u00e0 l\u2019Assembl\u00e9e, Emmanuel Macron devra laisser le pouvoir \u00e0 la nouvelle union populaire \u00e9cologique et sociale.\u00a0\u00bb<\/p>\n<p><em>\u00a0<strong>Sur l\u2019hypoth\u00e8se d\u2019une victoire\u00a0<\/em>\u00a0<\/strong><br \/>\n\u00ab\u00a0L\u2019espoir n\u2019est pas redescendu et les gens se disent qu\u2019il est possible de prendre le pouvoir \u00e0 Macron dans un 3\u00e8 tour.\u00a0\u00bb<br \/>\n\u00ab\u00a0Il faut rappeler qu\u2019Emmanuel Macron a \u00e9t\u00e9 \u00e9lu par 1 fran\u00e7ais sur 3. C\u2019est le plus mal \u00e9lu depuis 1969, et par ailleurs il y a eu un vote de barrage face \u00e0 lui. Il vient d\u2019essuyer deux refus pour le poste de Premier ministre, ce n\u2019est pas rien.\u00a0\u00bb<br \/>\n\u00ab\u00a0Le bloc bourgeois lib\u00e9ral est solide donc tout l\u2019enjeu est de consolider et d\u2019\u00e9largir le bloc populaire. C\u2019est clair que cela va maintenant \u00eatre une lutte de classes\u00a0\u00bb<br \/>\n\u00ab\u00a0L\u2019ambition est de cr\u00e9er du commun, de d\u00e9passer nos logiques d\u2019appareils, de m\u00e9langer nos cultures, de mieux se conna\u00eetre localement et nationalement. J\u2019insiste sur la question des forces sociales, de ceux qui viennent du monde associatif, syndical ou encore du monde de la culture. C\u2019est par ces alliances-l\u00e0, qui ne sont pas ancr\u00e9es dans des logiques d\u2019appareils que nous pouvons d\u00e9passer les clivages\u00a0\u00bb<\/p>\n<p><em>\u00a0<strong>Sur l\u2019\u00e9largissement de la NUPES<\/em>\u00a0<\/strong><br \/>\n\u00ab\u00a0Si j\u2019ai rejoint la France Insoumise, c\u2019est aussi car c\u2019est une force qui est tr\u00e8s pr\u00e9sente dans les mouvements sociaux depuis tr\u00e8s longtemps, et donc la greffe s\u2019est faite tr\u00e8s facilement \u00bb<br \/>\n\u00ab\u00a0Je sais qu\u2019il y a des discussions aux NPA et qu\u2019il est possible qu\u2019il y ait un accord m\u00eame si le PS est dedans. Je veux leur dire que c\u2019est un nouveau PS \u00e0 qui nous avons affaire, il y a eu une clarification politique sans laquelle on ne serait pas tomb\u00e9 d\u2019accord. Nous avons en commun l\u2019id\u00e9e d\u2019une gauche de rupture\u00a0\u00bb<br \/>\n\u00ab\u00a0L\u2019objectif principal est de gagner et de faire en sorte de transformer la vie des gens. Ce qui se joue l\u00e0, c\u2019est la retraite \u00e0 60 ans ou \u00e0 65, c\u2019est de bosser 20 heures gratuites au RSA par semaine ou pas, c\u2019est la destruction de l\u2019\u00e9cole publique ou non. La question est donc pos\u00e9e est ce que l\u2019on est pr\u00eat \u00e0 cet \u00e9largissement pour cela ou non\u00a0\u00bb\u00a0<\/p>\n<p><em>\u00a0<strong>Sur la possibilit\u00e9 que Jean-Luc M\u00e9lenchon soit Premier ministre <\/em>\u00a0<\/strong><br \/>\n\u00ab\u00a0Nous demanderons &#8211; si nous avons la majorit\u00e9 \u00e0 l\u2019Assembl\u00e9e &#8211; \u00e0 ce que Jean-Luc M\u00e9lenchon soit Premier ministre, car si nous avons la majorit\u00e9 \u00e0 l\u2019Assembl\u00e9e, Emmanuel Macron devra laisser le pouvoir \u00e0 la Nouvelle Union Populaire Ecologique et Sociale.\u00a0\u00bb<br \/>\n\u00ab\u00a0Ce qui est beau et chouette, c\u2019est que l\u2019espoir n\u2019est pas redescendu, les gens se disent qu\u2019il est possible de prendre le pouvoir \u00e0 Macron dans un 3eme tour.\u00a0\u00bb<br \/>\n\u00ab\u00a0Il faut rappeler qu\u2019Emmanuel Macron a \u00e9t\u00e9 \u00e9lu par 1 Fran\u00e7ais sur 3. C\u2019est le plus mal \u00e9lu depuis 1969, et par ailleurs, il y a eu un vote de barrage face \u00e0 lui. Il vient d\u2019essuyer deux refus pour le poste de Premier ministre, ce n\u2019est pas rien.\u00a0\u00bb<br \/>\n\u00ab\u00a0Apr\u00e8s, je pense que le bloc bourgeois lib\u00e9ral est solide, donc tout l\u2019enjeu est de consolider et d\u2019\u00e9largir le bloc populaire. C\u2019est clair que cela va maintenant \u00eatre une lutte de classes\u00a0\u00bb<br \/>\n\u00ab\u00a0L\u2019ambition est de cr\u00e9er du commun, de d\u00e9passer nos logiques d\u2019appareils, de m\u00e9langer nos cultures, de mieux se conna\u00eetre localement et nationalement. J\u2019insiste sur la question des forces sociales, de ceux qui viennent du monde associatif, syndical ou encore du monde de la culture. C\u2019est par ces alliances-l\u00e0, qui ne sont pas ancr\u00e9es dans des logiques d\u2019appareils, que nous pouvons d\u00e9passer les clivages\u00a0\u00bb<br \/>\n\u00ab\u00a0Si j\u2019ai rejoint la France Insoumise c\u2019est aussi car c\u2019est une force qui est tr\u00e8s pr\u00e9sente dans les mouvements sociaux depuis tr\u00e8s longtemps, et donc la greffe s\u2019est faite tr\u00e8s facilement \u00bb<br \/>\n\u00ab\u00a0Ce n\u2019est pas un accord \u00e9lectoral, c\u2019est d\u2019abord un accord strat\u00e9gique\u00a0et programmatique \u00bb<br \/>\n\u00ab\u00a0Je sais qu\u2019il y a des discussions aux NPA et qu\u2019il est possible qu\u2019il y ait un accord m\u00eame si le PS est dedans. Je veux leur dire que c\u2019est un nouveau PS \u00e0 qui nous avons affaire, il y a eu une clarification politique sans laquelle on ne serait pas tomb\u00e9 d\u2019accord. Nous avons en commun l\u2019id\u00e9e d\u2019une gauche de rupture\u00a0\u00bb<br \/>\n\u00ab\u00a0L\u2019objectif principal est de gagner et de faire en sorte de transformer la vie des gens. Ce qui se joue l\u00e0, c\u2019est la retraite \u00e0 60 ans ou \u00e0 65, c\u2019est de bosser 20 heures gratuites au RSA par semaine ou pas, c\u2019est la destruction de l\u2019\u00e9cole publique ou non. La question est donc pos\u00e9e est ce que l\u2019on est pr\u00eat \u00e0 cet \u00e9largissement pour cela ou non\u00a0\u00bb\u00a0<div id='gallery-1' class='gallery galleryid-13552 gallery-columns-3 gallery-size-thumbnail'><figure class='gallery-item'>\n\t\t\t<div class='gallery-icon landscape'>\n\t\t\t\t<a href='https:\/\/archives.regards.fr\/wp-content\/uploads\/2022\/05\/article_midinale-73-666.png'><img loading=\"lazy\" decoding=\"async\" width=\"150\" height=\"150\" src=\"https:\/\/archives.regards.fr\/wp-content\/uploads\/2022\/05\/article_midinale-73-666-150x150.png\" class=\"attachment-thumbnail size-thumbnail\" alt=\"article_midinale-73.png\" \/><\/a>\n\t\t\t<\/div><\/figure>\n\t\t<\/div>\n<\/p>\n","protected":false},"excerpt":{"rendered":"<p>Apr\u00e8s de longues nuits de n\u00e9gociation, la Nouvelle Union Populaire Ecologique et Sociale s\u2019\u00e9largit d\u00e9sormais au Parti socialiste qui doit encore convoquer ses instances pour valider l\u2019accord. Aur\u00e9lie Trouv\u00e9, pr\u00e9sidente du Parlement de l&#8217;Union Populaire, est l\u2019invit\u00e9e de #LaMidinale.<\/p>\n","protected":false},"author":1204,"featured_media":31944,"comment_status":"open","ping_status":"open","sticky":false,"template":"","format":"standard","meta":{"_themeisle_gutenberg_block_has_review":false,"footnotes":""},"categories":[238],"tags":[293,295],"class_list":["post-13552","post","type-post","status-publish","format-standard","has-post-thumbnail","hentry","category-la-midinale","tag-entretien","tag-nupes"],"_links":{"self":[{"href":"https:\/\/archives.regards.fr\/index.php?rest_route=\/wp\/v2\/posts\/13552","targetHints":{"allow":["GET"]}}],"collection":[{"href":"https:\/\/archives.regards.fr\/index.php?rest_route=\/wp\/v2\/posts"}],"about":[{"href":"https:\/\/archives.regards.fr\/index.php?rest_route=\/wp\/v2\/types\/post"}],"author":[{"embeddable":true,"href":"https:\/\/archives.regards.fr\/index.php?rest_route=\/wp\/v2\/users\/1204"}],"replies":[{"embeddable":true,"href":"https:\/\/archives.regards.fr\/index.php?rest_route=%2Fwp%2Fv2%2Fcomments&post=13552"}],"version-history":[{"count":0,"href":"https:\/\/archives.regards.fr\/index.php?rest_route=\/wp\/v2\/posts\/13552\/revisions"}],"wp:featuredmedia":[{"embeddable":true,"href":"https:\/\/archives.regards.fr\/index.php?rest_route=\/wp\/v2\/media\/31944"}],"wp:attachment":[{"href":"https:\/\/archives.regards.fr\/index.php?rest_route=%2Fwp%2Fv2%2Fmedia&parent=13552"}],"wp:term":[{"taxonomy":"category","embeddable":true,"href":"https:\/\/archives.regards.fr\/index.php?rest_route=%2Fwp%2Fv2%2Fcategories&post=13552"},{"taxonomy":"post_tag","embeddable":true,"href":"https:\/\/archives.regards.fr\/index.php?rest_route=%2Fwp%2Fv2%2Ftags&post=13552"}],"curies":[{"name":"wp","href":"https:\/\/api.w.org\/{rel}","templated":true}]}}