{"id":13549,"date":"2022-05-04T11:34:43","date_gmt":"2022-05-04T09:34:43","guid":{"rendered":"https:\/\/wp.muchomaas.com\/article-debrief-nupes-la-gauche-is-back\/"},"modified":"2023-06-24T00:27:36","modified_gmt":"2023-06-23T22:27:36","slug":"article-debrief-nupes-la-gauche-is-back","status":"publish","type":"post","link":"https:\/\/archives.regards.fr\/?p=13549","title":{"rendered":"#D\u00c9BRIEF. NUPES : la gauche is back"},"content":{"rendered":"<p class=\"post_excerpt\">Accord pour les \u00e9lections l\u00e9gislatives en voie de finalisation entre LFI, le PS, EELV et le PCF. On d\u00e9briefe avec Catherine Tricot, Pierre Jacquemain et Pablo Pillaud-Vivien.<\/p>\n<p><iframe loading=\"lazy\" width=\"490\" height=\"276\" src=\"https:\/\/www.youtube.com\/embed\/z52tHB_Ee0k\" title=\"YouTube video player\" frameborder=\"0\" allow=\"accelerometer; autoplay; clipboard-write; encrypted-media; gyroscope; picture-in-picture\" allowfullscreen><\/iframe><div id='gallery-1' class='gallery galleryid-13549 gallery-columns-3 gallery-size-thumbnail'><figure class='gallery-item'>\n\t\t\t<div class='gallery-icon landscape'>\n\t\t\t\t<a href='https:\/\/archives.regards.fr\/wp-content\/uploads\/2022\/05\/ed768aec89a1d03ed7fb866d985e5a_1_-fef.png'><img loading=\"lazy\" decoding=\"async\" width=\"150\" height=\"150\" src=\"https:\/\/archives.regards.fr\/wp-content\/uploads\/2022\/05\/ed768aec89a1d03ed7fb866d985e5a_1_-fef-150x150.png\" class=\"attachment-thumbnail size-thumbnail\" alt=\"ed768aec89a1d03ed7fb866d985e5a_1_.png\" \/><\/a>\n\t\t\t<\/div><\/figure>\n\t\t<\/div>\n<\/p>\n","protected":false},"excerpt":{"rendered":"<p>Accord pour les \u00e9lections l\u00e9gislatives en voie de finalisation entre LFI, le PS, EELV et le PCF. On d\u00e9briefe avec Catherine Tricot, Pierre Jacquemain et Pablo Pillaud-Vivien.<\/p>\n","protected":false},"author":1204,"featured_media":31924,"comment_status":"open","ping_status":"open","sticky":false,"template":"","format":"standard","meta":{"_themeisle_gutenberg_block_has_review":false,"footnotes":""},"categories":[279],"tags":[521,295],"class_list":["post-13549","post","type-post","status-publish","format-standard","has-post-thumbnail","hentry","category-videos","tag-legislatives-2022","tag-nupes"],"_links":{"self":[{"href":"https:\/\/archives.regards.fr\/index.php?rest_route=\/wp\/v2\/posts\/13549","targetHints":{"allow":["GET"]}}],"collection":[{"href":"https:\/\/archives.regards.fr\/index.php?rest_route=\/wp\/v2\/posts"}],"about":[{"href":"https:\/\/archives.regards.fr\/index.php?rest_route=\/wp\/v2\/types\/post"}],"author":[{"embeddable":true,"href":"https:\/\/archives.regards.fr\/index.php?rest_route=\/wp\/v2\/users\/1204"}],"replies":[{"embeddable":true,"href":"https:\/\/archives.regards.fr\/index.php?rest_route=%2Fwp%2Fv2%2Fcomments&post=13549"}],"version-history":[{"count":0,"href":"https:\/\/archives.regards.fr\/index.php?rest_route=\/wp\/v2\/posts\/13549\/revisions"}],"wp:featuredmedia":[{"embeddable":true,"href":"https:\/\/archives.regards.fr\/index.php?rest_route=\/wp\/v2\/media\/31924"}],"wp:attachment":[{"href":"https:\/\/archives.regards.fr\/index.php?rest_route=%2Fwp%2Fv2%2Fmedia&parent=13549"}],"wp:term":[{"taxonomy":"category","embeddable":true,"href":"https:\/\/archives.regards.fr\/index.php?rest_route=%2Fwp%2Fv2%2Fcategories&post=13549"},{"taxonomy":"post_tag","embeddable":true,"href":"https:\/\/archives.regards.fr\/index.php?rest_route=%2Fwp%2Fv2%2Ftags&post=13549"}],"curies":[{"name":"wp","href":"https:\/\/api.w.org\/{rel}","templated":true}]}}