{"id":13547,"date":"2022-05-03T12:10:36","date_gmt":"2022-05-03T10:10:36","guid":{"rendered":"https:\/\/wp.muchomaas.com\/article-simon-duteil-le-premier-debouche-politique-des-mobilisations-sociales-c-est-d\/"},"modified":"2023-06-24T00:27:32","modified_gmt":"2023-06-23T22:27:32","slug":"article-simon-duteil-le-premier-debouche-politique-des-mobilisations-sociales-c-est-d","status":"publish","type":"post","link":"https:\/\/archives.regards.fr\/?p=13547","title":{"rendered":"Simon Duteil : \u00ab Le premier d\u00e9bouch\u00e9 politique des mobilisations sociales c\u2019est d&#8217;abord des victoires sur les luttes \u00bb"},"content":{"rendered":"<p class=\"post_excerpt\">Lendemain de 1er mai, f\u00eate internationale des droits des travailleurs et travailleuses, peut-on se diriger vers un troisi\u00e8me tour social ? Simon Duteil, porte-parole de Solidaires, est l\u2019invit\u00e9 de #LaMidinale.<\/p>\n<h2>UNE MIDINALE \u00c0 VOIR&#8230;<\/h2>\n<p><iframe loading=\"lazy\" width=\"490\" height=\"276\" src=\"https:\/\/www.youtube.com\/embed\/7-a-3REi7TY\" title=\"YouTube video player\" frameborder=\"0\" allow=\"accelerometer; autoplay; clipboard-write; encrypted-media; gyroscope; picture-in-picture\" allowfullscreen><\/iframe><\/p>\n<p>&nbsp;<\/p>\n<p><h2>ET \u00c0 LIRE&#8230;<\/h2>\n<p><em> <strong>Sur le troisi\u00e8me tour social<\/strong> <\/em><br \/>\n\u00ab Pour nous, \u00e7a n\u2019est pas un troisi\u00e8me tour. Nous avons \u00e9t\u00e9 l\u00e0 avant l\u2019\u00e9lection pr\u00e9sidentielle, pendant &#8211; notamment mobilis\u00e9s contre l\u2019extr\u00eame droite &#8211; et nous serons pr\u00e9sents apr\u00e8s. \u00bb<br \/>\n\u00ab On peut penser que la p\u00e9riode est propice \u00e0 des mobilisations sociales fortes. Au moins pour trois aspects : 1- La question des salaires et des minima sociaux &#8211; il y a un appauvrissement de millions de personnes qui ne date pas d\u2019il y a quelques semaines -. 2- La volont\u00e9 d\u2019attaquer nos retraites et nos protections sociales. 3- La crise \u00e9cologique (\u2026). Tout \u00e7a, \u00e7a peut faire des ingr\u00e9dients favorables pour des mobilisations sociales. \u00bb<\/p>\n<p><em> <strong>Sur le bilan du 1er mai<\/strong> <\/em><br \/>\n\u00ab On n\u2019a pas encore tir\u00e9 de bilan collectif du 1er mai qui s\u2019est d\u00e9roul\u00e9 dimanche dernier. \u00bb<br \/>\n\u00ab Le 1er mai n\u2019\u00e9tait pas plat. Il n\u2019\u00e9tait pas non plus totalement extraordinaire, c\u2019est \u00e9vident, mais il y avait du monde et surtout, il n\u2019y avait pas que des permanents syndicalistes. \u00bb<br \/>\n\u00ab Le 1er mai cette ann\u00e9e est tomb\u00e9 un dimanche et c\u2019est pas un jour pratique pour mobiliser. Par ailleurs, c\u2019est les vacances pour plusieurs zones. \u00bb<br \/>\n\u00ab On sort aussi d\u2019un moment Covid qui a fait perdre des r\u00e9flexes collectifs en terme de participation \u00e0 des manifestations. \u00bb<br \/>\n\u00ab Dans les grandes villes, on a encore du mal \u00e0 venir aux manifestations avec des enfants parce qu\u2019on se souvient des attaques violentes des forces de l\u2019ordre et \u00e7a ne permet pas encore de venir de mani\u00e8re sereine aux manifestations. \u00bb<\/p>\n<p><em> <strong>Sur le contexte \u00e9conomique et social<\/strong> <\/em><br \/>\n\u00ab C\u2019est compliqu\u00e9 d\u2019anticiper les destructions d\u2019emplois \u00e0 venir. \u00bb<br \/>\n\u00ab Ce qu\u2019on redoute le plus en ce moment, c\u2019est que l\u2019\u00e9cart continue de se creuser dans l\u2019accaparement des richesses. \u00bb<br \/>\n\u00ab Ce qu\u2019on voit depuis des d\u00e9cennies, c\u2019est que sur les richesses produites, il y a un accaparement de plus en plus grand de la part du patronat et des actionnaires. \u00bb<\/p>\n<p><em> <strong>Sur les emplois non pourvus<\/strong> <\/em><br \/>\n\u00ab Les salaires peu attractifs n\u2019aident pas \u00e0 pourvoir certains emplois. L\u2019autre aspect, c\u2019est les conditions de travail : il n\u2019y a pas juste ce qu\u2019on touche \u00e0 la fin du mois, il y a aussi la fa\u00e7on dont on travaille et il y a plein de secteurs et milieux o\u00f9 le travail est d\u00e9grad\u00e9. \u00bb<br \/>\n\u00ab Le gouvernement nous explique qu\u2019on approche du plein emploi mais il a tendance \u00e0 oublier que d\u2019une part il y a beaucoup de gens radi\u00e9s qui disparaissent des statistiques du ch\u00f4mage. D\u2019autre part, il y a beaucoup d\u2019emplois qui sont de tr\u00e8s mauvaises qualit\u00e9s et avec la r\u00e9forme de l\u2019assurance ch\u00f4mage on oblige beaucoup de monde a accepter des boulots de merde. Enfin, il y a des gens qui sont oblig\u00e9s d\u2019accepter tout \u00e7a, de part leur statut et je pense aux travailleurs sans papiers qui se retrouvent sur des emplois sous pay\u00e9s avec des conditions de travail hyper d\u00e9grad\u00e9es. \u00bb<\/p>\n<p><em> <strong>Sur l\u2019inflation et la hausse des prix<\/strong> <\/em><br \/>\n\u00ab On souhaite une hausse des salaires. On est pour un SMIC \u00e0 1700 euros nets et pas de pension de retraite en dessous du SMIC. \u00bb<br \/>\n\u00ab L\u2019enjeu, c\u2019est quand m\u00eame de donner les moyens \u00e0 tous de vivre et non de survivre. \u00bb<br \/>\n\u00ab Il faut une augmentation imm\u00e9diate des salaires de 400 euros. \u00bb<br \/>\n\u00ab Il faut limiter les revenus de 1 \u00e0 5. \u00bb<\/p>\n<p><em> <strong>Sur la r\u00e9forme des retraites<\/strong> <\/em><br \/>\n\u00ab On se pr\u00e9pare \u00e0 tout de la part du gouvernement. \u00bb<br \/>\n\u00ab On veut aller vers un maximum de salari\u00e9s pour leur r\u00e9-expliquer ce qu\u2019est notre syst\u00e8me de protection sociale et o\u00f9 sont les mensonges du gouvernement. \u00bb<br \/>\n\u00ab On va aussi se pr\u00e9parer avec d\u2019autres syndicats \u00e0 faire face s\u2019il y a n\u00e9cessit\u00e9. \u00bb<br \/>\n\u00ab Le dialogue social avec le gouvernement ressemble souvent \u00e0 de la soumission sociale. \u00bb<\/p>\n<p><em> <strong>Sur les accords de la gauche et des \u00e9cologistes aux l\u00e9gislatives<\/strong> <\/em><br \/>\n\u00ab Le premier d\u00e9bouch\u00e9 politique des mobilisations sociales c\u2019est des victoires sur les luttes. \u00bb<br \/>\n\u00ab On pr\u00e9f\u00e8re un gouvernement qui affiche qu\u2019il veut \u00eatre progressiste. \u00bb<br \/>\n\u00ab Le mouvement syndical n\u2019oublie pas ce qu\u2019il s\u2019est pass\u00e9 en 1983 ou plus r\u00e9cemment ce qu\u2019il s\u2019est pass\u00e9 en Gr\u00e8ce avec Alexis Tsipras. Il y a toujours les promesses et puis la r\u00e9alit\u00e9 derri\u00e8re. \u00bb<br \/>\n\u00ab En tant que travailleurs et travailleuses organis\u00e9.e.s, il y a en a qui participent aux \u00e9lections. \u00bb<br \/>\n\u00ab La s\u00e9quence aux l\u00e9gislatives se finit le 19 juin et nous, en tant que travailleurs organis\u00e9s, notre s\u00e9quence ne s\u2019arr\u00eate pas le 19 juin. \u00bb<\/p>\n<p><em> <strong>Sur le social et le politique<\/strong> <\/em><br \/>\n\u00ab En tant que syndicalistes, on fait de la politique. On ne pense pas que la politique, c\u2019est juste des \u00e9lections. \u00bb<br \/>\n\u00ab Plus Jamais \u00c7a \u00e9tait une coalition d\u2019associations et de syndicats. Pas avec des organisations politiques m\u00eame si on a des liens, des passerelles et qu\u2019on discute. \u00bb<br \/>\n\u00ab On n\u2019est pas en 1936. \u00bb<br \/>\n\u00ab Ce qu\u2019on veut, c\u2019est construire les choses par les luttes. \u00bb<br \/>\n\u00ab Le c\u0153ur du pouvoir est \u00e9conomique. \u00bb<div id='gallery-1' class='gallery galleryid-13547 gallery-columns-3 gallery-size-thumbnail'><figure class='gallery-item'>\n\t\t\t<div class='gallery-icon landscape'>\n\t\t\t\t<a href='https:\/\/archives.regards.fr\/wp-content\/uploads\/2022\/05\/article_midinale-70-21c.png'><img loading=\"lazy\" decoding=\"async\" width=\"150\" height=\"150\" src=\"https:\/\/archives.regards.fr\/wp-content\/uploads\/2022\/05\/article_midinale-70-21c-150x150.png\" class=\"attachment-thumbnail size-thumbnail\" alt=\"article_midinale-70.png\" \/><\/a>\n\t\t\t<\/div><\/figure>\n\t\t<\/div>\n<\/p>\n","protected":false},"excerpt":{"rendered":"<p>Lendemain de 1er mai, f\u00eate internationale des droits des travailleurs et travailleuses, peut-on se diriger vers un troisi\u00e8me tour social ? Simon Duteil, porte-parole de Solidaires, est l\u2019invit\u00e9 de #LaMidinale.<\/p>\n","protected":false},"author":1039,"featured_media":31928,"comment_status":"open","ping_status":"open","sticky":false,"template":"","format":"standard","meta":{"_themeisle_gutenberg_block_has_review":false,"footnotes":""},"categories":[238],"tags":[293],"class_list":["post-13547","post","type-post","status-publish","format-standard","has-post-thumbnail","hentry","category-la-midinale","tag-entretien"],"_links":{"self":[{"href":"https:\/\/archives.regards.fr\/index.php?rest_route=\/wp\/v2\/posts\/13547","targetHints":{"allow":["GET"]}}],"collection":[{"href":"https:\/\/archives.regards.fr\/index.php?rest_route=\/wp\/v2\/posts"}],"about":[{"href":"https:\/\/archives.regards.fr\/index.php?rest_route=\/wp\/v2\/types\/post"}],"author":[{"embeddable":true,"href":"https:\/\/archives.regards.fr\/index.php?rest_route=\/wp\/v2\/users\/1039"}],"replies":[{"embeddable":true,"href":"https:\/\/archives.regards.fr\/index.php?rest_route=%2Fwp%2Fv2%2Fcomments&post=13547"}],"version-history":[{"count":0,"href":"https:\/\/archives.regards.fr\/index.php?rest_route=\/wp\/v2\/posts\/13547\/revisions"}],"wp:featuredmedia":[{"embeddable":true,"href":"https:\/\/archives.regards.fr\/index.php?rest_route=\/wp\/v2\/media\/31928"}],"wp:attachment":[{"href":"https:\/\/archives.regards.fr\/index.php?rest_route=%2Fwp%2Fv2%2Fmedia&parent=13547"}],"wp:term":[{"taxonomy":"category","embeddable":true,"href":"https:\/\/archives.regards.fr\/index.php?rest_route=%2Fwp%2Fv2%2Fcategories&post=13547"},{"taxonomy":"post_tag","embeddable":true,"href":"https:\/\/archives.regards.fr\/index.php?rest_route=%2Fwp%2Fv2%2Ftags&post=13547"}],"curies":[{"name":"wp","href":"https:\/\/api.w.org\/{rel}","templated":true}]}}