{"id":13542,"date":"2022-04-29T15:35:34","date_gmt":"2022-04-29T13:35:34","guid":{"rendered":"https:\/\/wp.muchomaas.com\/article-on-ne-fait-pas-campagne-pour-melenchon-mais-pour-un-front-populaire-victorieux\/"},"modified":"2023-06-24T00:27:31","modified_gmt":"2023-06-23T22:27:31","slug":"article-on-ne-fait-pas-campagne-pour-melenchon-mais-pour-un-front-populaire-victorieux","status":"publish","type":"post","link":"https:\/\/archives.regards.fr\/?p=13542","title":{"rendered":"\u00ab On ne fait pas campagne pour M\u00e9lenchon mais pour un front populaire victorieux \u00bb"},"content":{"rendered":"<p class=\"post_excerpt\">Les discussions \u00e0 gauche se poursuivent autour de l\u2019Union populaire en vue d\u2019un accord aux l\u00e9gislatives. Quelle place pour les communistes, partenaires historiques de Jean-Luc M\u00e9lenchon ? Guillaume Roubaud-Quashie, porte-parole de Fabien Roussel et membre de l&#8217;ex\u00e9cutif national du PCF, est l\u2019invit\u00e9 de #LaMidinale.<\/p>\n<h2>UNE MIDINALE \u00c0 VOIR&#8230;<\/h2>\n<p><iframe loading=\"lazy\" width=\"490\" height=\"276\" src=\"https:\/\/www.youtube.com\/embed\/pmBE08NV1Zk\" title=\"YouTube video player\" frameborder=\"0\" allow=\"accelerometer; autoplay; clipboard-write; encrypted-media; gyroscope; picture-in-picture\" allowfullscreen><\/iframe><\/p>\n<p>&nbsp;<\/p>\n<p><h2>ET \u00c0 LIRE&#8230;<\/h2>\n<p><em> <strong>Sur la candidature de Fabien Roussel<\/strong> <\/em><br \/>\n\u00ab La candidature de Fabien Roussel a permis de porter une autre voix dans le d\u00e9bat politique. \u00bb<br \/>\n\u00ab Fabien Roussel a r\u00e9ussi \u00e0 imposer des questions importantes. \u00bb<br \/>\n\u00ab La gauche a gagn\u00e9 quatre points. \u00bb<br \/>\n\u00ab Nous avons augment\u00e9 la part du g\u00e2teau en y mettant des ingr\u00e9dients substantiels. \u00bb<br \/>\n\u00ab Il est injuste de consid\u00e9rer que nos voix ont manqu\u00e9 \u00e0 Jean-Luc M\u00e9lenchon [pour qu\u2019il passe le second tour]. \u00bb<br \/>\n\u00ab L\u2019important pour nous \u00e9tait de ramener des gens des milieux populaires dans le jeu politique. \u00bb<br \/>\n\u00ab Fabien Roussel n\u2019est pas rest\u00e9 le candidat du PCF en \u00e9tant rejoint par d\u2019autres organisations politiques de gauche. \u00bb<br \/>\n\u00ab Roussel a donn\u00e9 des \u00e9l\u00e9ments de ce que pouvait \u00eatre un communisme du XXIe si\u00e8cle. \u00bb<br \/>\n\u00ab \u00c0 gauche, \u00e0 part les communistes, personne n\u2019envisage de nationaliser les banques &#8211; au moins les deux plus grandes, la Soci\u00e9t\u00e9 g\u00e9n\u00e9rale et la BNP. \u00bb<br \/>\n\u00ab La question des pouvoirs donn\u00e9s aux salari\u00e9s dans l\u2019entreprise est une question importante que je n\u2019ai pas beaucoup retrouv\u00e9 dans les autres programmes de gauche. \u00bb<br \/>\n\u00ab Nous [les communistes] avons donn\u00e9 l\u2019habitude \u00e0 nos \u00e9lecteurs de voter Jean-Luc M\u00e9lenchon. \u00bb<\/p>\n<p><em> <strong>Sur les accords de la gauche et des \u00e9cologistes aux l\u00e9gislatives<\/strong> <\/em><br \/>\n\u00ab Pour ces \u00e9lections, le mode de scrutin rend possible la perspective d\u2019une victoire. \u00bb<br \/>\n\u00ab Dans une situation tr\u00e8s instable o\u00f9 Macron a \u00e9t\u00e9 \u00e9lu avec un enthousiasme tr\u00e8s mod\u00e9r\u00e9, il y a des possibilit\u00e9s de gagner. \u00bb<br \/>\n\u00ab Nous devons travailler circonscription par circonscription pour voir comment on peut faire pour gagner. \u00bb<br \/>\n\u00ab Les communistes ont beaucoup de choses \u00e0 apporter sur le fond mais aussi sur la forme. \u00bb<br \/>\n\u00ab Si on veut gagner, il faut r\u00e9fl\u00e9chir \u00e0 l\u2019\u00e9chelle des circonscriptions, l\u00e0 o\u00f9 les communistes ont un ancrage. \u00bb<br \/>\n\u00ab S\u2019il y a bien des gens qui peuvent apporter des choses dans le monde dans lequel on vit aujourd\u2019hui, c\u2019est bien les communistes. \u00bb<br \/>\n\u00ab \u00c0 gauche, tout le monde n\u2019aime pas M\u00e9lenchon. Il faut donner de la place aux autres. \u00bb<br \/>\n\u00ab On ne fait pas campagne pour M\u00e9lenchon mais pour un front populaire victorieux. \u00bb<br \/>\n\u00ab On ne veut pas des calculs boutiquiers. \u00bb<br \/>\n\u00ab On ne demande pas un accord \u00e0 50\/50 ni m\u00eame un rapport de un \u00e0 cinq, on veut un accord gagnant. \u00bb<\/p>\n<p><em> <strong>Sur la ligne identitaire du PCF<\/strong> <\/em><br \/>\n\u00ab On esp\u00e8re un accord [aux l\u00e9gislatives] le plus rapide possible. \u00bb<br \/>\n\u00ab Le congr\u00e8s avait donn\u00e9 une orientation. Cette orientation est maintenue. On esp\u00e8re signer un accord le plus vite possible et il n\u2019est pas question de remettre en cause notre orientation qui est d\u2019\u00eatre un PCF le plus utile possible. \u00bb<div id='gallery-1' class='gallery galleryid-13542 gallery-columns-3 gallery-size-thumbnail'><figure class='gallery-item'>\n\t\t\t<div class='gallery-icon landscape'>\n\t\t\t\t<a href='https:\/\/archives.regards.fr\/wp-content\/uploads\/2022\/04\/article_midinale-68-dae.png'><img loading=\"lazy\" decoding=\"async\" width=\"150\" height=\"150\" src=\"https:\/\/archives.regards.fr\/wp-content\/uploads\/2022\/04\/article_midinale-68-dae-150x150.png\" class=\"attachment-thumbnail size-thumbnail\" alt=\"article_midinale-68.png\" \/><\/a>\n\t\t\t<\/div><\/figure>\n\t\t<\/div>\n<\/p>\n","protected":false},"excerpt":{"rendered":"<p>Les discussions \u00e0 gauche se poursuivent autour de l\u2019Union populaire en vue d\u2019un accord aux l\u00e9gislatives. Quelle place pour les communistes, partenaires historiques de Jean-Luc M\u00e9lenchon ? Guillaume Roubaud-Quashie, porte-parole de Fabien Roussel et membre de l&#8217;ex\u00e9cutif national du PCF, est l\u2019invit\u00e9 de #LaMidinale.<\/p>\n","protected":false},"author":1204,"featured_media":31920,"comment_status":"open","ping_status":"open","sticky":false,"template":"","format":"standard","meta":{"_themeisle_gutenberg_block_has_review":false,"footnotes":""},"categories":[238],"tags":[293,521,295],"class_list":["post-13542","post","type-post","status-publish","format-standard","has-post-thumbnail","hentry","category-la-midinale","tag-entretien","tag-legislatives-2022","tag-nupes"],"_links":{"self":[{"href":"https:\/\/archives.regards.fr\/index.php?rest_route=\/wp\/v2\/posts\/13542","targetHints":{"allow":["GET"]}}],"collection":[{"href":"https:\/\/archives.regards.fr\/index.php?rest_route=\/wp\/v2\/posts"}],"about":[{"href":"https:\/\/archives.regards.fr\/index.php?rest_route=\/wp\/v2\/types\/post"}],"author":[{"embeddable":true,"href":"https:\/\/archives.regards.fr\/index.php?rest_route=\/wp\/v2\/users\/1204"}],"replies":[{"embeddable":true,"href":"https:\/\/archives.regards.fr\/index.php?rest_route=%2Fwp%2Fv2%2Fcomments&post=13542"}],"version-history":[{"count":0,"href":"https:\/\/archives.regards.fr\/index.php?rest_route=\/wp\/v2\/posts\/13542\/revisions"}],"wp:featuredmedia":[{"embeddable":true,"href":"https:\/\/archives.regards.fr\/index.php?rest_route=\/wp\/v2\/media\/31920"}],"wp:attachment":[{"href":"https:\/\/archives.regards.fr\/index.php?rest_route=%2Fwp%2Fv2%2Fmedia&parent=13542"}],"wp:term":[{"taxonomy":"category","embeddable":true,"href":"https:\/\/archives.regards.fr\/index.php?rest_route=%2Fwp%2Fv2%2Fcategories&post=13542"},{"taxonomy":"post_tag","embeddable":true,"href":"https:\/\/archives.regards.fr\/index.php?rest_route=%2Fwp%2Fv2%2Ftags&post=13542"}],"curies":[{"name":"wp","href":"https:\/\/api.w.org\/{rel}","templated":true}]}}